{"id":15771,"date":"2016-07-14T17:18:00","date_gmt":"2016-07-14T20:18:00","guid":{"rendered":"http:\/\/www.blogdaandreasimonetti.com.br\/?p=15771"},"modified":"2018-05-25T08:52:07","modified_gmt":"2018-05-25T11:52:07","slug":"fast-news-12","status":"publish","type":"post","link":"https:\/\/andreasimonetti.com.br\/blog\/fast-news-12\/","title":{"rendered":"Fast News !!"},"content":{"rendered":"<p>Essa semana foi inaugurada em Bauru a <a href=\"http:\/\/oftalmocenterbauru.com.br\/site\/\">Clinica Oftalmocenter<\/a> com \u00a0delicioso coquetel para os convidados. Na foto os m\u00e9dicos propriet\u00e1rios : Dr.Magno Miguel Garcia e sua esposa Roberta Lambertini e Dr. Luis Gustavo Biteli e sua esposa Lelli Bitelli.<\/p>\n<p><img loading=\"lazy\" decoding=\"async\" class=\"alignnone size-full wp-image-15772\" src=\"http:\/\/www.blogdaandreasimonetti.com.br\/wp-content\/uploads\/2016\/07\/13654265_1140477172682884_2698840533728275721_n-1.jpg\" alt=\"13654265_1140477172682884_2698840533728275721_n (1)\" width=\"960\" height=\"640\" srcset=\"https:\/\/andreasimonetti.com.br\/blog\/wp-content\/uploads\/2016\/07\/13654265_1140477172682884_2698840533728275721_n-1.jpg 960w, https:\/\/andreasimonetti.com.br\/blog\/wp-content\/uploads\/2016\/07\/13654265_1140477172682884_2698840533728275721_n-1-300x200.jpg 300w, https:\/\/andreasimonetti.com.br\/blog\/wp-content\/uploads\/2016\/07\/13654265_1140477172682884_2698840533728275721_n-1-768x512.jpg 768w, https:\/\/andreasimonetti.com.br\/blog\/wp-content\/uploads\/2016\/07\/13654265_1140477172682884_2698840533728275721_n-1-140x94.jpg 140w\" sizes=\"auto, (max-width: 960px) 100vw, 960px\" \/><\/p>\n<p>Para comemorar o anivers\u00e1rio de Bauru, o site Social Bauru est\u00e1 organizando um evento super bacana, o Social Bauru Festival. <a href=\"http:\/\/oftalmocenterbauru.com.br\/site\/\">Clique aqui<\/a>\u00a0para mais detalhes.\u00a0<img loading=\"lazy\" decoding=\"async\" class=\"alignnone wp-image-15773\" src=\"http:\/\/www.blogdaandreasimonetti.com.br\/wp-content\/uploads\/2016\/07\/13718741_1141637752566826_469113351193304329_n.png\" alt=\"13718741_1141637752566826_469113351193304329_n\" width=\"700\" height=\"700\" srcset=\"https:\/\/andreasimonetti.com.br\/blog\/wp-content\/uploads\/2016\/07\/13718741_1141637752566826_469113351193304329_n.png 480w, https:\/\/andreasimonetti.com.br\/blog\/wp-content\/uploads\/2016\/07\/13718741_1141637752566826_469113351193304329_n-150x150.png 150w, https:\/\/andreasimonetti.com.br\/blog\/wp-content\/uploads\/2016\/07\/13718741_1141637752566826_469113351193304329_n-300x300.png 300w, https:\/\/andreasimonetti.com.br\/blog\/wp-content\/uploads\/2016\/07\/13718741_1141637752566826_469113351193304329_n-240x240.png 240w, https:\/\/andreasimonetti.com.br\/blog\/wp-content\/uploads\/2016\/07\/13718741_1141637752566826_469113351193304329_n-96x96.png 96w, https:\/\/andreasimonetti.com.br\/blog\/wp-content\/uploads\/2016\/07\/13718741_1141637752566826_469113351193304329_n-121x121.png 121w, https:\/\/andreasimonetti.com.br\/blog\/wp-content\/uploads\/2016\/07\/13718741_1141637752566826_469113351193304329_n-60x60.png 60w, https:\/\/andreasimonetti.com.br\/blog\/wp-content\/uploads\/2016\/07\/13718741_1141637752566826_469113351193304329_n-184x184.png 184w\" sizes=\"auto, (max-width: 700px) 100vw, 700px\" \/><\/p>\n<p style=\"text-align: justify;\">A blogger <a href=\"https:\/\/mirellacabaz.com.br\/\">Mirella Cabaz<\/a> continua morando em Dublin\u00a0na Irlanda, onde posta diariamente lindos looks nas redes sociais. Aproveita amiga!!!<\/p>\n<p style=\"text-align: justify;\"><img loading=\"lazy\" decoding=\"async\" class=\"alignnone size-full wp-image-15774\" src=\"http:\/\/www.blogdaandreasimonetti.com.br\/wp-content\/uploads\/2016\/07\/mirella_rosas_phoenix_park_11.jpg\" alt=\"mirella_rosas_phoenix_park_11\" width=\"664\" height=\"1024\" srcset=\"https:\/\/andreasimonetti.com.br\/blog\/wp-content\/uploads\/2016\/07\/mirella_rosas_phoenix_park_11.jpg 664w, https:\/\/andreasimonetti.com.br\/blog\/wp-content\/uploads\/2016\/07\/mirella_rosas_phoenix_park_11-195x300.jpg 195w\" sizes=\"auto, (max-width: 664px) 100vw, 664px\" \/><\/p>\n<p style=\"text-align: justify;\">Ontem foi anivers\u00e1rio do fot\u00f3grafo e rela\u00e7\u00f5es p\u00fablicas Renan Casal. Ele comemorou \u00a0com amigos na Doceana em Bauru. Parab\u00e9ns Renan pelos 31 anos de vida!<\/p>\n<p><img loading=\"lazy\" decoding=\"async\" class=\"alignnone wp-image-15775\" src=\"http:\/\/www.blogdaandreasimonetti.com.br\/wp-content\/uploads\/2016\/07\/renan.jpg\" alt=\"renan\" width=\"700\" height=\"700\" srcset=\"https:\/\/andreasimonetti.com.br\/blog\/wp-content\/uploads\/2016\/07\/renan.jpg 700w, https:\/\/andreasimonetti.com.br\/blog\/wp-content\/uploads\/2016\/07\/renan-150x150.jpg 150w, https:\/\/andreasimonetti.com.br\/blog\/wp-content\/uploads\/2016\/07\/renan-300x300.jpg 300w, https:\/\/andreasimonetti.com.br\/blog\/wp-content\/uploads\/2016\/07\/renan-240x240.jpg 240w, https:\/\/andreasimonetti.com.br\/blog\/wp-content\/uploads\/2016\/07\/renan-96x96.jpg 96w, https:\/\/andreasimonetti.com.br\/blog\/wp-content\/uploads\/2016\/07\/renan-121x121.jpg 121w, https:\/\/andreasimonetti.com.br\/blog\/wp-content\/uploads\/2016\/07\/renan-60x60.jpg 60w, https:\/\/andreasimonetti.com.br\/blog\/wp-content\/uploads\/2016\/07\/renan-184x184.jpg 184w\" sizes=\"auto, (max-width: 700px) 100vw, 700px\" \/><\/p>\n<p>Michelle Svicero propriet\u00e1ria da\u00a0<a href=\"https:\/\/www.facebook.com\/misvicerobrecho\/\">Vintage Shop &#8211; by Mi Svicero<\/a> est\u00e1 passando sua lua de mel no Chile e quem acompanha sua p\u00e1gina no facebook esta adorando as fotos.<\/p>\n<p><img loading=\"lazy\" decoding=\"async\" class=\"alignnone size-full wp-image-15776\" src=\"http:\/\/www.blogdaandreasimonetti.com.br\/wp-content\/uploads\/2016\/07\/13680733_10206497094858563_5161289561091671469_n.jpg\" alt=\"13680733_10206497094858563_5161289561091671469_n\" width=\"849\" height=\"960\" srcset=\"https:\/\/andreasimonetti.com.br\/blog\/wp-content\/uploads\/2016\/07\/13680733_10206497094858563_5161289561091671469_n.jpg 849w, https:\/\/andreasimonetti.com.br\/blog\/wp-content\/uploads\/2016\/07\/13680733_10206497094858563_5161289561091671469_n-265x300.jpg 265w, https:\/\/andreasimonetti.com.br\/blog\/wp-content\/uploads\/2016\/07\/13680733_10206497094858563_5161289561091671469_n-768x868.jpg 768w\" sizes=\"auto, (max-width: 849px) 100vw, 849px\" \/><\/p>\n","protected":false},"excerpt":{"rendered":"<p>Essa semana foi inaugurada em Bauru a Clinica Oftalmocenter com \u00a0delicioso coquetel para os convidados. Na foto os m\u00e9dicos propriet\u00e1rios : Dr.Magno Miguel Garcia e sua esposa Roberta Lambertini e&hellip;<\/p>\n","protected":false},"author":7,"featured_media":15776,"comment_status":"open","ping_status":"open","sticky":false,"template":"","format":"standard","meta":{"_monsterinsights_skip_tracking":false,"_monsterinsights_sitenote_active":false,"_monsterinsights_sitenote_note":"","_monsterinsights_sitenote_category":0,"footnotes":""},"categories":[1508],"tags":[2331],"class_list":["post-15771","post","type-post","status-publish","format-standard","has-post-thumbnail","hentry","category-destaque","tag-fast-news"],"yoast_head":"<!-- This site is optimized with the Yoast SEO plugin v26.3 - https:\/\/yoast.com\/wordpress\/plugins\/seo\/ -->\n<title>Fast News !! - Andrea Simonetti<\/title>\n<meta name=\"robots\" content=\"index, follow, max-snippet:-1, max-image-preview:large, max-video-preview:-1\" \/>\n<link rel=\"canonical\" href=\"https:\/\/andreasimonetti.com.br\/blog\/fast-news-12\/\" \/>\n<meta property=\"og:locale\" content=\"pt_BR\" \/>\n<meta property=\"og:type\" content=\"article\" \/>\n<meta property=\"og:title\" content=\"Fast News !! - Andrea Simonetti\" \/>\n<meta property=\"og:description\" content=\"Essa semana foi inaugurada em Bauru a Clinica Oftalmocenter com \u00a0delicioso coquetel para os convidados. Na foto os m\u00e9dicos propriet\u00e1rios : Dr.Magno Miguel Garcia e sua esposa Roberta Lambertini e&hellip;\" \/>\n<meta property=\"og:url\" content=\"https:\/\/andreasimonetti.com.br\/blog\/fast-news-12\/\" \/>\n<meta property=\"og:site_name\" content=\"Andrea Simonetti\" \/>\n<meta property=\"article:publisher\" content=\"https:\/\/www.facebook.com\/blogdaandreasimonetti\/\" \/>\n<meta property=\"article:author\" content=\"https:\/\/www.facebook.com\/blogdaandreasimonetti\/\" \/>\n<meta property=\"article:published_time\" content=\"2016-07-14T20:18:00+00:00\" \/>\n<meta property=\"article:modified_time\" content=\"2018-05-25T11:52:07+00:00\" \/>\n<meta property=\"og:image\" content=\"https:\/\/andreasimonetti.com.br\/blog\/wp-content\/uploads\/2016\/07\/13680733_10206497094858563_5161289561091671469_n.jpg\" \/>\n\t<meta property=\"og:image:width\" content=\"849\" \/>\n\t<meta property=\"og:image:height\" content=\"960\" \/>\n\t<meta property=\"og:image:type\" content=\"image\/jpeg\" \/>\n<meta name=\"author\" content=\"Andrea Simonetti\" \/>\n<meta name=\"twitter:card\" content=\"summary_large_image\" \/>\n<meta name=\"twitter:creator\" content=\"@https:\/\/twitter.com\/Andrea_Simoneti\" \/>\n<meta name=\"twitter:site\" content=\"@Andrea_Simoneti\" \/>\n<meta name=\"twitter:label1\" content=\"Escrito por\" \/>\n\t<meta name=\"twitter:data1\" content=\"Andrea Simonetti\" \/>\n\t<meta name=\"twitter:label2\" content=\"Est. tempo de leitura\" \/>\n\t<meta name=\"twitter:data2\" content=\"1 minuto\" \/>\n<!-- \/ Yoast SEO plugin. -->","yoast_head_json":{"title":"Fast News !! - Andrea Simonetti","robots":{"index":"index","follow":"follow","max-snippet":"max-snippet:-1","max-image-preview":"max-image-preview:large","max-video-preview":"max-video-preview:-1"},"canonical":"https:\/\/andreasimonetti.com.br\/blog\/fast-news-12\/","og_locale":"pt_BR","og_type":"article","og_title":"Fast News !! - Andrea Simonetti","og_description":"Essa semana foi inaugurada em Bauru a Clinica Oftalmocenter com \u00a0delicioso coquetel para os convidados. Na foto os m\u00e9dicos propriet\u00e1rios : Dr.Magno Miguel Garcia e sua esposa Roberta Lambertini e&hellip;","og_url":"https:\/\/andreasimonetti.com.br\/blog\/fast-news-12\/","og_site_name":"Andrea Simonetti","article_publisher":"https:\/\/www.facebook.com\/blogdaandreasimonetti\/","article_author":"https:\/\/www.facebook.com\/blogdaandreasimonetti\/","article_published_time":"2016-07-14T20:18:00+00:00","article_modified_time":"2018-05-25T11:52:07+00:00","og_image":[{"width":849,"height":960,"url":"https:\/\/andreasimonetti.com.br\/blog\/wp-content\/uploads\/2016\/07\/13680733_10206497094858563_5161289561091671469_n.jpg","type":"image\/jpeg"}],"author":"Andrea Simonetti","twitter_card":"summary_large_image","twitter_creator":"@https:\/\/twitter.com\/Andrea_Simoneti","twitter_site":"@Andrea_Simoneti","twitter_misc":{"Escrito por":"Andrea Simonetti","Est. tempo de leitura":"1 minuto"},"schema":{"@context":"https:\/\/schema.org","@graph":[{"@type":"WebPage","@id":"https:\/\/andreasimonetti.com.br\/blog\/fast-news-12\/","url":"https:\/\/andreasimonetti.com.br\/blog\/fast-news-12\/","name":"Fast News !! - Andrea Simonetti","isPartOf":{"@id":"https:\/\/andreasimonetti.com.br\/blog\/#website"},"primaryImageOfPage":{"@id":"https:\/\/andreasimonetti.com.br\/blog\/fast-news-12\/#primaryimage"},"image":{"@id":"https:\/\/andreasimonetti.com.br\/blog\/fast-news-12\/#primaryimage"},"thumbnailUrl":"https:\/\/andreasimonetti.com.br\/blog\/wp-content\/uploads\/2016\/07\/13680733_10206497094858563_5161289561091671469_n.jpg","datePublished":"2016-07-14T20:18:00+00:00","dateModified":"2018-05-25T11:52:07+00:00","author":{"@id":"https:\/\/andreasimonetti.com.br\/blog\/#\/schema\/person\/254f763c24ac288e27ea738a7366ad2a"},"breadcrumb":{"@id":"https:\/\/andreasimonetti.com.br\/blog\/fast-news-12\/#breadcrumb"},"inLanguage":"pt-BR","potentialAction":[{"@type":"ReadAction","target":["https:\/\/andreasimonetti.com.br\/blog\/fast-news-12\/"]}]},{"@type":"ImageObject","inLanguage":"pt-BR","@id":"https:\/\/andreasimonetti.com.br\/blog\/fast-news-12\/#primaryimage","url":"https:\/\/andreasimonetti.com.br\/blog\/wp-content\/uploads\/2016\/07\/13680733_10206497094858563_5161289561091671469_n.jpg","contentUrl":"https:\/\/andreasimonetti.com.br\/blog\/wp-content\/uploads\/2016\/07\/13680733_10206497094858563_5161289561091671469_n.jpg","width":849,"height":960},{"@type":"BreadcrumbList","@id":"https:\/\/andreasimonetti.com.br\/blog\/fast-news-12\/#breadcrumb","itemListElement":[{"@type":"ListItem","position":1,"name":"In\u00edcio","item":"https:\/\/andreasimonetti.com.br\/blog\/"},{"@type":"ListItem","position":2,"name":"Fast News !!"}]},{"@type":"WebSite","@id":"https:\/\/andreasimonetti.com.br\/blog\/#website","url":"https:\/\/andreasimonetti.com.br\/blog\/","name":"Andrea Simonetti","description":"","potentialAction":[{"@type":"SearchAction","target":{"@type":"EntryPoint","urlTemplate":"https:\/\/andreasimonetti.com.br\/blog\/?s={search_term_string}"},"query-input":{"@type":"PropertyValueSpecification","valueRequired":true,"valueName":"search_term_string"}}],"inLanguage":"pt-BR"},{"@type":"Person","@id":"https:\/\/andreasimonetti.com.br\/blog\/#\/schema\/person\/254f763c24ac288e27ea738a7366ad2a","name":"Andrea Simonetti","image":{"@type":"ImageObject","inLanguage":"pt-BR","@id":"https:\/\/andreasimonetti.com.br\/blog\/#\/schema\/person\/image\/","url":"https:\/\/andreasimonetti.com.br\/blog\/wp-content\/uploads\/2018\/04\/andrea-simonetti-96x96.png","contentUrl":"https:\/\/andreasimonetti.com.br\/blog\/wp-content\/uploads\/2018\/04\/andrea-simonetti-96x96.png","caption":"Andrea Simonetti"},"description":"Sou formada em Administra\u00e7\u00e3o de Empresas, Produ\u00e7\u00e3o de Moda pelo SENAC e Consultoria de Estilo. Sou fascinada por moda desde sempre, adoro ver as pessoas produzidas e de bem com a vida. Moda \u00e9 o meu assunto preferido. Comecei meu blog em 2011, ele cresceu e hoje \u00e9 um site bem mais abrangente, onde eu falo sobre moda e meu trabalho de consultora de estilo. E falo tamb\u00e9m sobre a minha experi\u00eancia de vida. Mas antes de tudo, acredito num Deus Soberano que nos guia e aben\u00e7oa, o tempo todo!","sameAs":["https:\/\/www.andreasimonetti.com.br\/","https:\/\/www.facebook.com\/blogdaandreasimonetti\/","https:\/\/www.instagram.com\/andrea_simonetti\/","https:\/\/br.pinterest.com\/BlogAndrea\/","https:\/\/x.com\/https:\/\/twitter.com\/Andrea_Simoneti"],"url":"https:\/\/andreasimonetti.com.br\/blog\/author\/andrea\/"}]}},"_links":{"self":[{"href":"https:\/\/andreasimonetti.com.br\/blog\/wp-json\/wp\/v2\/posts\/15771","targetHints":{"allow":["GET"]}}],"collection":[{"href":"https:\/\/andreasimonetti.com.br\/blog\/wp-json\/wp\/v2\/posts"}],"about":[{"href":"https:\/\/andreasimonetti.com.br\/blog\/wp-json\/wp\/v2\/types\/post"}],"author":[{"embeddable":true,"href":"https:\/\/andreasimonetti.com.br\/blog\/wp-json\/wp\/v2\/users\/7"}],"replies":[{"embeddable":true,"href":"https:\/\/andreasimonetti.com.br\/blog\/wp-json\/wp\/v2\/comments?post=15771"}],"version-history":[{"count":0,"href":"https:\/\/andreasimonetti.com.br\/blog\/wp-json\/wp\/v2\/posts\/15771\/revisions"}],"wp:featuredmedia":[{"embeddable":true,"href":"https:\/\/andreasimonetti.com.br\/blog\/wp-json\/wp\/v2\/media\/15776"}],"wp:attachment":[{"href":"https:\/\/andreasimonetti.com.br\/blog\/wp-json\/wp\/v2\/media?parent=15771"}],"wp:term":[{"taxonomy":"category","embeddable":true,"href":"https:\/\/andreasimonetti.com.br\/blog\/wp-json\/wp\/v2\/categories?post=15771"},{"taxonomy":"post_tag","embeddable":true,"href":"https:\/\/andreasimonetti.com.br\/blog\/wp-json\/wp\/v2\/tags?post=15771"}],"curies":[{"name":"wp","href":"https:\/\/api.w.org\/{rel}","templated":true}]}}