{"id":15474,"date":"2016-05-04T16:56:32","date_gmt":"2016-05-04T19:56:32","guid":{"rendered":"http:\/\/www.blogdaandreasimonetti.com.br\/?p=15474"},"modified":"2018-05-25T08:52:07","modified_gmt":"2018-05-25T11:52:07","slug":"fast-news-11","status":"publish","type":"post","link":"https:\/\/andreasimonetti.com.br\/blog\/fast-news-11\/","title":{"rendered":"Fast News!!!"},"content":{"rendered":"<p>O maior espa\u00e7o de moda colaborativa do Brasil est\u00e1 sendo construindo no Rio de Janeiro, e ser\u00e1 inaugurado ainda este ano. \u00a0<a href=\"http:\/\/razoesparaacreditar.com\/moda\/malha-o-maior-espaco-de-moda-colaborativa-do-brasil\/\">Clique aqui.<\/a><\/p>\n<p><img loading=\"lazy\" decoding=\"async\" class=\"alignnone size-full wp-image-15475\" src=\"http:\/\/www.blogdaandreasimonetti.com.br\/wp-content\/uploads\/2016\/05\/malha.jpg\" alt=\"malha\" width=\"950\" height=\"405\" srcset=\"https:\/\/andreasimonetti.com.br\/blog\/wp-content\/uploads\/2016\/05\/malha.jpg 950w, https:\/\/andreasimonetti.com.br\/blog\/wp-content\/uploads\/2016\/05\/malha-300x128.jpg 300w, https:\/\/andreasimonetti.com.br\/blog\/wp-content\/uploads\/2016\/05\/malha-768x327.jpg 768w\" sizes=\"auto, (max-width: 950px) 100vw, 950px\" \/><\/p>\n<p>Conhe\u00e7a 5 francesas que est\u00e3o \u00a0dando o que falar quando o assunto \u00e9 moda.<br \/>\n<a href=\"http:\/\/mdemulher.abril.com.br\/moda\/elle\/conheca-5-francesas-que-vao-dominar-a-sua-pasta-de-inspiracoes\">Clique aqui.<\/a><\/p>\n<p><img loading=\"lazy\" decoding=\"async\" class=\"alignnone size-full wp-image-15477\" src=\"http:\/\/www.blogdaandreasimonetti.com.br\/wp-content\/uploads\/2016\/05\/estilo-french-girls.jpg\" alt=\"estilo-french-girls\" width=\"785\" height=\"550\" srcset=\"https:\/\/andreasimonetti.com.br\/blog\/wp-content\/uploads\/2016\/05\/estilo-french-girls.jpg 785w, https:\/\/andreasimonetti.com.br\/blog\/wp-content\/uploads\/2016\/05\/estilo-french-girls-300x210.jpg 300w, https:\/\/andreasimonetti.com.br\/blog\/wp-content\/uploads\/2016\/05\/estilo-french-girls-768x538.jpg 768w\" sizes=\"auto, (max-width: 785px) 100vw, 785px\" \/><\/p>\n<p>Hoje \u00e9 anivers\u00e1rio da atriz Audrey Hepburn.<br \/>\nRelembre seus looks <a href=\"http:\/\/www.vogue.co.uk\/spy\/celebrity-photos\/2011\/11\/16\/audrey-hepburn-style-file\">clicando aqui<\/a>.<\/p>\n<p><img loading=\"lazy\" decoding=\"async\" class=\"alignnone size-full wp-image-15479\" src=\"http:\/\/www.blogdaandreasimonetti.com.br\/wp-content\/uploads\/2016\/05\/nota-audrey.jpg\" alt=\"nota-audrey\" width=\"640\" height=\"480\" srcset=\"https:\/\/andreasimonetti.com.br\/blog\/wp-content\/uploads\/2016\/05\/nota-audrey.jpg 640w, https:\/\/andreasimonetti.com.br\/blog\/wp-content\/uploads\/2016\/05\/nota-audrey-300x225.jpg 300w\" sizes=\"auto, (max-width: 640px) 100vw, 640px\" \/><\/p>\n<p>Confira 08 estreias no cinema para este ano ainda. Talvez voc\u00ea nunca tenha ouvido falar mas a critica tem falado muito bem.<br \/>\n<a href=\"http:\/\/mdemulher.abril.com.br\/cultura\/cosmopolitan-brasil\/estreias-que-estamos-ansiosas-para-conferir-nos-cinemas?utm_source=nova+site&amp;utm_medium=facebook&amp;utm_campaign=nova\">Clique aqui<\/a>.<\/p>\n<p><img loading=\"lazy\" decoding=\"async\" class=\"alignnone size-full wp-image-15480\" src=\"http:\/\/www.blogdaandreasimonetti.com.br\/wp-content\/uploads\/2016\/05\/Rock_em_Cabul.jpg\" alt=\"Rock_em_Cabul\" width=\"786\" height=\"550\" srcset=\"https:\/\/andreasimonetti.com.br\/blog\/wp-content\/uploads\/2016\/05\/Rock_em_Cabul.jpg 786w, https:\/\/andreasimonetti.com.br\/blog\/wp-content\/uploads\/2016\/05\/Rock_em_Cabul-300x210.jpg 300w, https:\/\/andreasimonetti.com.br\/blog\/wp-content\/uploads\/2016\/05\/Rock_em_Cabul-768x537.jpg 768w\" sizes=\"auto, (max-width: 786px) 100vw, 786px\" \/><\/p>\n","protected":false},"excerpt":{"rendered":"<p>O maior espa\u00e7o de moda colaborativa do Brasil est\u00e1 sendo construindo no Rio de Janeiro, e ser\u00e1 inaugurado ainda este ano. \u00a0Clique aqui. Conhe\u00e7a 5 francesas que est\u00e3o \u00a0dando o&hellip;<\/p>\n","protected":false},"author":7,"featured_media":15475,"comment_status":"open","ping_status":"open","sticky":false,"template":"","format":"standard","meta":{"_monsterinsights_skip_tracking":false,"_monsterinsights_sitenote_active":false,"_monsterinsights_sitenote_note":"","_monsterinsights_sitenote_category":0,"footnotes":""},"categories":[1508],"tags":[2331],"class_list":["post-15474","post","type-post","status-publish","format-standard","has-post-thumbnail","hentry","category-destaque","tag-fast-news"],"yoast_head":"<!-- This site is optimized with the Yoast SEO plugin v26.3 - https:\/\/yoast.com\/wordpress\/plugins\/seo\/ -->\n<title>Fast News!!! - Andrea Simonetti<\/title>\n<meta name=\"robots\" content=\"index, follow, max-snippet:-1, max-image-preview:large, max-video-preview:-1\" \/>\n<link rel=\"canonical\" href=\"https:\/\/andreasimonetti.com.br\/blog\/fast-news-11\/\" \/>\n<meta property=\"og:locale\" content=\"pt_BR\" \/>\n<meta property=\"og:type\" content=\"article\" \/>\n<meta property=\"og:title\" content=\"Fast News!!! - Andrea Simonetti\" \/>\n<meta property=\"og:description\" content=\"O maior espa\u00e7o de moda colaborativa do Brasil est\u00e1 sendo construindo no Rio de Janeiro, e ser\u00e1 inaugurado ainda este ano. \u00a0Clique aqui. Conhe\u00e7a 5 francesas que est\u00e3o \u00a0dando o&hellip;\" \/>\n<meta property=\"og:url\" content=\"https:\/\/andreasimonetti.com.br\/blog\/fast-news-11\/\" \/>\n<meta property=\"og:site_name\" content=\"Andrea Simonetti\" \/>\n<meta property=\"article:publisher\" content=\"https:\/\/www.facebook.com\/blogdaandreasimonetti\/\" \/>\n<meta property=\"article:author\" content=\"https:\/\/www.facebook.com\/blogdaandreasimonetti\/\" \/>\n<meta property=\"article:published_time\" content=\"2016-05-04T19:56:32+00:00\" \/>\n<meta property=\"article:modified_time\" content=\"2018-05-25T11:52:07+00:00\" \/>\n<meta property=\"og:image\" content=\"https:\/\/andreasimonetti.com.br\/blog\/wp-content\/uploads\/2016\/05\/malha.jpg\" \/>\n\t<meta property=\"og:image:width\" content=\"950\" \/>\n\t<meta property=\"og:image:height\" content=\"405\" \/>\n\t<meta property=\"og:image:type\" content=\"image\/jpeg\" \/>\n<meta name=\"author\" content=\"Andrea Simonetti\" \/>\n<meta name=\"twitter:card\" content=\"summary_large_image\" \/>\n<meta name=\"twitter:creator\" content=\"@https:\/\/twitter.com\/Andrea_Simoneti\" \/>\n<meta name=\"twitter:site\" content=\"@Andrea_Simoneti\" \/>\n<meta name=\"twitter:label1\" content=\"Escrito por\" \/>\n\t<meta name=\"twitter:data1\" content=\"Andrea Simonetti\" \/>\n<!-- \/ Yoast SEO plugin. -->","yoast_head_json":{"title":"Fast News!!! - Andrea Simonetti","robots":{"index":"index","follow":"follow","max-snippet":"max-snippet:-1","max-image-preview":"max-image-preview:large","max-video-preview":"max-video-preview:-1"},"canonical":"https:\/\/andreasimonetti.com.br\/blog\/fast-news-11\/","og_locale":"pt_BR","og_type":"article","og_title":"Fast News!!! - Andrea Simonetti","og_description":"O maior espa\u00e7o de moda colaborativa do Brasil est\u00e1 sendo construindo no Rio de Janeiro, e ser\u00e1 inaugurado ainda este ano. \u00a0Clique aqui. Conhe\u00e7a 5 francesas que est\u00e3o \u00a0dando o&hellip;","og_url":"https:\/\/andreasimonetti.com.br\/blog\/fast-news-11\/","og_site_name":"Andrea Simonetti","article_publisher":"https:\/\/www.facebook.com\/blogdaandreasimonetti\/","article_author":"https:\/\/www.facebook.com\/blogdaandreasimonetti\/","article_published_time":"2016-05-04T19:56:32+00:00","article_modified_time":"2018-05-25T11:52:07+00:00","og_image":[{"width":950,"height":405,"url":"https:\/\/andreasimonetti.com.br\/blog\/wp-content\/uploads\/2016\/05\/malha.jpg","type":"image\/jpeg"}],"author":"Andrea Simonetti","twitter_card":"summary_large_image","twitter_creator":"@https:\/\/twitter.com\/Andrea_Simoneti","twitter_site":"@Andrea_Simoneti","twitter_misc":{"Escrito por":"Andrea Simonetti"},"schema":{"@context":"https:\/\/schema.org","@graph":[{"@type":"WebPage","@id":"https:\/\/andreasimonetti.com.br\/blog\/fast-news-11\/","url":"https:\/\/andreasimonetti.com.br\/blog\/fast-news-11\/","name":"Fast News!!! - Andrea Simonetti","isPartOf":{"@id":"https:\/\/andreasimonetti.com.br\/blog\/#website"},"primaryImageOfPage":{"@id":"https:\/\/andreasimonetti.com.br\/blog\/fast-news-11\/#primaryimage"},"image":{"@id":"https:\/\/andreasimonetti.com.br\/blog\/fast-news-11\/#primaryimage"},"thumbnailUrl":"https:\/\/andreasimonetti.com.br\/blog\/wp-content\/uploads\/2016\/05\/malha.jpg","datePublished":"2016-05-04T19:56:32+00:00","dateModified":"2018-05-25T11:52:07+00:00","author":{"@id":"https:\/\/andreasimonetti.com.br\/blog\/#\/schema\/person\/254f763c24ac288e27ea738a7366ad2a"},"breadcrumb":{"@id":"https:\/\/andreasimonetti.com.br\/blog\/fast-news-11\/#breadcrumb"},"inLanguage":"pt-BR","potentialAction":[{"@type":"ReadAction","target":["https:\/\/andreasimonetti.com.br\/blog\/fast-news-11\/"]}]},{"@type":"ImageObject","inLanguage":"pt-BR","@id":"https:\/\/andreasimonetti.com.br\/blog\/fast-news-11\/#primaryimage","url":"https:\/\/andreasimonetti.com.br\/blog\/wp-content\/uploads\/2016\/05\/malha.jpg","contentUrl":"https:\/\/andreasimonetti.com.br\/blog\/wp-content\/uploads\/2016\/05\/malha.jpg","width":950,"height":405},{"@type":"BreadcrumbList","@id":"https:\/\/andreasimonetti.com.br\/blog\/fast-news-11\/#breadcrumb","itemListElement":[{"@type":"ListItem","position":1,"name":"In\u00edcio","item":"https:\/\/andreasimonetti.com.br\/blog\/"},{"@type":"ListItem","position":2,"name":"Fast News!!!"}]},{"@type":"WebSite","@id":"https:\/\/andreasimonetti.com.br\/blog\/#website","url":"https:\/\/andreasimonetti.com.br\/blog\/","name":"Andrea Simonetti","description":"","potentialAction":[{"@type":"SearchAction","target":{"@type":"EntryPoint","urlTemplate":"https:\/\/andreasimonetti.com.br\/blog\/?s={search_term_string}"},"query-input":{"@type":"PropertyValueSpecification","valueRequired":true,"valueName":"search_term_string"}}],"inLanguage":"pt-BR"},{"@type":"Person","@id":"https:\/\/andreasimonetti.com.br\/blog\/#\/schema\/person\/254f763c24ac288e27ea738a7366ad2a","name":"Andrea Simonetti","image":{"@type":"ImageObject","inLanguage":"pt-BR","@id":"https:\/\/andreasimonetti.com.br\/blog\/#\/schema\/person\/image\/","url":"https:\/\/andreasimonetti.com.br\/blog\/wp-content\/uploads\/2018\/04\/andrea-simonetti-96x96.png","contentUrl":"https:\/\/andreasimonetti.com.br\/blog\/wp-content\/uploads\/2018\/04\/andrea-simonetti-96x96.png","caption":"Andrea Simonetti"},"description":"Sou formada em Administra\u00e7\u00e3o de Empresas, Produ\u00e7\u00e3o de Moda pelo SENAC e Consultoria de Estilo. Sou fascinada por moda desde sempre, adoro ver as pessoas produzidas e de bem com a vida. Moda \u00e9 o meu assunto preferido. Comecei meu blog em 2011, ele cresceu e hoje \u00e9 um site bem mais abrangente, onde eu falo sobre moda e meu trabalho de consultora de estilo. E falo tamb\u00e9m sobre a minha experi\u00eancia de vida. Mas antes de tudo, acredito num Deus Soberano que nos guia e aben\u00e7oa, o tempo todo!","sameAs":["https:\/\/www.andreasimonetti.com.br\/","https:\/\/www.facebook.com\/blogdaandreasimonetti\/","https:\/\/www.instagram.com\/andrea_simonetti\/","https:\/\/br.pinterest.com\/BlogAndrea\/","https:\/\/x.com\/https:\/\/twitter.com\/Andrea_Simoneti"],"url":"https:\/\/andreasimonetti.com.br\/blog\/author\/andrea\/"}]}},"_links":{"self":[{"href":"https:\/\/andreasimonetti.com.br\/blog\/wp-json\/wp\/v2\/posts\/15474","targetHints":{"allow":["GET"]}}],"collection":[{"href":"https:\/\/andreasimonetti.com.br\/blog\/wp-json\/wp\/v2\/posts"}],"about":[{"href":"https:\/\/andreasimonetti.com.br\/blog\/wp-json\/wp\/v2\/types\/post"}],"author":[{"embeddable":true,"href":"https:\/\/andreasimonetti.com.br\/blog\/wp-json\/wp\/v2\/users\/7"}],"replies":[{"embeddable":true,"href":"https:\/\/andreasimonetti.com.br\/blog\/wp-json\/wp\/v2\/comments?post=15474"}],"version-history":[{"count":0,"href":"https:\/\/andreasimonetti.com.br\/blog\/wp-json\/wp\/v2\/posts\/15474\/revisions"}],"wp:featuredmedia":[{"embeddable":true,"href":"https:\/\/andreasimonetti.com.br\/blog\/wp-json\/wp\/v2\/media\/15475"}],"wp:attachment":[{"href":"https:\/\/andreasimonetti.com.br\/blog\/wp-json\/wp\/v2\/media?parent=15474"}],"wp:term":[{"taxonomy":"category","embeddable":true,"href":"https:\/\/andreasimonetti.com.br\/blog\/wp-json\/wp\/v2\/categories?post=15474"},{"taxonomy":"post_tag","embeddable":true,"href":"https:\/\/andreasimonetti.com.br\/blog\/wp-json\/wp\/v2\/tags?post=15474"}],"curies":[{"name":"wp","href":"https:\/\/api.w.org\/{rel}","templated":true}]}}