{"id":15312,"date":"2016-03-28T15:09:28","date_gmt":"2016-03-28T18:09:28","guid":{"rendered":"http:\/\/www.blogdaandreasimonetti.com.br\/?p=15312"},"modified":"2018-05-25T08:26:59","modified_gmt":"2018-05-25T11:26:59","slug":"ellus-lanca-sua-colecao-ellus-sport-dlx","status":"publish","type":"post","link":"https:\/\/andreasimonetti.com.br\/blog\/ellus-lanca-sua-colecao-ellus-sport-dlx\/","title":{"rendered":"Ellus lan\u00e7a sua cole\u00e7\u00e3o &#8220;Ellus Sport DLX &#8220;"},"content":{"rendered":"<p style=\"text-align: justify;\">Quem me acompanha nas redes sociais sabe que estive no lan\u00e7amento da cole\u00e7\u00e3o outono inverno da Ellus no Boulevard Shopping em Bauru.<br \/>\nA Ellus lan\u00e7ou v\u00e1rias pe\u00e7as exclusivas entre elas sua nova linha a Ellus Sport DLX (deluxe). A linha surgiu a partir de um \u201cjogging denim\u201d, lan\u00e7ado h\u00e1 duas temporadas, que tem muito mais flexibilidade do que o jeans normal. A ideia n\u00e3o \u00e9 fazer roupa para atletas e sim trazer a cultura do sportswear para a moda da Ellus, diz o estilista Rodolfo Souza.<br \/>\nAl\u00e9m das refer\u00eancias esportivas e de rua, a Ellus tamb\u00e9m olhou para os anos 90, que tem tomado a moda de rua. Destaco tamb\u00e9m os acess\u00f3rios : mochila e a sand\u00e1lia preta de salto grosso que eu adorei.<\/p>\n<p><a href=\"http:\/\/www.blogdaandreasimonetti.com.br\/wp-content\/uploads\/2016\/03\/Ellus.jpg\" data-rel=\"penci-gallery-image-content\" ><img loading=\"lazy\" decoding=\"async\" class=\"alignnone size-full wp-image-15315\" src=\"http:\/\/www.blogdaandreasimonetti.com.br\/wp-content\/uploads\/2016\/03\/Ellus.jpg\" alt=\"Ellus\" width=\"720\" height=\"4900\" srcset=\"https:\/\/andreasimonetti.com.br\/blog\/wp-content\/uploads\/2016\/03\/Ellus.jpg 720w, https:\/\/andreasimonetti.com.br\/blog\/wp-content\/uploads\/2016\/03\/Ellus-44x300.jpg 44w\" sizes=\"auto, (max-width: 720px) 100vw, 720px\" \/><\/a><\/p>\n","protected":false},"excerpt":{"rendered":"<p>Quem me acompanha nas redes sociais sabe que estive no lan\u00e7amento da cole\u00e7\u00e3o outono inverno da Ellus no Boulevard Shopping em Bauru. A Ellus lan\u00e7ou v\u00e1rias pe\u00e7as exclusivas entre elas&hellip;<\/p>\n","protected":false},"author":7,"featured_media":15318,"comment_status":"open","ping_status":"open","sticky":false,"template":"","format":"standard","meta":{"_monsterinsights_skip_tracking":false,"_monsterinsights_sitenote_active":false,"_monsterinsights_sitenote_note":"","_monsterinsights_sitenote_category":0,"footnotes":""},"categories":[1508,3],"tags":[880,2302,271,2303,2301],"class_list":["post-15312","post","type-post","status-publish","format-standard","has-post-thumbnail","hentry","category-destaque","category-moda","tag-boulevard-shopping-bauru","tag-colecao-ellus-sport-dlx-deluxe","tag-ellus","tag-ellus-lanca-sua-colecao-ellus-sport-dlx","tag-ellus-sport-dlx-deluxe"],"yoast_head":"<!-- This site is optimized with the Yoast SEO plugin v26.3 - https:\/\/yoast.com\/wordpress\/plugins\/seo\/ -->\n<title>Ellus lan\u00e7a sua cole\u00e7\u00e3o &quot;Ellus Sport DLX &quot; - Andrea Simonetti<\/title>\n<meta name=\"robots\" content=\"index, follow, max-snippet:-1, max-image-preview:large, max-video-preview:-1\" \/>\n<link rel=\"canonical\" href=\"https:\/\/andreasimonetti.com.br\/blog\/ellus-lanca-sua-colecao-ellus-sport-dlx\/\" \/>\n<meta property=\"og:locale\" content=\"pt_BR\" \/>\n<meta property=\"og:type\" content=\"article\" \/>\n<meta property=\"og:title\" content=\"Ellus lan\u00e7a sua cole\u00e7\u00e3o &quot;Ellus Sport DLX &quot; - Andrea Simonetti\" \/>\n<meta property=\"og:description\" content=\"Quem me acompanha nas redes sociais sabe que estive no lan\u00e7amento da cole\u00e7\u00e3o outono inverno da Ellus no Boulevard Shopping em Bauru. A Ellus lan\u00e7ou v\u00e1rias pe\u00e7as exclusivas entre elas&hellip;\" \/>\n<meta property=\"og:url\" content=\"https:\/\/andreasimonetti.com.br\/blog\/ellus-lanca-sua-colecao-ellus-sport-dlx\/\" \/>\n<meta property=\"og:site_name\" content=\"Andrea Simonetti\" \/>\n<meta property=\"article:publisher\" content=\"https:\/\/www.facebook.com\/blogdaandreasimonetti\/\" \/>\n<meta property=\"article:author\" content=\"https:\/\/www.facebook.com\/blogdaandreasimonetti\/\" \/>\n<meta property=\"article:published_time\" content=\"2016-03-28T18:09:28+00:00\" \/>\n<meta property=\"article:modified_time\" content=\"2018-05-25T11:26:59+00:00\" \/>\n<meta property=\"og:image\" content=\"https:\/\/andreasimonetti.com.br\/blog\/wp-content\/uploads\/2016\/03\/page5.jpg\" \/>\n\t<meta property=\"og:image:width\" content=\"600\" \/>\n\t<meta property=\"og:image:height\" content=\"700\" \/>\n\t<meta property=\"og:image:type\" content=\"image\/jpeg\" \/>\n<meta name=\"author\" content=\"Andrea Simonetti\" \/>\n<meta name=\"twitter:card\" content=\"summary_large_image\" \/>\n<meta name=\"twitter:creator\" content=\"@https:\/\/twitter.com\/Andrea_Simoneti\" \/>\n<meta name=\"twitter:site\" content=\"@Andrea_Simoneti\" \/>\n<meta name=\"twitter:label1\" content=\"Escrito por\" \/>\n\t<meta name=\"twitter:data1\" content=\"Andrea Simonetti\" \/>\n\t<meta name=\"twitter:label2\" content=\"Est. tempo de leitura\" \/>\n\t<meta name=\"twitter:data2\" content=\"1 minuto\" \/>\n<!-- \/ Yoast SEO plugin. -->","yoast_head_json":{"title":"Ellus lan\u00e7a sua cole\u00e7\u00e3o \"Ellus Sport DLX \" - Andrea Simonetti","robots":{"index":"index","follow":"follow","max-snippet":"max-snippet:-1","max-image-preview":"max-image-preview:large","max-video-preview":"max-video-preview:-1"},"canonical":"https:\/\/andreasimonetti.com.br\/blog\/ellus-lanca-sua-colecao-ellus-sport-dlx\/","og_locale":"pt_BR","og_type":"article","og_title":"Ellus lan\u00e7a sua cole\u00e7\u00e3o \"Ellus Sport DLX \" - Andrea Simonetti","og_description":"Quem me acompanha nas redes sociais sabe que estive no lan\u00e7amento da cole\u00e7\u00e3o outono inverno da Ellus no Boulevard Shopping em Bauru. A Ellus lan\u00e7ou v\u00e1rias pe\u00e7as exclusivas entre elas&hellip;","og_url":"https:\/\/andreasimonetti.com.br\/blog\/ellus-lanca-sua-colecao-ellus-sport-dlx\/","og_site_name":"Andrea Simonetti","article_publisher":"https:\/\/www.facebook.com\/blogdaandreasimonetti\/","article_author":"https:\/\/www.facebook.com\/blogdaandreasimonetti\/","article_published_time":"2016-03-28T18:09:28+00:00","article_modified_time":"2018-05-25T11:26:59+00:00","og_image":[{"width":600,"height":700,"url":"https:\/\/andreasimonetti.com.br\/blog\/wp-content\/uploads\/2016\/03\/page5.jpg","type":"image\/jpeg"}],"author":"Andrea Simonetti","twitter_card":"summary_large_image","twitter_creator":"@https:\/\/twitter.com\/Andrea_Simoneti","twitter_site":"@Andrea_Simoneti","twitter_misc":{"Escrito por":"Andrea Simonetti","Est. tempo de leitura":"1 minuto"},"schema":{"@context":"https:\/\/schema.org","@graph":[{"@type":"WebPage","@id":"https:\/\/andreasimonetti.com.br\/blog\/ellus-lanca-sua-colecao-ellus-sport-dlx\/","url":"https:\/\/andreasimonetti.com.br\/blog\/ellus-lanca-sua-colecao-ellus-sport-dlx\/","name":"Ellus lan\u00e7a sua cole\u00e7\u00e3o \"Ellus Sport DLX \" - Andrea Simonetti","isPartOf":{"@id":"https:\/\/andreasimonetti.com.br\/blog\/#website"},"primaryImageOfPage":{"@id":"https:\/\/andreasimonetti.com.br\/blog\/ellus-lanca-sua-colecao-ellus-sport-dlx\/#primaryimage"},"image":{"@id":"https:\/\/andreasimonetti.com.br\/blog\/ellus-lanca-sua-colecao-ellus-sport-dlx\/#primaryimage"},"thumbnailUrl":"https:\/\/andreasimonetti.com.br\/blog\/wp-content\/uploads\/2016\/03\/page5.jpg","datePublished":"2016-03-28T18:09:28+00:00","dateModified":"2018-05-25T11:26:59+00:00","author":{"@id":"https:\/\/andreasimonetti.com.br\/blog\/#\/schema\/person\/254f763c24ac288e27ea738a7366ad2a"},"breadcrumb":{"@id":"https:\/\/andreasimonetti.com.br\/blog\/ellus-lanca-sua-colecao-ellus-sport-dlx\/#breadcrumb"},"inLanguage":"pt-BR","potentialAction":[{"@type":"ReadAction","target":["https:\/\/andreasimonetti.com.br\/blog\/ellus-lanca-sua-colecao-ellus-sport-dlx\/"]}]},{"@type":"ImageObject","inLanguage":"pt-BR","@id":"https:\/\/andreasimonetti.com.br\/blog\/ellus-lanca-sua-colecao-ellus-sport-dlx\/#primaryimage","url":"https:\/\/andreasimonetti.com.br\/blog\/wp-content\/uploads\/2016\/03\/page5.jpg","contentUrl":"https:\/\/andreasimonetti.com.br\/blog\/wp-content\/uploads\/2016\/03\/page5.jpg","width":600,"height":700},{"@type":"BreadcrumbList","@id":"https:\/\/andreasimonetti.com.br\/blog\/ellus-lanca-sua-colecao-ellus-sport-dlx\/#breadcrumb","itemListElement":[{"@type":"ListItem","position":1,"name":"In\u00edcio","item":"https:\/\/andreasimonetti.com.br\/blog\/"},{"@type":"ListItem","position":2,"name":"Ellus lan\u00e7a sua cole\u00e7\u00e3o &#8220;Ellus Sport DLX &#8220;"}]},{"@type":"WebSite","@id":"https:\/\/andreasimonetti.com.br\/blog\/#website","url":"https:\/\/andreasimonetti.com.br\/blog\/","name":"Andrea Simonetti","description":"","potentialAction":[{"@type":"SearchAction","target":{"@type":"EntryPoint","urlTemplate":"https:\/\/andreasimonetti.com.br\/blog\/?s={search_term_string}"},"query-input":{"@type":"PropertyValueSpecification","valueRequired":true,"valueName":"search_term_string"}}],"inLanguage":"pt-BR"},{"@type":"Person","@id":"https:\/\/andreasimonetti.com.br\/blog\/#\/schema\/person\/254f763c24ac288e27ea738a7366ad2a","name":"Andrea Simonetti","image":{"@type":"ImageObject","inLanguage":"pt-BR","@id":"https:\/\/andreasimonetti.com.br\/blog\/#\/schema\/person\/image\/","url":"https:\/\/andreasimonetti.com.br\/blog\/wp-content\/uploads\/2018\/04\/andrea-simonetti-96x96.png","contentUrl":"https:\/\/andreasimonetti.com.br\/blog\/wp-content\/uploads\/2018\/04\/andrea-simonetti-96x96.png","caption":"Andrea Simonetti"},"description":"Sou formada em Administra\u00e7\u00e3o de Empresas, Produ\u00e7\u00e3o de Moda pelo SENAC e Consultoria de Estilo. Sou fascinada por moda desde sempre, adoro ver as pessoas produzidas e de bem com a vida. Moda \u00e9 o meu assunto preferido. Comecei meu blog em 2011, ele cresceu e hoje \u00e9 um site bem mais abrangente, onde eu falo sobre moda e meu trabalho de consultora de estilo. E falo tamb\u00e9m sobre a minha experi\u00eancia de vida. Mas antes de tudo, acredito num Deus Soberano que nos guia e aben\u00e7oa, o tempo todo!","sameAs":["https:\/\/www.andreasimonetti.com.br\/","https:\/\/www.facebook.com\/blogdaandreasimonetti\/","https:\/\/www.instagram.com\/andrea_simonetti\/","https:\/\/br.pinterest.com\/BlogAndrea\/","https:\/\/x.com\/https:\/\/twitter.com\/Andrea_Simoneti"],"url":"https:\/\/andreasimonetti.com.br\/blog\/author\/andrea\/"}]}},"_links":{"self":[{"href":"https:\/\/andreasimonetti.com.br\/blog\/wp-json\/wp\/v2\/posts\/15312","targetHints":{"allow":["GET"]}}],"collection":[{"href":"https:\/\/andreasimonetti.com.br\/blog\/wp-json\/wp\/v2\/posts"}],"about":[{"href":"https:\/\/andreasimonetti.com.br\/blog\/wp-json\/wp\/v2\/types\/post"}],"author":[{"embeddable":true,"href":"https:\/\/andreasimonetti.com.br\/blog\/wp-json\/wp\/v2\/users\/7"}],"replies":[{"embeddable":true,"href":"https:\/\/andreasimonetti.com.br\/blog\/wp-json\/wp\/v2\/comments?post=15312"}],"version-history":[{"count":0,"href":"https:\/\/andreasimonetti.com.br\/blog\/wp-json\/wp\/v2\/posts\/15312\/revisions"}],"wp:featuredmedia":[{"embeddable":true,"href":"https:\/\/andreasimonetti.com.br\/blog\/wp-json\/wp\/v2\/media\/15318"}],"wp:attachment":[{"href":"https:\/\/andreasimonetti.com.br\/blog\/wp-json\/wp\/v2\/media?parent=15312"}],"wp:term":[{"taxonomy":"category","embeddable":true,"href":"https:\/\/andreasimonetti.com.br\/blog\/wp-json\/wp\/v2\/categories?post=15312"},{"taxonomy":"post_tag","embeddable":true,"href":"https:\/\/andreasimonetti.com.br\/blog\/wp-json\/wp\/v2\/tags?post=15312"}],"curies":[{"name":"wp","href":"https:\/\/api.w.org\/{rel}","templated":true}]}}