{"id":15149,"date":"2016-03-08T16:37:45","date_gmt":"2016-03-08T19:37:45","guid":{"rendered":"http:\/\/www.blogdaandreasimonetti.com.br\/?p=15149"},"modified":"2016-03-08T16:37:45","modified_gmt":"2016-03-08T19:37:45","slug":"dia-internacional-das-mulheres-guerreiras","status":"publish","type":"post","link":"https:\/\/andreasimonetti.com.br\/blog\/dia-internacional-das-mulheres-guerreiras\/","title":{"rendered":"Dia Internacional das Mulheres Guerreiras !"},"content":{"rendered":"<p style=\"text-align: justify;\">Quando chega o Dia Internacional da Mulher eu observo as mensagens que homenageiam as mulheres pelos mais variados motivos, e eles s\u00e3o muitos mesmo. Uma mulher merece ser valorizada por ser m\u00e3e e muitas vezes pai e m\u00e3e, por ser trabalhadora, por ser am\u00e1vel, por ser batalhadora, por ser apoiadora e muitos outros motivos. Mas a minha homenagem aqui no blog \u00e9 para as mulheres que s\u00e3o tudo isso e tamb\u00e9m s\u00e3o guerreiras e confiantes na luta contra o c\u00e2ncer. S\u00e3o mulheres de f\u00e9 e de fibra. S\u00e3o mulheres que valorizam a vida e assim nos ensinam a ser mais gratas pela nossa pr\u00f3pria vida. S\u00e3o mulheres lindas de verdade, porque sua beleza \u00e9 da alma. S\u00e3o mulheres que transmitem a luz da serenidade e da esperan\u00e7a, contagiando todos a sua volta.<\/p>\n<p style=\"text-align: justify;\">Eu participei de um encontro com mulheres assim. Foi no tradicional sal\u00e3o de beleza Sebasti\u00e3o e Luzia em Bauru, num evento organizado por Valquiria Almirates, Glaucia Lamoso e Cristina Brando que pertencem ao PRB Mulher, al\u00e9m dos anfitri\u00f5es Sebasti\u00e3o, Luzia e Andreia. \u00c9 surpreendente ver um partido pol\u00edtico, atrav\u00e9s de suas mulheres, empenhado numa causa t\u00e3o especial, quando em nenhum momento se falou em pol\u00edtica. As convidadas foram maquiadas, experimentaram perucas, trocaram hist\u00f3rias, sorriram e encantaram.<\/p>\n<p style=\"text-align: justify;\">Foi uma tarde especial e de muito amor, como devem ser todos os dias dessas e de todas as mulheres que s\u00e3o exemplos de f\u00e9 e perseveran\u00e7a.<\/p>\n<p style=\"text-align: justify;\">Feliz Dia Internacional da Mulher ! E seja qual for a sua luta di\u00e1ria, acredite que a vit\u00f3ria est\u00e1 reservada para voc\u00ea.<\/p>\n<div id=\"attachment_15150\" style=\"width: 970px\" class=\"wp-caption alignnone\"><a href=\"http:\/\/www.blogdaandreasimonetti.com.br\/wp-content\/uploads\/2016\/03\/1.jpg\" data-rel=\"penci-gallery-image-content\" ><img loading=\"lazy\" decoding=\"async\" aria-describedby=\"caption-attachment-15150\" class=\"wp-image-15150 size-full\" src=\"http:\/\/www.blogdaandreasimonetti.com.br\/wp-content\/uploads\/2016\/03\/1.jpg\" alt=\"1\" width=\"960\" height=\"635\" srcset=\"https:\/\/andreasimonetti.com.br\/blog\/wp-content\/uploads\/2016\/03\/1.jpg 960w, https:\/\/andreasimonetti.com.br\/blog\/wp-content\/uploads\/2016\/03\/1-300x198.jpg 300w, https:\/\/andreasimonetti.com.br\/blog\/wp-content\/uploads\/2016\/03\/1-207x136.jpg 207w, https:\/\/andreasimonetti.com.br\/blog\/wp-content\/uploads\/2016\/03\/1-140x94.jpg 140w, https:\/\/andreasimonetti.com.br\/blog\/wp-content\/uploads\/2016\/03\/1-430x283.jpg 430w\" sizes=\"auto, (max-width: 960px) 100vw, 960px\" \/><\/a><p id=\"caption-attachment-15150\" class=\"wp-caption-text\">Andrea (Sebasti\u00e3o Luiza) e Valquiria Almirates.<\/p><\/div>\n<div id=\"attachment_15151\" style=\"width: 970px\" class=\"wp-caption alignnone\"><a href=\"http:\/\/www.blogdaandreasimonetti.com.br\/wp-content\/uploads\/2016\/03\/3.jpg\" data-rel=\"penci-gallery-image-content\" ><img loading=\"lazy\" decoding=\"async\" aria-describedby=\"caption-attachment-15151\" class=\"wp-image-15151 size-full\" src=\"http:\/\/www.blogdaandreasimonetti.com.br\/wp-content\/uploads\/2016\/03\/3.jpg\" alt=\"3\" width=\"960\" height=\"635\" srcset=\"https:\/\/andreasimonetti.com.br\/blog\/wp-content\/uploads\/2016\/03\/3.jpg 960w, https:\/\/andreasimonetti.com.br\/blog\/wp-content\/uploads\/2016\/03\/3-300x198.jpg 300w, https:\/\/andreasimonetti.com.br\/blog\/wp-content\/uploads\/2016\/03\/3-207x136.jpg 207w, https:\/\/andreasimonetti.com.br\/blog\/wp-content\/uploads\/2016\/03\/3-140x94.jpg 140w, https:\/\/andreasimonetti.com.br\/blog\/wp-content\/uploads\/2016\/03\/3-430x283.jpg 430w\" sizes=\"auto, (max-width: 960px) 100vw, 960px\" \/><\/a><p id=\"caption-attachment-15151\" class=\"wp-caption-text\">Cristina Salles, Valquiria Almirates, Cice , Glaucia Lamoso e Luzia.<\/p><\/div>\n<div id=\"attachment_15152\" style=\"width: 970px\" class=\"wp-caption alignnone\"><a href=\"http:\/\/www.blogdaandreasimonetti.com.br\/wp-content\/uploads\/2016\/03\/2.jpg\" data-rel=\"penci-gallery-image-content\" ><img loading=\"lazy\" decoding=\"async\" aria-describedby=\"caption-attachment-15152\" class=\"wp-image-15152 size-full\" src=\"http:\/\/www.blogdaandreasimonetti.com.br\/wp-content\/uploads\/2016\/03\/2.jpg\" alt=\"2\" width=\"960\" height=\"635\" srcset=\"https:\/\/andreasimonetti.com.br\/blog\/wp-content\/uploads\/2016\/03\/2.jpg 960w, https:\/\/andreasimonetti.com.br\/blog\/wp-content\/uploads\/2016\/03\/2-300x198.jpg 300w, https:\/\/andreasimonetti.com.br\/blog\/wp-content\/uploads\/2016\/03\/2-207x136.jpg 207w, https:\/\/andreasimonetti.com.br\/blog\/wp-content\/uploads\/2016\/03\/2-140x94.jpg 140w, https:\/\/andreasimonetti.com.br\/blog\/wp-content\/uploads\/2016\/03\/2-430x283.jpg 430w\" sizes=\"auto, (max-width: 960px) 100vw, 960px\" \/><\/a><p id=\"caption-attachment-15152\" class=\"wp-caption-text\">Sebasti\u00e3o e a querida Cice Dalla R\u00fa.<\/p><\/div>\n<p><a href=\"http:\/\/www.blogdaandreasimonetti.com.br\/wp-content\/uploads\/2016\/03\/6.jpg\" data-rel=\"penci-gallery-image-content\" ><img loading=\"lazy\" decoding=\"async\" class=\"alignnone size-full wp-image-15153\" src=\"http:\/\/www.blogdaandreasimonetti.com.br\/wp-content\/uploads\/2016\/03\/6.jpg\" alt=\"6\" width=\"960\" height=\"635\" srcset=\"https:\/\/andreasimonetti.com.br\/blog\/wp-content\/uploads\/2016\/03\/6.jpg 960w, https:\/\/andreasimonetti.com.br\/blog\/wp-content\/uploads\/2016\/03\/6-300x198.jpg 300w, https:\/\/andreasimonetti.com.br\/blog\/wp-content\/uploads\/2016\/03\/6-207x136.jpg 207w, https:\/\/andreasimonetti.com.br\/blog\/wp-content\/uploads\/2016\/03\/6-140x94.jpg 140w, https:\/\/andreasimonetti.com.br\/blog\/wp-content\/uploads\/2016\/03\/6-430x283.jpg 430w\" sizes=\"auto, (max-width: 960px) 100vw, 960px\" \/><\/a><\/p>\n<p><a href=\"http:\/\/www.blogdaandreasimonetti.com.br\/wp-content\/uploads\/2016\/03\/15.jpg\" data-rel=\"penci-gallery-image-content\" ><img loading=\"lazy\" decoding=\"async\" class=\"alignnone size-full wp-image-15154\" src=\"http:\/\/www.blogdaandreasimonetti.com.br\/wp-content\/uploads\/2016\/03\/15.jpg\" alt=\"15\" width=\"700\" height=\"600\" srcset=\"https:\/\/andreasimonetti.com.br\/blog\/wp-content\/uploads\/2016\/03\/15.jpg 700w, https:\/\/andreasimonetti.com.br\/blog\/wp-content\/uploads\/2016\/03\/15-300x257.jpg 300w\" sizes=\"auto, (max-width: 700px) 100vw, 700px\" \/><\/a><\/p>\n<p><a href=\"http:\/\/www.blogdaandreasimonetti.com.br\/wp-content\/uploads\/2016\/03\/21.jpg\" data-rel=\"penci-gallery-image-content\" ><img loading=\"lazy\" decoding=\"async\" class=\"alignnone size-full wp-image-15155\" src=\"http:\/\/www.blogdaandreasimonetti.com.br\/wp-content\/uploads\/2016\/03\/21.jpg\" alt=\"21\" width=\"700\" height=\"700\" srcset=\"https:\/\/andreasimonetti.com.br\/blog\/wp-content\/uploads\/2016\/03\/21.jpg 700w, https:\/\/andreasimonetti.com.br\/blog\/wp-content\/uploads\/2016\/03\/21-150x150.jpg 150w, https:\/\/andreasimonetti.com.br\/blog\/wp-content\/uploads\/2016\/03\/21-300x300.jpg 300w, https:\/\/andreasimonetti.com.br\/blog\/wp-content\/uploads\/2016\/03\/21-240x240.jpg 240w, https:\/\/andreasimonetti.com.br\/blog\/wp-content\/uploads\/2016\/03\/21-96x96.jpg 96w, https:\/\/andreasimonetti.com.br\/blog\/wp-content\/uploads\/2016\/03\/21-121x121.jpg 121w, https:\/\/andreasimonetti.com.br\/blog\/wp-content\/uploads\/2016\/03\/21-60x60.jpg 60w, https:\/\/andreasimonetti.com.br\/blog\/wp-content\/uploads\/2016\/03\/21-184x184.jpg 184w\" sizes=\"auto, (max-width: 700px) 100vw, 700px\" \/><\/a><\/p>\n<div id=\"attachment_15156\" style=\"width: 970px\" class=\"wp-caption alignnone\"><a href=\"http:\/\/www.blogdaandreasimonetti.com.br\/wp-content\/uploads\/2016\/03\/13.jpg\" data-rel=\"penci-gallery-image-content\" ><img loading=\"lazy\" decoding=\"async\" aria-describedby=\"caption-attachment-15156\" class=\"wp-image-15156 size-full\" src=\"http:\/\/www.blogdaandreasimonetti.com.br\/wp-content\/uploads\/2016\/03\/13.jpg\" alt=\"13\" width=\"960\" height=\"635\" srcset=\"https:\/\/andreasimonetti.com.br\/blog\/wp-content\/uploads\/2016\/03\/13.jpg 960w, https:\/\/andreasimonetti.com.br\/blog\/wp-content\/uploads\/2016\/03\/13-300x198.jpg 300w, https:\/\/andreasimonetti.com.br\/blog\/wp-content\/uploads\/2016\/03\/13-207x136.jpg 207w, https:\/\/andreasimonetti.com.br\/blog\/wp-content\/uploads\/2016\/03\/13-140x94.jpg 140w, https:\/\/andreasimonetti.com.br\/blog\/wp-content\/uploads\/2016\/03\/13-430x283.jpg 430w\" sizes=\"auto, (max-width: 960px) 100vw, 960px\" \/><\/a><p id=\"caption-attachment-15156\" class=\"wp-caption-text\">Amigas do Peito.<\/p><\/div>\n<div id=\"attachment_15168\" style=\"width: 970px\" class=\"wp-caption alignnone\"><a href=\"http:\/\/www.blogdaandreasimonetti.com.br\/wp-content\/uploads\/2016\/03\/12821529_1051816088215660_7699777465656803866_n.jpg\" data-rel=\"penci-gallery-image-content\" ><img loading=\"lazy\" decoding=\"async\" aria-describedby=\"caption-attachment-15168\" class=\"wp-image-15168 size-full\" src=\"http:\/\/www.blogdaandreasimonetti.com.br\/wp-content\/uploads\/2016\/03\/12821529_1051816088215660_7699777465656803866_n.jpg\" alt=\"12821529_1051816088215660_7699777465656803866_n\" width=\"960\" height=\"635\" srcset=\"https:\/\/andreasimonetti.com.br\/blog\/wp-content\/uploads\/2016\/03\/12821529_1051816088215660_7699777465656803866_n.jpg 960w, https:\/\/andreasimonetti.com.br\/blog\/wp-content\/uploads\/2016\/03\/12821529_1051816088215660_7699777465656803866_n-300x198.jpg 300w, https:\/\/andreasimonetti.com.br\/blog\/wp-content\/uploads\/2016\/03\/12821529_1051816088215660_7699777465656803866_n-207x136.jpg 207w, https:\/\/andreasimonetti.com.br\/blog\/wp-content\/uploads\/2016\/03\/12821529_1051816088215660_7699777465656803866_n-140x94.jpg 140w, https:\/\/andreasimonetti.com.br\/blog\/wp-content\/uploads\/2016\/03\/12821529_1051816088215660_7699777465656803866_n-430x283.jpg 430w\" sizes=\"auto, (max-width: 960px) 100vw, 960px\" \/><\/a><p id=\"caption-attachment-15168\" class=\"wp-caption-text\">Bonecas de pano confeccionadas por Valquiria Almirates para as convidadas do evento.<\/p><\/div>\n","protected":false},"excerpt":{"rendered":"<p>Quando chega o Dia Internacional da Mulher eu observo as mensagens que homenageiam as mulheres pelos mais variados motivos, e eles s\u00e3o muitos mesmo. Uma mulher merece ser valorizada por&hellip;<\/p>\n","protected":false},"author":7,"featured_media":15160,"comment_status":"open","ping_status":"open","sticky":false,"template":"","format":"standard","meta":{"_monsterinsights_skip_tracking":false,"_monsterinsights_sitenote_active":false,"_monsterinsights_sitenote_note":"","_monsterinsights_sitenote_category":0,"footnotes":""},"categories":[1508,2013],"tags":[2287],"class_list":["post-15149","post","type-post","status-publish","format-standard","has-post-thumbnail","hentry","category-destaque","category-lifestyle","tag-dia-internacional-da-mulher"],"yoast_head":"<!-- This site is optimized with the Yoast SEO plugin v26.3 - https:\/\/yoast.com\/wordpress\/plugins\/seo\/ -->\n<title>Dia Internacional das Mulheres Guerreiras ! - Andrea Simonetti<\/title>\n<meta name=\"robots\" content=\"index, follow, max-snippet:-1, max-image-preview:large, max-video-preview:-1\" \/>\n<link rel=\"canonical\" href=\"https:\/\/andreasimonetti.com.br\/blog\/dia-internacional-das-mulheres-guerreiras\/\" \/>\n<meta property=\"og:locale\" content=\"pt_BR\" \/>\n<meta property=\"og:type\" content=\"article\" \/>\n<meta property=\"og:title\" content=\"Dia Internacional das Mulheres Guerreiras ! - Andrea Simonetti\" \/>\n<meta property=\"og:description\" content=\"Quando chega o Dia Internacional da Mulher eu observo as mensagens que homenageiam as mulheres pelos mais variados motivos, e eles s\u00e3o muitos mesmo. Uma mulher merece ser valorizada por&hellip;\" \/>\n<meta property=\"og:url\" content=\"https:\/\/andreasimonetti.com.br\/blog\/dia-internacional-das-mulheres-guerreiras\/\" \/>\n<meta property=\"og:site_name\" content=\"Andrea Simonetti\" \/>\n<meta property=\"article:publisher\" content=\"https:\/\/www.facebook.com\/blogdaandreasimonetti\/\" \/>\n<meta property=\"article:author\" content=\"https:\/\/www.facebook.com\/blogdaandreasimonetti\/\" \/>\n<meta property=\"article:published_time\" content=\"2016-03-08T19:37:45+00:00\" \/>\n<meta property=\"og:image\" content=\"https:\/\/andreasimonetti.com.br\/blog\/wp-content\/uploads\/2016\/03\/page.jpg\" \/>\n\t<meta property=\"og:image:width\" content=\"700\" \/>\n\t<meta property=\"og:image:height\" content=\"700\" \/>\n\t<meta property=\"og:image:type\" content=\"image\/jpeg\" \/>\n<meta name=\"author\" content=\"Andrea Simonetti\" \/>\n<meta name=\"twitter:card\" content=\"summary_large_image\" \/>\n<meta name=\"twitter:creator\" content=\"@https:\/\/twitter.com\/Andrea_Simoneti\" \/>\n<meta name=\"twitter:site\" content=\"@Andrea_Simoneti\" \/>\n<meta name=\"twitter:label1\" content=\"Escrito por\" \/>\n\t<meta name=\"twitter:data1\" content=\"Andrea Simonetti\" \/>\n\t<meta name=\"twitter:label2\" content=\"Est. tempo de leitura\" \/>\n\t<meta name=\"twitter:data2\" content=\"2 minutos\" \/>\n<!-- \/ Yoast SEO plugin. -->","yoast_head_json":{"title":"Dia Internacional das Mulheres Guerreiras ! - Andrea Simonetti","robots":{"index":"index","follow":"follow","max-snippet":"max-snippet:-1","max-image-preview":"max-image-preview:large","max-video-preview":"max-video-preview:-1"},"canonical":"https:\/\/andreasimonetti.com.br\/blog\/dia-internacional-das-mulheres-guerreiras\/","og_locale":"pt_BR","og_type":"article","og_title":"Dia Internacional das Mulheres Guerreiras ! - Andrea Simonetti","og_description":"Quando chega o Dia Internacional da Mulher eu observo as mensagens que homenageiam as mulheres pelos mais variados motivos, e eles s\u00e3o muitos mesmo. Uma mulher merece ser valorizada por&hellip;","og_url":"https:\/\/andreasimonetti.com.br\/blog\/dia-internacional-das-mulheres-guerreiras\/","og_site_name":"Andrea Simonetti","article_publisher":"https:\/\/www.facebook.com\/blogdaandreasimonetti\/","article_author":"https:\/\/www.facebook.com\/blogdaandreasimonetti\/","article_published_time":"2016-03-08T19:37:45+00:00","og_image":[{"width":700,"height":700,"url":"https:\/\/andreasimonetti.com.br\/blog\/wp-content\/uploads\/2016\/03\/page.jpg","type":"image\/jpeg"}],"author":"Andrea Simonetti","twitter_card":"summary_large_image","twitter_creator":"@https:\/\/twitter.com\/Andrea_Simoneti","twitter_site":"@Andrea_Simoneti","twitter_misc":{"Escrito por":"Andrea Simonetti","Est. tempo de leitura":"2 minutos"},"schema":{"@context":"https:\/\/schema.org","@graph":[{"@type":"WebPage","@id":"https:\/\/andreasimonetti.com.br\/blog\/dia-internacional-das-mulheres-guerreiras\/","url":"https:\/\/andreasimonetti.com.br\/blog\/dia-internacional-das-mulheres-guerreiras\/","name":"Dia Internacional das Mulheres Guerreiras ! - Andrea Simonetti","isPartOf":{"@id":"https:\/\/andreasimonetti.com.br\/blog\/#website"},"primaryImageOfPage":{"@id":"https:\/\/andreasimonetti.com.br\/blog\/dia-internacional-das-mulheres-guerreiras\/#primaryimage"},"image":{"@id":"https:\/\/andreasimonetti.com.br\/blog\/dia-internacional-das-mulheres-guerreiras\/#primaryimage"},"thumbnailUrl":"https:\/\/andreasimonetti.com.br\/blog\/wp-content\/uploads\/2016\/03\/page.jpg","datePublished":"2016-03-08T19:37:45+00:00","author":{"@id":"https:\/\/andreasimonetti.com.br\/blog\/#\/schema\/person\/254f763c24ac288e27ea738a7366ad2a"},"breadcrumb":{"@id":"https:\/\/andreasimonetti.com.br\/blog\/dia-internacional-das-mulheres-guerreiras\/#breadcrumb"},"inLanguage":"pt-BR","potentialAction":[{"@type":"ReadAction","target":["https:\/\/andreasimonetti.com.br\/blog\/dia-internacional-das-mulheres-guerreiras\/"]}]},{"@type":"ImageObject","inLanguage":"pt-BR","@id":"https:\/\/andreasimonetti.com.br\/blog\/dia-internacional-das-mulheres-guerreiras\/#primaryimage","url":"https:\/\/andreasimonetti.com.br\/blog\/wp-content\/uploads\/2016\/03\/page.jpg","contentUrl":"https:\/\/andreasimonetti.com.br\/blog\/wp-content\/uploads\/2016\/03\/page.jpg","width":700,"height":700},{"@type":"BreadcrumbList","@id":"https:\/\/andreasimonetti.com.br\/blog\/dia-internacional-das-mulheres-guerreiras\/#breadcrumb","itemListElement":[{"@type":"ListItem","position":1,"name":"In\u00edcio","item":"https:\/\/andreasimonetti.com.br\/blog\/"},{"@type":"ListItem","position":2,"name":"Dia Internacional das Mulheres Guerreiras !"}]},{"@type":"WebSite","@id":"https:\/\/andreasimonetti.com.br\/blog\/#website","url":"https:\/\/andreasimonetti.com.br\/blog\/","name":"Andrea Simonetti","description":"","potentialAction":[{"@type":"SearchAction","target":{"@type":"EntryPoint","urlTemplate":"https:\/\/andreasimonetti.com.br\/blog\/?s={search_term_string}"},"query-input":{"@type":"PropertyValueSpecification","valueRequired":true,"valueName":"search_term_string"}}],"inLanguage":"pt-BR"},{"@type":"Person","@id":"https:\/\/andreasimonetti.com.br\/blog\/#\/schema\/person\/254f763c24ac288e27ea738a7366ad2a","name":"Andrea Simonetti","image":{"@type":"ImageObject","inLanguage":"pt-BR","@id":"https:\/\/andreasimonetti.com.br\/blog\/#\/schema\/person\/image\/","url":"https:\/\/andreasimonetti.com.br\/blog\/wp-content\/uploads\/2018\/04\/andrea-simonetti-96x96.png","contentUrl":"https:\/\/andreasimonetti.com.br\/blog\/wp-content\/uploads\/2018\/04\/andrea-simonetti-96x96.png","caption":"Andrea Simonetti"},"description":"Sou formada em Administra\u00e7\u00e3o de Empresas, Produ\u00e7\u00e3o de Moda pelo SENAC e Consultoria de Estilo. Sou fascinada por moda desde sempre, adoro ver as pessoas produzidas e de bem com a vida. Moda \u00e9 o meu assunto preferido. Comecei meu blog em 2011, ele cresceu e hoje \u00e9 um site bem mais abrangente, onde eu falo sobre moda e meu trabalho de consultora de estilo. E falo tamb\u00e9m sobre a minha experi\u00eancia de vida. Mas antes de tudo, acredito num Deus Soberano que nos guia e aben\u00e7oa, o tempo todo!","sameAs":["https:\/\/www.andreasimonetti.com.br\/","https:\/\/www.facebook.com\/blogdaandreasimonetti\/","https:\/\/www.instagram.com\/andrea_simonetti\/","https:\/\/br.pinterest.com\/BlogAndrea\/","https:\/\/x.com\/https:\/\/twitter.com\/Andrea_Simoneti"],"url":"https:\/\/andreasimonetti.com.br\/blog\/author\/andrea\/"}]}},"_links":{"self":[{"href":"https:\/\/andreasimonetti.com.br\/blog\/wp-json\/wp\/v2\/posts\/15149","targetHints":{"allow":["GET"]}}],"collection":[{"href":"https:\/\/andreasimonetti.com.br\/blog\/wp-json\/wp\/v2\/posts"}],"about":[{"href":"https:\/\/andreasimonetti.com.br\/blog\/wp-json\/wp\/v2\/types\/post"}],"author":[{"embeddable":true,"href":"https:\/\/andreasimonetti.com.br\/blog\/wp-json\/wp\/v2\/users\/7"}],"replies":[{"embeddable":true,"href":"https:\/\/andreasimonetti.com.br\/blog\/wp-json\/wp\/v2\/comments?post=15149"}],"version-history":[{"count":0,"href":"https:\/\/andreasimonetti.com.br\/blog\/wp-json\/wp\/v2\/posts\/15149\/revisions"}],"wp:featuredmedia":[{"embeddable":true,"href":"https:\/\/andreasimonetti.com.br\/blog\/wp-json\/wp\/v2\/media\/15160"}],"wp:attachment":[{"href":"https:\/\/andreasimonetti.com.br\/blog\/wp-json\/wp\/v2\/media?parent=15149"}],"wp:term":[{"taxonomy":"category","embeddable":true,"href":"https:\/\/andreasimonetti.com.br\/blog\/wp-json\/wp\/v2\/categories?post=15149"},{"taxonomy":"post_tag","embeddable":true,"href":"https:\/\/andreasimonetti.com.br\/blog\/wp-json\/wp\/v2\/tags?post=15149"}],"curies":[{"name":"wp","href":"https:\/\/api.w.org\/{rel}","templated":true}]}}