{"id":14964,"date":"2016-01-21T14:38:38","date_gmt":"2016-01-21T16:38:38","guid":{"rendered":"http:\/\/www.blogdaandreasimonetti.com.br\/?p=14964"},"modified":"2018-05-08T16:37:07","modified_gmt":"2018-05-08T19:37:07","slug":"08-modelos-de-sapatos-que-serao-tendencia-para-o-inverno-2016","status":"publish","type":"post","link":"https:\/\/andreasimonetti.com.br\/blog\/08-modelos-de-sapatos-que-serao-tendencia-para-o-inverno-2016\/","title":{"rendered":"08 modelos de sapatos que ser\u00e3o tendencia para o inverno 2016"},"content":{"rendered":"<div class=\"conversation\">\n<div data-reactroot=\"\">\n<div>\n<div class=\"_4tdt\">\n<div class=\"_4tdv\">\n<div class=\"_5wd4 _1nc7 direction_ltr\">\n<div class=\"_5wd9\">\n<div class=\"_5wde _n4o\">\n<div class=\"_5w1r _3_om _5wdf\">\n<div class=\"_4gx_\">\n<div class=\"_d97\" style=\"text-align: justify;\"><span class=\"_5yl5\">Separei oito modelos de sapatos que foram destaques na Couromoda agora em janeiro. Apesar da import\u00e2ncia do evento essa edi\u00e7\u00e3o trouxe poucas novidades em sapatos e botas para o pr\u00f3ximo inverno. Quase todas n\u00f3s j\u00e1 temos modelos bem parecidos de cole\u00e7\u00f5es passadas. O bom nessa hist\u00f3ria \u00e9 que vai ser poss\u00edvel comprar pouco &#8211; ou nada &#8211; e mesmo assim estar na moda.<\/span><\/div>\n<\/div>\n<\/div>\n<\/div>\n<\/div>\n<div class=\"_3ry4\" style=\"text-align: justify;\"><\/div>\n<\/div>\n<\/div>\n<\/div>\n<div class=\"_4tdt\" style=\"text-align: justify;\"><\/div>\n<\/div>\n<\/div>\n<\/div>\n<p><a href=\"http:\/\/www.blogdaandreasimonetti.com.br\/wp-content\/uploads\/2016\/01\/8-Modelos-Sapatos-Inverno.jpg\" data-rel=\"penci-gallery-image-content\" ><img loading=\"lazy\" decoding=\"async\" class=\"alignnone size-full wp-image-14965\" src=\"http:\/\/www.blogdaandreasimonetti.com.br\/wp-content\/uploads\/2016\/01\/8-Modelos-Sapatos-Inverno.jpg\" alt=\"8 Modelos Sapatos Inverno\" width=\"720\" height=\"3750\" \/><\/a><\/p>\n<p>Fonte- mdemulher.abril.com.br<\/p>\n","protected":false},"excerpt":{"rendered":"<p>Separei oito modelos de sapatos que foram destaques na Couromoda agora em janeiro. Apesar da import\u00e2ncia do evento essa edi\u00e7\u00e3o trouxe poucas novidades em sapatos e botas para o pr\u00f3ximo&hellip;<\/p>\n","protected":false},"author":7,"featured_media":14967,"comment_status":"closed","ping_status":"open","sticky":false,"template":"","format":"standard","meta":{"_monsterinsights_skip_tracking":false,"_monsterinsights_sitenote_active":false,"_monsterinsights_sitenote_note":"","_monsterinsights_sitenote_category":0,"footnotes":""},"categories":[1508,3],"tags":[2267,2017],"class_list":["post-14964","post","type-post","status-publish","format-standard","has-post-thumbnail","hentry","category-destaque","category-moda","tag-08-modelos-de-sapatos-que-serao-tendencia-para-o-inverno-2016","tag-inverno-2016"],"yoast_head":"<!-- This site is optimized with the Yoast SEO plugin v26.3 - https:\/\/yoast.com\/wordpress\/plugins\/seo\/ -->\n<title>08 modelos de sapatos que ser\u00e3o tendencia para o inverno 2016 - Andrea Simonetti<\/title>\n<meta name=\"robots\" content=\"index, follow, max-snippet:-1, max-image-preview:large, max-video-preview:-1\" \/>\n<link rel=\"canonical\" href=\"https:\/\/andreasimonetti.com.br\/blog\/08-modelos-de-sapatos-que-serao-tendencia-para-o-inverno-2016\/\" \/>\n<meta property=\"og:locale\" content=\"pt_BR\" \/>\n<meta property=\"og:type\" content=\"article\" \/>\n<meta property=\"og:title\" content=\"08 modelos de sapatos que ser\u00e3o tendencia para o inverno 2016 - Andrea Simonetti\" \/>\n<meta property=\"og:description\" content=\"Separei oito modelos de sapatos que foram destaques na Couromoda agora em janeiro. Apesar da import\u00e2ncia do evento essa edi\u00e7\u00e3o trouxe poucas novidades em sapatos e botas para o pr\u00f3ximo&hellip;\" \/>\n<meta property=\"og:url\" content=\"https:\/\/andreasimonetti.com.br\/blog\/08-modelos-de-sapatos-que-serao-tendencia-para-o-inverno-2016\/\" \/>\n<meta property=\"og:site_name\" content=\"Andrea Simonetti\" \/>\n<meta property=\"article:publisher\" content=\"https:\/\/www.facebook.com\/blogdaandreasimonetti\/\" \/>\n<meta property=\"article:author\" content=\"https:\/\/www.facebook.com\/blogdaandreasimonetti\/\" \/>\n<meta property=\"article:published_time\" content=\"2016-01-21T16:38:38+00:00\" \/>\n<meta property=\"article:modified_time\" content=\"2018-05-08T19:37:07+00:00\" \/>\n<meta property=\"og:image\" content=\"https:\/\/andreasimonetti.com.br\/blog\/wp-content\/uploads\/2016\/01\/couromoda_0.jpg\" \/>\n\t<meta property=\"og:image:width\" content=\"598\" \/>\n\t<meta property=\"og:image:height\" content=\"419\" \/>\n\t<meta property=\"og:image:type\" content=\"image\/jpeg\" \/>\n<meta name=\"author\" content=\"Andrea Simonetti\" \/>\n<meta name=\"twitter:card\" content=\"summary_large_image\" \/>\n<meta name=\"twitter:creator\" content=\"@https:\/\/twitter.com\/Andrea_Simoneti\" \/>\n<meta name=\"twitter:site\" content=\"@Andrea_Simoneti\" \/>\n<meta name=\"twitter:label1\" content=\"Escrito por\" \/>\n\t<meta name=\"twitter:data1\" content=\"Andrea Simonetti\" \/>\n<!-- \/ Yoast SEO plugin. -->","yoast_head_json":{"title":"08 modelos de sapatos que ser\u00e3o tendencia para o inverno 2016 - Andrea Simonetti","robots":{"index":"index","follow":"follow","max-snippet":"max-snippet:-1","max-image-preview":"max-image-preview:large","max-video-preview":"max-video-preview:-1"},"canonical":"https:\/\/andreasimonetti.com.br\/blog\/08-modelos-de-sapatos-que-serao-tendencia-para-o-inverno-2016\/","og_locale":"pt_BR","og_type":"article","og_title":"08 modelos de sapatos que ser\u00e3o tendencia para o inverno 2016 - Andrea Simonetti","og_description":"Separei oito modelos de sapatos que foram destaques na Couromoda agora em janeiro. Apesar da import\u00e2ncia do evento essa edi\u00e7\u00e3o trouxe poucas novidades em sapatos e botas para o pr\u00f3ximo&hellip;","og_url":"https:\/\/andreasimonetti.com.br\/blog\/08-modelos-de-sapatos-que-serao-tendencia-para-o-inverno-2016\/","og_site_name":"Andrea Simonetti","article_publisher":"https:\/\/www.facebook.com\/blogdaandreasimonetti\/","article_author":"https:\/\/www.facebook.com\/blogdaandreasimonetti\/","article_published_time":"2016-01-21T16:38:38+00:00","article_modified_time":"2018-05-08T19:37:07+00:00","og_image":[{"width":598,"height":419,"url":"https:\/\/andreasimonetti.com.br\/blog\/wp-content\/uploads\/2016\/01\/couromoda_0.jpg","type":"image\/jpeg"}],"author":"Andrea Simonetti","twitter_card":"summary_large_image","twitter_creator":"@https:\/\/twitter.com\/Andrea_Simoneti","twitter_site":"@Andrea_Simoneti","twitter_misc":{"Escrito por":"Andrea Simonetti"},"schema":{"@context":"https:\/\/schema.org","@graph":[{"@type":"WebPage","@id":"https:\/\/andreasimonetti.com.br\/blog\/08-modelos-de-sapatos-que-serao-tendencia-para-o-inverno-2016\/","url":"https:\/\/andreasimonetti.com.br\/blog\/08-modelos-de-sapatos-que-serao-tendencia-para-o-inverno-2016\/","name":"08 modelos de sapatos que ser\u00e3o tendencia para o inverno 2016 - Andrea Simonetti","isPartOf":{"@id":"https:\/\/andreasimonetti.com.br\/blog\/#website"},"primaryImageOfPage":{"@id":"https:\/\/andreasimonetti.com.br\/blog\/08-modelos-de-sapatos-que-serao-tendencia-para-o-inverno-2016\/#primaryimage"},"image":{"@id":"https:\/\/andreasimonetti.com.br\/blog\/08-modelos-de-sapatos-que-serao-tendencia-para-o-inverno-2016\/#primaryimage"},"thumbnailUrl":"https:\/\/andreasimonetti.com.br\/blog\/wp-content\/uploads\/2016\/01\/couromoda_0.jpg","datePublished":"2016-01-21T16:38:38+00:00","dateModified":"2018-05-08T19:37:07+00:00","author":{"@id":"https:\/\/andreasimonetti.com.br\/blog\/#\/schema\/person\/254f763c24ac288e27ea738a7366ad2a"},"breadcrumb":{"@id":"https:\/\/andreasimonetti.com.br\/blog\/08-modelos-de-sapatos-que-serao-tendencia-para-o-inverno-2016\/#breadcrumb"},"inLanguage":"pt-BR","potentialAction":[{"@type":"ReadAction","target":["https:\/\/andreasimonetti.com.br\/blog\/08-modelos-de-sapatos-que-serao-tendencia-para-o-inverno-2016\/"]}]},{"@type":"ImageObject","inLanguage":"pt-BR","@id":"https:\/\/andreasimonetti.com.br\/blog\/08-modelos-de-sapatos-que-serao-tendencia-para-o-inverno-2016\/#primaryimage","url":"https:\/\/andreasimonetti.com.br\/blog\/wp-content\/uploads\/2016\/01\/couromoda_0.jpg","contentUrl":"https:\/\/andreasimonetti.com.br\/blog\/wp-content\/uploads\/2016\/01\/couromoda_0.jpg","width":598,"height":419},{"@type":"BreadcrumbList","@id":"https:\/\/andreasimonetti.com.br\/blog\/08-modelos-de-sapatos-que-serao-tendencia-para-o-inverno-2016\/#breadcrumb","itemListElement":[{"@type":"ListItem","position":1,"name":"In\u00edcio","item":"https:\/\/andreasimonetti.com.br\/blog\/"},{"@type":"ListItem","position":2,"name":"08 modelos de sapatos que ser\u00e3o tendencia para o inverno 2016"}]},{"@type":"WebSite","@id":"https:\/\/andreasimonetti.com.br\/blog\/#website","url":"https:\/\/andreasimonetti.com.br\/blog\/","name":"Andrea Simonetti","description":"","potentialAction":[{"@type":"SearchAction","target":{"@type":"EntryPoint","urlTemplate":"https:\/\/andreasimonetti.com.br\/blog\/?s={search_term_string}"},"query-input":{"@type":"PropertyValueSpecification","valueRequired":true,"valueName":"search_term_string"}}],"inLanguage":"pt-BR"},{"@type":"Person","@id":"https:\/\/andreasimonetti.com.br\/blog\/#\/schema\/person\/254f763c24ac288e27ea738a7366ad2a","name":"Andrea Simonetti","image":{"@type":"ImageObject","inLanguage":"pt-BR","@id":"https:\/\/andreasimonetti.com.br\/blog\/#\/schema\/person\/image\/","url":"https:\/\/andreasimonetti.com.br\/blog\/wp-content\/uploads\/2018\/04\/andrea-simonetti-96x96.png","contentUrl":"https:\/\/andreasimonetti.com.br\/blog\/wp-content\/uploads\/2018\/04\/andrea-simonetti-96x96.png","caption":"Andrea Simonetti"},"description":"Sou formada em Administra\u00e7\u00e3o de Empresas, Produ\u00e7\u00e3o de Moda pelo SENAC e Consultoria de Estilo. Sou fascinada por moda desde sempre, adoro ver as pessoas produzidas e de bem com a vida. Moda \u00e9 o meu assunto preferido. Comecei meu blog em 2011, ele cresceu e hoje \u00e9 um site bem mais abrangente, onde eu falo sobre moda e meu trabalho de consultora de estilo. E falo tamb\u00e9m sobre a minha experi\u00eancia de vida. Mas antes de tudo, acredito num Deus Soberano que nos guia e aben\u00e7oa, o tempo todo!","sameAs":["https:\/\/www.andreasimonetti.com.br\/","https:\/\/www.facebook.com\/blogdaandreasimonetti\/","https:\/\/www.instagram.com\/andrea_simonetti\/","https:\/\/br.pinterest.com\/BlogAndrea\/","https:\/\/x.com\/https:\/\/twitter.com\/Andrea_Simoneti"],"url":"https:\/\/andreasimonetti.com.br\/blog\/author\/andrea\/"}]}},"_links":{"self":[{"href":"https:\/\/andreasimonetti.com.br\/blog\/wp-json\/wp\/v2\/posts\/14964","targetHints":{"allow":["GET"]}}],"collection":[{"href":"https:\/\/andreasimonetti.com.br\/blog\/wp-json\/wp\/v2\/posts"}],"about":[{"href":"https:\/\/andreasimonetti.com.br\/blog\/wp-json\/wp\/v2\/types\/post"}],"author":[{"embeddable":true,"href":"https:\/\/andreasimonetti.com.br\/blog\/wp-json\/wp\/v2\/users\/7"}],"replies":[{"embeddable":true,"href":"https:\/\/andreasimonetti.com.br\/blog\/wp-json\/wp\/v2\/comments?post=14964"}],"version-history":[{"count":0,"href":"https:\/\/andreasimonetti.com.br\/blog\/wp-json\/wp\/v2\/posts\/14964\/revisions"}],"wp:featuredmedia":[{"embeddable":true,"href":"https:\/\/andreasimonetti.com.br\/blog\/wp-json\/wp\/v2\/media\/14967"}],"wp:attachment":[{"href":"https:\/\/andreasimonetti.com.br\/blog\/wp-json\/wp\/v2\/media?parent=14964"}],"wp:term":[{"taxonomy":"category","embeddable":true,"href":"https:\/\/andreasimonetti.com.br\/blog\/wp-json\/wp\/v2\/categories?post=14964"},{"taxonomy":"post_tag","embeddable":true,"href":"https:\/\/andreasimonetti.com.br\/blog\/wp-json\/wp\/v2\/tags?post=14964"}],"curies":[{"name":"wp","href":"https:\/\/api.w.org\/{rel}","templated":true}]}}