{"id":14605,"date":"2015-11-16T14:49:04","date_gmt":"2015-11-16T16:49:04","guid":{"rendered":"http:\/\/blogdaandreasimonetti.com.br\/?p=14605"},"modified":"2015-11-17T07:07:59","modified_gmt":"2015-11-17T09:07:59","slug":"revitalift-magic-blur-da-loreal-testei-e-aprovei","status":"publish","type":"post","link":"https:\/\/andreasimonetti.com.br\/blog\/revitalift-magic-blur-da-loreal-testei-e-aprovei\/","title":{"rendered":"Revitalift Magic Blur da Loreal: Testei e aprovei!"},"content":{"rendered":"<p style=\"text-align: justify;\">Meninas j\u00e1 estou usando o Blur da Loreal h\u00e1 algum tempo \u00a0e estou gostando bastante.<\/p>\n<p style=\"text-align: justify;\">Abaixo algumas dicas de como usar:<\/p>\n<p style=\"text-align: justify;\"><strong>Ele promete<\/strong>:<\/p>\n<p style=\"text-align: justify;\">-&#8221; Aperfei\u00e7oador e primer para todos os tipos de pele. L&#8217;Or\u00e9al Paris Dermo-Expertise Revitalift Blur M\u00e1gico suaviza rugas e linhas de forma instant\u00e2nea. Al\u00e9m disso, disfar\u00e7a poros dilatados e combate o brilho excessivo com seu acabamento matte e ainda deixa a textura da pele mais uniforme. Com uma tecnologia de efeito \u00f3tico, cria uma ilus\u00e3o de desfoque que esconde imperfei\u00e7\u00f5es. Assim, ele pode ser usado tanto sozinho como antes da maquiagem, funcionando como um primer perfeito.&#8221;<\/p>\n<p style=\"text-align: justify;\">Na verdade ele \u00e9 um primer. Realmente ap\u00f3s o uso senti um toque aveludado e a pele bem lisinha.<\/p>\n<p style=\"text-align: justify;\"><strong>Como usar:<\/strong><\/p>\n<p style=\"text-align: justify;\">Ele deve ser usado ap\u00f3s a limpeza facial depois do hidratante ou protetor solar e antes da maquiagem.<\/p>\n<div id=\"attachment_14606\" style=\"width: 710px\" class=\"wp-caption alignnone\"><a href=\"http:\/\/blogdaandreasimonetti.com.br\/wp-content\/uploads\/2015\/11\/IMG_3731.jpg\" data-rel=\"penci-gallery-image-content\" ><img loading=\"lazy\" decoding=\"async\" aria-describedby=\"caption-attachment-14606\" class=\"wp-image-14606\" src=\"http:\/\/blogdaandreasimonetti.com.br\/wp-content\/uploads\/2015\/11\/IMG_3731.jpg\" alt=\"IMG_3731\" width=\"700\" height=\"1050\" srcset=\"https:\/\/andreasimonetti.com.br\/blog\/wp-content\/uploads\/2015\/11\/IMG_3731.jpg 3456w, https:\/\/andreasimonetti.com.br\/blog\/wp-content\/uploads\/2015\/11\/IMG_3731-200x300.jpg 200w, https:\/\/andreasimonetti.com.br\/blog\/wp-content\/uploads\/2015\/11\/IMG_3731-683x1024.jpg 683w\" sizes=\"auto, (max-width: 700px) 100vw, 700px\" \/><\/a><p id=\"caption-attachment-14606\" class=\"wp-caption-text\">REVITALIFT MAGIC BLUR DA LOREAL<\/p><\/div>\n<div id=\"attachment_14607\" style=\"width: 710px\" class=\"wp-caption alignnone\"><a href=\"http:\/\/blogdaandreasimonetti.com.br\/wp-content\/uploads\/2015\/11\/IMG_3744.jpg\" data-rel=\"penci-gallery-image-content\" ><img loading=\"lazy\" decoding=\"async\" aria-describedby=\"caption-attachment-14607\" class=\"wp-image-14607\" src=\"http:\/\/blogdaandreasimonetti.com.br\/wp-content\/uploads\/2015\/11\/IMG_3744.jpg\" alt=\"IMG_3744\" width=\"700\" height=\"467\" srcset=\"https:\/\/andreasimonetti.com.br\/blog\/wp-content\/uploads\/2015\/11\/IMG_3744.jpg 5184w, https:\/\/andreasimonetti.com.br\/blog\/wp-content\/uploads\/2015\/11\/IMG_3744-300x200.jpg 300w, https:\/\/andreasimonetti.com.br\/blog\/wp-content\/uploads\/2015\/11\/IMG_3744-1024x683.jpg 1024w, https:\/\/andreasimonetti.com.br\/blog\/wp-content\/uploads\/2015\/11\/IMG_3744-140x94.jpg 140w\" sizes=\"auto, (max-width: 700px) 100vw, 700px\" \/><\/a><p id=\"caption-attachment-14607\" class=\"wp-caption-text\">BLUR M\u00c1GICO REVITALIFT L\u2019OR\u00c9AL<\/p><\/div>\n<div id=\"attachment_14623\" style=\"width: 710px\" class=\"wp-caption alignnone\"><a href=\"http:\/\/blogdaandreasimonetti.com.br\/wp-content\/uploads\/2015\/11\/IMG_4996.jpg\" data-rel=\"penci-gallery-image-content\" ><img loading=\"lazy\" decoding=\"async\" aria-describedby=\"caption-attachment-14623\" class=\"wp-image-14623\" src=\"http:\/\/blogdaandreasimonetti.com.br\/wp-content\/uploads\/2015\/11\/IMG_4996.jpg\" alt=\"IMG_4996\" width=\"700\" height=\"1050\" srcset=\"https:\/\/andreasimonetti.com.br\/blog\/wp-content\/uploads\/2015\/11\/IMG_4996.jpg 3456w, https:\/\/andreasimonetti.com.br\/blog\/wp-content\/uploads\/2015\/11\/IMG_4996-200x300.jpg 200w, https:\/\/andreasimonetti.com.br\/blog\/wp-content\/uploads\/2015\/11\/IMG_4996-683x1024.jpg 683w\" sizes=\"auto, (max-width: 700px) 100vw, 700px\" \/><\/a><p id=\"caption-attachment-14623\" class=\"wp-caption-text\">Usei o Blur da Loreal nesta make.<\/p><\/div>\n","protected":false},"excerpt":{"rendered":"<p>Meninas j\u00e1 estou usando o Blur da Loreal h\u00e1 algum tempo \u00a0e estou gostando bastante. Abaixo algumas dicas de como usar: Ele promete: -&#8221; Aperfei\u00e7oador e primer para todos os&hellip;<\/p>\n","protected":false},"author":7,"featured_media":14606,"comment_status":"open","ping_status":"open","sticky":false,"template":"","format":"standard","meta":{"_monsterinsights_skip_tracking":false,"_monsterinsights_sitenote_active":false,"_monsterinsights_sitenote_note":"","_monsterinsights_sitenote_category":0,"footnotes":""},"categories":[6,1508],"tags":[2234],"class_list":["post-14605","post","type-post","status-publish","format-standard","has-post-thumbnail","hentry","category-beleza","category-destaque","tag-blur-magico-revitalift-loreal"],"yoast_head":"<!-- This site is optimized with the Yoast SEO plugin v26.3 - https:\/\/yoast.com\/wordpress\/plugins\/seo\/ -->\n<title>Revitalift Magic Blur da Loreal: Testei e aprovei! - Andrea Simonetti<\/title>\n<meta name=\"robots\" content=\"index, follow, max-snippet:-1, max-image-preview:large, max-video-preview:-1\" \/>\n<link rel=\"canonical\" href=\"https:\/\/andreasimonetti.com.br\/blog\/revitalift-magic-blur-da-loreal-testei-e-aprovei\/\" \/>\n<meta property=\"og:locale\" content=\"pt_BR\" \/>\n<meta property=\"og:type\" content=\"article\" \/>\n<meta property=\"og:title\" content=\"Revitalift Magic Blur da Loreal: Testei e aprovei! - Andrea Simonetti\" \/>\n<meta property=\"og:description\" content=\"Meninas j\u00e1 estou usando o Blur da Loreal h\u00e1 algum tempo \u00a0e estou gostando bastante. Abaixo algumas dicas de como usar: Ele promete: -&#8221; Aperfei\u00e7oador e primer para todos os&hellip;\" \/>\n<meta property=\"og:url\" content=\"https:\/\/andreasimonetti.com.br\/blog\/revitalift-magic-blur-da-loreal-testei-e-aprovei\/\" \/>\n<meta property=\"og:site_name\" content=\"Andrea Simonetti\" \/>\n<meta property=\"article:publisher\" content=\"https:\/\/www.facebook.com\/blogdaandreasimonetti\/\" \/>\n<meta property=\"article:author\" content=\"https:\/\/www.facebook.com\/blogdaandreasimonetti\/\" \/>\n<meta property=\"article:published_time\" content=\"2015-11-16T16:49:04+00:00\" \/>\n<meta property=\"article:modified_time\" content=\"2015-11-17T09:07:59+00:00\" \/>\n<meta property=\"og:image\" content=\"https:\/\/andreasimonetti.com.br\/blog\/wp-content\/uploads\/2015\/11\/IMG_3731.jpg\" \/>\n\t<meta property=\"og:image:width\" content=\"3456\" \/>\n\t<meta property=\"og:image:height\" content=\"5184\" \/>\n\t<meta property=\"og:image:type\" content=\"image\/jpeg\" \/>\n<meta name=\"author\" content=\"Andrea Simonetti\" \/>\n<meta name=\"twitter:card\" content=\"summary_large_image\" \/>\n<meta name=\"twitter:creator\" content=\"@https:\/\/twitter.com\/Andrea_Simoneti\" \/>\n<meta name=\"twitter:site\" content=\"@Andrea_Simoneti\" \/>\n<meta name=\"twitter:label1\" content=\"Escrito por\" \/>\n\t<meta name=\"twitter:data1\" content=\"Andrea Simonetti\" \/>\n\t<meta name=\"twitter:label2\" content=\"Est. tempo de leitura\" \/>\n\t<meta name=\"twitter:data2\" content=\"1 minuto\" \/>\n<!-- \/ Yoast SEO plugin. -->","yoast_head_json":{"title":"Revitalift Magic Blur da Loreal: Testei e aprovei! - Andrea Simonetti","robots":{"index":"index","follow":"follow","max-snippet":"max-snippet:-1","max-image-preview":"max-image-preview:large","max-video-preview":"max-video-preview:-1"},"canonical":"https:\/\/andreasimonetti.com.br\/blog\/revitalift-magic-blur-da-loreal-testei-e-aprovei\/","og_locale":"pt_BR","og_type":"article","og_title":"Revitalift Magic Blur da Loreal: Testei e aprovei! - Andrea Simonetti","og_description":"Meninas j\u00e1 estou usando o Blur da Loreal h\u00e1 algum tempo \u00a0e estou gostando bastante. Abaixo algumas dicas de como usar: Ele promete: -&#8221; Aperfei\u00e7oador e primer para todos os&hellip;","og_url":"https:\/\/andreasimonetti.com.br\/blog\/revitalift-magic-blur-da-loreal-testei-e-aprovei\/","og_site_name":"Andrea Simonetti","article_publisher":"https:\/\/www.facebook.com\/blogdaandreasimonetti\/","article_author":"https:\/\/www.facebook.com\/blogdaandreasimonetti\/","article_published_time":"2015-11-16T16:49:04+00:00","article_modified_time":"2015-11-17T09:07:59+00:00","og_image":[{"width":3456,"height":5184,"url":"https:\/\/andreasimonetti.com.br\/blog\/wp-content\/uploads\/2015\/11\/IMG_3731.jpg","type":"image\/jpeg"}],"author":"Andrea Simonetti","twitter_card":"summary_large_image","twitter_creator":"@https:\/\/twitter.com\/Andrea_Simoneti","twitter_site":"@Andrea_Simoneti","twitter_misc":{"Escrito por":"Andrea Simonetti","Est. tempo de leitura":"1 minuto"},"schema":{"@context":"https:\/\/schema.org","@graph":[{"@type":"WebPage","@id":"https:\/\/andreasimonetti.com.br\/blog\/revitalift-magic-blur-da-loreal-testei-e-aprovei\/","url":"https:\/\/andreasimonetti.com.br\/blog\/revitalift-magic-blur-da-loreal-testei-e-aprovei\/","name":"Revitalift Magic Blur da Loreal: Testei e aprovei! - Andrea Simonetti","isPartOf":{"@id":"https:\/\/andreasimonetti.com.br\/blog\/#website"},"primaryImageOfPage":{"@id":"https:\/\/andreasimonetti.com.br\/blog\/revitalift-magic-blur-da-loreal-testei-e-aprovei\/#primaryimage"},"image":{"@id":"https:\/\/andreasimonetti.com.br\/blog\/revitalift-magic-blur-da-loreal-testei-e-aprovei\/#primaryimage"},"thumbnailUrl":"https:\/\/andreasimonetti.com.br\/blog\/wp-content\/uploads\/2015\/11\/IMG_3731.jpg","datePublished":"2015-11-16T16:49:04+00:00","dateModified":"2015-11-17T09:07:59+00:00","author":{"@id":"https:\/\/andreasimonetti.com.br\/blog\/#\/schema\/person\/254f763c24ac288e27ea738a7366ad2a"},"breadcrumb":{"@id":"https:\/\/andreasimonetti.com.br\/blog\/revitalift-magic-blur-da-loreal-testei-e-aprovei\/#breadcrumb"},"inLanguage":"pt-BR","potentialAction":[{"@type":"ReadAction","target":["https:\/\/andreasimonetti.com.br\/blog\/revitalift-magic-blur-da-loreal-testei-e-aprovei\/"]}]},{"@type":"ImageObject","inLanguage":"pt-BR","@id":"https:\/\/andreasimonetti.com.br\/blog\/revitalift-magic-blur-da-loreal-testei-e-aprovei\/#primaryimage","url":"https:\/\/andreasimonetti.com.br\/blog\/wp-content\/uploads\/2015\/11\/IMG_3731.jpg","contentUrl":"https:\/\/andreasimonetti.com.br\/blog\/wp-content\/uploads\/2015\/11\/IMG_3731.jpg","width":3456,"height":5184},{"@type":"BreadcrumbList","@id":"https:\/\/andreasimonetti.com.br\/blog\/revitalift-magic-blur-da-loreal-testei-e-aprovei\/#breadcrumb","itemListElement":[{"@type":"ListItem","position":1,"name":"In\u00edcio","item":"https:\/\/andreasimonetti.com.br\/blog\/"},{"@type":"ListItem","position":2,"name":"Revitalift Magic Blur da Loreal: Testei e aprovei!"}]},{"@type":"WebSite","@id":"https:\/\/andreasimonetti.com.br\/blog\/#website","url":"https:\/\/andreasimonetti.com.br\/blog\/","name":"Andrea Simonetti","description":"","potentialAction":[{"@type":"SearchAction","target":{"@type":"EntryPoint","urlTemplate":"https:\/\/andreasimonetti.com.br\/blog\/?s={search_term_string}"},"query-input":{"@type":"PropertyValueSpecification","valueRequired":true,"valueName":"search_term_string"}}],"inLanguage":"pt-BR"},{"@type":"Person","@id":"https:\/\/andreasimonetti.com.br\/blog\/#\/schema\/person\/254f763c24ac288e27ea738a7366ad2a","name":"Andrea Simonetti","image":{"@type":"ImageObject","inLanguage":"pt-BR","@id":"https:\/\/andreasimonetti.com.br\/blog\/#\/schema\/person\/image\/","url":"https:\/\/andreasimonetti.com.br\/blog\/wp-content\/uploads\/2018\/04\/andrea-simonetti-96x96.png","contentUrl":"https:\/\/andreasimonetti.com.br\/blog\/wp-content\/uploads\/2018\/04\/andrea-simonetti-96x96.png","caption":"Andrea Simonetti"},"description":"Sou formada em Administra\u00e7\u00e3o de Empresas, Produ\u00e7\u00e3o de Moda pelo SENAC e Consultoria de Estilo. Sou fascinada por moda desde sempre, adoro ver as pessoas produzidas e de bem com a vida. Moda \u00e9 o meu assunto preferido. Comecei meu blog em 2011, ele cresceu e hoje \u00e9 um site bem mais abrangente, onde eu falo sobre moda e meu trabalho de consultora de estilo. E falo tamb\u00e9m sobre a minha experi\u00eancia de vida. Mas antes de tudo, acredito num Deus Soberano que nos guia e aben\u00e7oa, o tempo todo!","sameAs":["https:\/\/www.andreasimonetti.com.br\/","https:\/\/www.facebook.com\/blogdaandreasimonetti\/","https:\/\/www.instagram.com\/andrea_simonetti\/","https:\/\/br.pinterest.com\/BlogAndrea\/","https:\/\/x.com\/https:\/\/twitter.com\/Andrea_Simoneti"],"url":"https:\/\/andreasimonetti.com.br\/blog\/author\/andrea\/"}]}},"_links":{"self":[{"href":"https:\/\/andreasimonetti.com.br\/blog\/wp-json\/wp\/v2\/posts\/14605","targetHints":{"allow":["GET"]}}],"collection":[{"href":"https:\/\/andreasimonetti.com.br\/blog\/wp-json\/wp\/v2\/posts"}],"about":[{"href":"https:\/\/andreasimonetti.com.br\/blog\/wp-json\/wp\/v2\/types\/post"}],"author":[{"embeddable":true,"href":"https:\/\/andreasimonetti.com.br\/blog\/wp-json\/wp\/v2\/users\/7"}],"replies":[{"embeddable":true,"href":"https:\/\/andreasimonetti.com.br\/blog\/wp-json\/wp\/v2\/comments?post=14605"}],"version-history":[{"count":0,"href":"https:\/\/andreasimonetti.com.br\/blog\/wp-json\/wp\/v2\/posts\/14605\/revisions"}],"wp:featuredmedia":[{"embeddable":true,"href":"https:\/\/andreasimonetti.com.br\/blog\/wp-json\/wp\/v2\/media\/14606"}],"wp:attachment":[{"href":"https:\/\/andreasimonetti.com.br\/blog\/wp-json\/wp\/v2\/media?parent=14605"}],"wp:term":[{"taxonomy":"category","embeddable":true,"href":"https:\/\/andreasimonetti.com.br\/blog\/wp-json\/wp\/v2\/categories?post=14605"},{"taxonomy":"post_tag","embeddable":true,"href":"https:\/\/andreasimonetti.com.br\/blog\/wp-json\/wp\/v2\/tags?post=14605"}],"curies":[{"name":"wp","href":"https:\/\/api.w.org\/{rel}","templated":true}]}}