{"id":14174,"date":"2015-09-14T14:59:54","date_gmt":"2015-09-14T17:59:54","guid":{"rendered":"http:\/\/blogdaandreasimonetti.com.br\/?p=14174"},"modified":"2018-05-25T08:52:07","modified_gmt":"2018-05-25T11:52:07","slug":"uma-exposicao-que-faz-a-gente-sonhar","status":"publish","type":"post","link":"https:\/\/andreasimonetti.com.br\/blog\/uma-exposicao-que-faz-a-gente-sonhar\/","title":{"rendered":"Uma exposi\u00e7\u00e3o que faz a gente sonhar"},"content":{"rendered":"<p style=\"text-align: justify;\">Eu adoro arte e quero convidar voc\u00eas \u00e0 visitarem a linda exposi\u00e7\u00e3o &#8216;L\u00fadico Tridimensional&#8217; no <strong>Espa\u00e7o Cultural Le\u00f4nidas Simonetti<\/strong>, no pr\u00e9dio da <strong>94 FM<\/strong>. Tenho um enorme carinho por esse espa\u00e7o dedicado \u00e0s artes e que leva o nome do meu<strong> av\u00f4<\/strong> paterno.<\/p>\n<p><a href=\"http:\/\/blogdaandreasimonetti.com.br\/wp-content\/uploads\/2015\/09\/029.jpg\" data-rel=\"penci-gallery-image-content\" ><img loading=\"lazy\" decoding=\"async\" class=\"alignnone wp-image-14196\" src=\"http:\/\/blogdaandreasimonetti.com.br\/wp-content\/uploads\/2015\/09\/029.jpg\" alt=\"029\" width=\"700\" height=\"467\" srcset=\"https:\/\/andreasimonetti.com.br\/blog\/wp-content\/uploads\/2015\/09\/029.jpg 5184w, https:\/\/andreasimonetti.com.br\/blog\/wp-content\/uploads\/2015\/09\/029-300x200.jpg 300w, https:\/\/andreasimonetti.com.br\/blog\/wp-content\/uploads\/2015\/09\/029-1024x683.jpg 1024w, https:\/\/andreasimonetti.com.br\/blog\/wp-content\/uploads\/2015\/09\/029-140x94.jpg 140w\" sizes=\"auto, (max-width: 700px) 100vw, 700px\" \/><\/a><\/p>\n<div id=\"verexposicao\">\n<p style=\"text-align: justify;\">O artista pl\u00e1stico ALESSANDRO BRAND\u00c3O apresenta sua exposi\u00e7\u00e3o <strong>\u201cL\u00fadico Tridimensional\u201d<\/strong>, at\u00e9 09 de outubro, no Espa\u00e7o Cultural Le\u00f4nidas Simonetti.<\/p>\n<p style=\"text-align: justify;\">Graduado em Artes Visuais, Alessandro iniciou suas pesquisas nas artes pl\u00e1sticas na composi\u00e7\u00e3o de cen\u00e1rios, pinturas em grandes dimens\u00f5es e constru\u00e7\u00e3o de bonecos de manipula\u00e7\u00e3o junto a sua carreira teatral em meados dos anos 90.<\/p>\n<p style=\"text-align: justify;\">S\u00e3o 20 anos de cria\u00e7\u00e3o art\u00edstica, executando diversas s\u00e9ries de pinturas murais e instala\u00e7\u00f5es tem\u00e1ticas expostas em espa\u00e7os p\u00fablicos e particulares.<\/p>\n<p style=\"text-align: justify;\">No ano 2.000 fundou a Giralua Companhia de Artes, assinando a dramaturgia e atuando com dezenas de espet\u00e1culos teatrais, coordenando oficinas art\u00edsticas e artes c\u00eanicas e visuais.<\/p>\n<p style=\"text-align: justify;\">As pe\u00e7as em exposi\u00e7\u00e3o no Espa\u00e7o Cultural Le\u00f4nidas Simonetti da 94FM, integram espet\u00e1culos envoltos em universo l\u00fadico e encantat\u00f3rio.<\/p>\n<p style=\"text-align: justify;\">Trata-se de um aut\u00eantico di\u00e1logo das artes visuais com o teatro infanto-juvenil. O fant\u00e1stico e o l\u00fadico no universo da crian\u00e7a, num clima de fantasia e encantamento com uma s\u00e9rie de animais na floresta com \u00edndios, bonecos de tamanho natural, al\u00e9m de pinturas e pain\u00e9is cenogr\u00e1ficos.<\/p>\n<p><a href=\"http:\/\/blogdaandreasimonetti.com.br\/wp-content\/uploads\/2015\/09\/024.jpg\" data-rel=\"penci-gallery-image-content\" ><img loading=\"lazy\" decoding=\"async\" class=\"alignnone wp-image-14197\" src=\"http:\/\/blogdaandreasimonetti.com.br\/wp-content\/uploads\/2015\/09\/024.jpg\" alt=\"024\" width=\"700\" height=\"1050\" srcset=\"https:\/\/andreasimonetti.com.br\/blog\/wp-content\/uploads\/2015\/09\/024.jpg 3456w, https:\/\/andreasimonetti.com.br\/blog\/wp-content\/uploads\/2015\/09\/024-200x300.jpg 200w, https:\/\/andreasimonetti.com.br\/blog\/wp-content\/uploads\/2015\/09\/024-683x1024.jpg 683w\" sizes=\"auto, (max-width: 700px) 100vw, 700px\" \/><\/a><\/p>\n<p><a href=\"http:\/\/blogdaandreasimonetti.com.br\/wp-content\/uploads\/2015\/09\/025.jpg\" data-rel=\"penci-gallery-image-content\" ><img loading=\"lazy\" decoding=\"async\" class=\"alignnone wp-image-14198\" src=\"http:\/\/blogdaandreasimonetti.com.br\/wp-content\/uploads\/2015\/09\/025.jpg\" alt=\"025\" width=\"700\" height=\"1050\" srcset=\"https:\/\/andreasimonetti.com.br\/blog\/wp-content\/uploads\/2015\/09\/025.jpg 3456w, https:\/\/andreasimonetti.com.br\/blog\/wp-content\/uploads\/2015\/09\/025-200x300.jpg 200w, https:\/\/andreasimonetti.com.br\/blog\/wp-content\/uploads\/2015\/09\/025-683x1024.jpg 683w\" sizes=\"auto, (max-width: 700px) 100vw, 700px\" \/><\/a><\/p>\n<p><a href=\"http:\/\/blogdaandreasimonetti.com.br\/wp-content\/uploads\/2015\/09\/026.jpg\" data-rel=\"penci-gallery-image-content\" ><img loading=\"lazy\" decoding=\"async\" class=\"alignnone wp-image-14199\" src=\"http:\/\/blogdaandreasimonetti.com.br\/wp-content\/uploads\/2015\/09\/026.jpg\" alt=\"026\" width=\"700\" height=\"467\" srcset=\"https:\/\/andreasimonetti.com.br\/blog\/wp-content\/uploads\/2015\/09\/026.jpg 5184w, https:\/\/andreasimonetti.com.br\/blog\/wp-content\/uploads\/2015\/09\/026-300x200.jpg 300w, https:\/\/andreasimonetti.com.br\/blog\/wp-content\/uploads\/2015\/09\/026-1024x683.jpg 1024w, https:\/\/andreasimonetti.com.br\/blog\/wp-content\/uploads\/2015\/09\/026-140x94.jpg 140w\" sizes=\"auto, (max-width: 700px) 100vw, 700px\" \/><\/a><br \/>\n<strong>Servi\u00e7os<\/strong><\/p>\n<p>Local: Espa\u00e7o Cultural Le\u00f4nidas Simonetti<br \/>\nRua Marcos A.G.Serra 3-35 \u2013 pr\u00f3ximo ao Bauru Shopping<br \/>\nPer\u00edodo : at\u00e9 09 de outubro de 2015.<br \/>\nVisitas gratuitas \u2013 segunda \u00e0 sexta feira das 9 \u00e0s 18 horas e aos s\u00e1bados das 9 \u00e0s 12 horas.<\/p>\n<\/div>\n","protected":false},"excerpt":{"rendered":"<p>Eu adoro arte e quero convidar voc\u00eas \u00e0 visitarem a linda exposi\u00e7\u00e3o &#8216;L\u00fadico Tridimensional&#8217; no Espa\u00e7o Cultural Le\u00f4nidas Simonetti, no pr\u00e9dio da 94 FM. Tenho um enorme carinho por esse&hellip;<\/p>\n","protected":false},"author":7,"featured_media":14199,"comment_status":"open","ping_status":"open","sticky":false,"template":"","format":"standard","meta":{"_monsterinsights_skip_tracking":false,"_monsterinsights_sitenote_active":false,"_monsterinsights_sitenote_note":"","_monsterinsights_sitenote_category":0,"footnotes":""},"categories":[1508,2013],"tags":[195,1506,2164],"class_list":["post-14174","post","type-post","status-publish","format-standard","has-post-thumbnail","hentry","category-destaque","category-lifestyle","tag-94-fm-bauru","tag-arte","tag-espaco-cultural-leonidas-simonetti"],"yoast_head":"<!-- This site is optimized with the Yoast SEO plugin v26.3 - https:\/\/yoast.com\/wordpress\/plugins\/seo\/ -->\n<title>Uma exposi\u00e7\u00e3o que faz a gente sonhar - Andrea Simonetti<\/title>\n<meta name=\"robots\" content=\"index, follow, max-snippet:-1, max-image-preview:large, max-video-preview:-1\" \/>\n<link rel=\"canonical\" href=\"https:\/\/andreasimonetti.com.br\/blog\/uma-exposicao-que-faz-a-gente-sonhar\/\" \/>\n<meta property=\"og:locale\" content=\"pt_BR\" \/>\n<meta property=\"og:type\" content=\"article\" \/>\n<meta property=\"og:title\" content=\"Uma exposi\u00e7\u00e3o que faz a gente sonhar - Andrea Simonetti\" \/>\n<meta property=\"og:description\" content=\"Eu adoro arte e quero convidar voc\u00eas \u00e0 visitarem a linda exposi\u00e7\u00e3o &#8216;L\u00fadico Tridimensional&#8217; no Espa\u00e7o Cultural Le\u00f4nidas Simonetti, no pr\u00e9dio da 94 FM. Tenho um enorme carinho por esse&hellip;\" \/>\n<meta property=\"og:url\" content=\"https:\/\/andreasimonetti.com.br\/blog\/uma-exposicao-que-faz-a-gente-sonhar\/\" \/>\n<meta property=\"og:site_name\" content=\"Andrea Simonetti\" \/>\n<meta property=\"article:publisher\" content=\"https:\/\/www.facebook.com\/blogdaandreasimonetti\/\" \/>\n<meta property=\"article:author\" content=\"https:\/\/www.facebook.com\/blogdaandreasimonetti\/\" \/>\n<meta property=\"article:published_time\" content=\"2015-09-14T17:59:54+00:00\" \/>\n<meta property=\"article:modified_time\" content=\"2018-05-25T11:52:07+00:00\" \/>\n<meta property=\"og:image\" content=\"https:\/\/andreasimonetti.com.br\/blog\/wp-content\/uploads\/2015\/09\/026-1024x683.jpg\" \/>\n\t<meta property=\"og:image:width\" content=\"1024\" \/>\n\t<meta property=\"og:image:height\" content=\"683\" \/>\n\t<meta property=\"og:image:type\" content=\"image\/jpeg\" \/>\n<meta name=\"author\" content=\"Andrea Simonetti\" \/>\n<meta name=\"twitter:card\" content=\"summary_large_image\" \/>\n<meta name=\"twitter:creator\" content=\"@https:\/\/twitter.com\/Andrea_Simoneti\" \/>\n<meta name=\"twitter:site\" content=\"@Andrea_Simoneti\" \/>\n<meta name=\"twitter:label1\" content=\"Escrito por\" \/>\n\t<meta name=\"twitter:data1\" content=\"Andrea Simonetti\" \/>\n\t<meta name=\"twitter:label2\" content=\"Est. tempo de leitura\" \/>\n\t<meta name=\"twitter:data2\" content=\"1 minuto\" \/>\n<!-- \/ Yoast SEO plugin. -->","yoast_head_json":{"title":"Uma exposi\u00e7\u00e3o que faz a gente sonhar - Andrea Simonetti","robots":{"index":"index","follow":"follow","max-snippet":"max-snippet:-1","max-image-preview":"max-image-preview:large","max-video-preview":"max-video-preview:-1"},"canonical":"https:\/\/andreasimonetti.com.br\/blog\/uma-exposicao-que-faz-a-gente-sonhar\/","og_locale":"pt_BR","og_type":"article","og_title":"Uma exposi\u00e7\u00e3o que faz a gente sonhar - Andrea Simonetti","og_description":"Eu adoro arte e quero convidar voc\u00eas \u00e0 visitarem a linda exposi\u00e7\u00e3o &#8216;L\u00fadico Tridimensional&#8217; no Espa\u00e7o Cultural Le\u00f4nidas Simonetti, no pr\u00e9dio da 94 FM. Tenho um enorme carinho por esse&hellip;","og_url":"https:\/\/andreasimonetti.com.br\/blog\/uma-exposicao-que-faz-a-gente-sonhar\/","og_site_name":"Andrea Simonetti","article_publisher":"https:\/\/www.facebook.com\/blogdaandreasimonetti\/","article_author":"https:\/\/www.facebook.com\/blogdaandreasimonetti\/","article_published_time":"2015-09-14T17:59:54+00:00","article_modified_time":"2018-05-25T11:52:07+00:00","og_image":[{"width":1024,"height":683,"url":"https:\/\/andreasimonetti.com.br\/blog\/wp-content\/uploads\/2015\/09\/026-1024x683.jpg","type":"image\/jpeg"}],"author":"Andrea Simonetti","twitter_card":"summary_large_image","twitter_creator":"@https:\/\/twitter.com\/Andrea_Simoneti","twitter_site":"@Andrea_Simoneti","twitter_misc":{"Escrito por":"Andrea Simonetti","Est. tempo de leitura":"1 minuto"},"schema":{"@context":"https:\/\/schema.org","@graph":[{"@type":"WebPage","@id":"https:\/\/andreasimonetti.com.br\/blog\/uma-exposicao-que-faz-a-gente-sonhar\/","url":"https:\/\/andreasimonetti.com.br\/blog\/uma-exposicao-que-faz-a-gente-sonhar\/","name":"Uma exposi\u00e7\u00e3o que faz a gente sonhar - Andrea Simonetti","isPartOf":{"@id":"https:\/\/andreasimonetti.com.br\/blog\/#website"},"primaryImageOfPage":{"@id":"https:\/\/andreasimonetti.com.br\/blog\/uma-exposicao-que-faz-a-gente-sonhar\/#primaryimage"},"image":{"@id":"https:\/\/andreasimonetti.com.br\/blog\/uma-exposicao-que-faz-a-gente-sonhar\/#primaryimage"},"thumbnailUrl":"https:\/\/andreasimonetti.com.br\/blog\/wp-content\/uploads\/2015\/09\/026.jpg","datePublished":"2015-09-14T17:59:54+00:00","dateModified":"2018-05-25T11:52:07+00:00","author":{"@id":"https:\/\/andreasimonetti.com.br\/blog\/#\/schema\/person\/254f763c24ac288e27ea738a7366ad2a"},"breadcrumb":{"@id":"https:\/\/andreasimonetti.com.br\/blog\/uma-exposicao-que-faz-a-gente-sonhar\/#breadcrumb"},"inLanguage":"pt-BR","potentialAction":[{"@type":"ReadAction","target":["https:\/\/andreasimonetti.com.br\/blog\/uma-exposicao-que-faz-a-gente-sonhar\/"]}]},{"@type":"ImageObject","inLanguage":"pt-BR","@id":"https:\/\/andreasimonetti.com.br\/blog\/uma-exposicao-que-faz-a-gente-sonhar\/#primaryimage","url":"https:\/\/andreasimonetti.com.br\/blog\/wp-content\/uploads\/2015\/09\/026.jpg","contentUrl":"https:\/\/andreasimonetti.com.br\/blog\/wp-content\/uploads\/2015\/09\/026.jpg","width":5184,"height":3456},{"@type":"BreadcrumbList","@id":"https:\/\/andreasimonetti.com.br\/blog\/uma-exposicao-que-faz-a-gente-sonhar\/#breadcrumb","itemListElement":[{"@type":"ListItem","position":1,"name":"In\u00edcio","item":"https:\/\/andreasimonetti.com.br\/blog\/"},{"@type":"ListItem","position":2,"name":"Uma exposi\u00e7\u00e3o que faz a gente sonhar"}]},{"@type":"WebSite","@id":"https:\/\/andreasimonetti.com.br\/blog\/#website","url":"https:\/\/andreasimonetti.com.br\/blog\/","name":"Andrea Simonetti","description":"","potentialAction":[{"@type":"SearchAction","target":{"@type":"EntryPoint","urlTemplate":"https:\/\/andreasimonetti.com.br\/blog\/?s={search_term_string}"},"query-input":{"@type":"PropertyValueSpecification","valueRequired":true,"valueName":"search_term_string"}}],"inLanguage":"pt-BR"},{"@type":"Person","@id":"https:\/\/andreasimonetti.com.br\/blog\/#\/schema\/person\/254f763c24ac288e27ea738a7366ad2a","name":"Andrea Simonetti","image":{"@type":"ImageObject","inLanguage":"pt-BR","@id":"https:\/\/andreasimonetti.com.br\/blog\/#\/schema\/person\/image\/","url":"https:\/\/andreasimonetti.com.br\/blog\/wp-content\/uploads\/2018\/04\/andrea-simonetti-96x96.png","contentUrl":"https:\/\/andreasimonetti.com.br\/blog\/wp-content\/uploads\/2018\/04\/andrea-simonetti-96x96.png","caption":"Andrea Simonetti"},"description":"Sou formada em Administra\u00e7\u00e3o de Empresas, Produ\u00e7\u00e3o de Moda pelo SENAC e Consultoria de Estilo. Sou fascinada por moda desde sempre, adoro ver as pessoas produzidas e de bem com a vida. Moda \u00e9 o meu assunto preferido. Comecei meu blog em 2011, ele cresceu e hoje \u00e9 um site bem mais abrangente, onde eu falo sobre moda e meu trabalho de consultora de estilo. E falo tamb\u00e9m sobre a minha experi\u00eancia de vida. Mas antes de tudo, acredito num Deus Soberano que nos guia e aben\u00e7oa, o tempo todo!","sameAs":["https:\/\/www.andreasimonetti.com.br\/","https:\/\/www.facebook.com\/blogdaandreasimonetti\/","https:\/\/www.instagram.com\/andrea_simonetti\/","https:\/\/br.pinterest.com\/BlogAndrea\/","https:\/\/x.com\/https:\/\/twitter.com\/Andrea_Simoneti"],"url":"https:\/\/andreasimonetti.com.br\/blog\/author\/andrea\/"}]}},"_links":{"self":[{"href":"https:\/\/andreasimonetti.com.br\/blog\/wp-json\/wp\/v2\/posts\/14174","targetHints":{"allow":["GET"]}}],"collection":[{"href":"https:\/\/andreasimonetti.com.br\/blog\/wp-json\/wp\/v2\/posts"}],"about":[{"href":"https:\/\/andreasimonetti.com.br\/blog\/wp-json\/wp\/v2\/types\/post"}],"author":[{"embeddable":true,"href":"https:\/\/andreasimonetti.com.br\/blog\/wp-json\/wp\/v2\/users\/7"}],"replies":[{"embeddable":true,"href":"https:\/\/andreasimonetti.com.br\/blog\/wp-json\/wp\/v2\/comments?post=14174"}],"version-history":[{"count":0,"href":"https:\/\/andreasimonetti.com.br\/blog\/wp-json\/wp\/v2\/posts\/14174\/revisions"}],"wp:featuredmedia":[{"embeddable":true,"href":"https:\/\/andreasimonetti.com.br\/blog\/wp-json\/wp\/v2\/media\/14199"}],"wp:attachment":[{"href":"https:\/\/andreasimonetti.com.br\/blog\/wp-json\/wp\/v2\/media?parent=14174"}],"wp:term":[{"taxonomy":"category","embeddable":true,"href":"https:\/\/andreasimonetti.com.br\/blog\/wp-json\/wp\/v2\/categories?post=14174"},{"taxonomy":"post_tag","embeddable":true,"href":"https:\/\/andreasimonetti.com.br\/blog\/wp-json\/wp\/v2\/tags?post=14174"}],"curies":[{"name":"wp","href":"https:\/\/api.w.org\/{rel}","templated":true}]}}