{"id":14134,"date":"2015-09-02T21:20:58","date_gmt":"2015-09-03T00:20:58","guid":{"rendered":"http:\/\/blogdaandreasimonetti.com.br\/?p=14134"},"modified":"2015-09-02T21:58:37","modified_gmt":"2015-09-03T00:58:37","slug":"a-isabela-faz-um-ano","status":"publish","type":"post","link":"https:\/\/andreasimonetti.com.br\/blog\/a-isabela-faz-um-ano\/","title":{"rendered":"A Isabela faz um ano !"},"content":{"rendered":"<p style=\"text-align: justify;\">Minha linda netinha Isabela completou o seu primeiro anivers\u00e1rio em agosto com uma linda festa. \u00a0O tema da decora\u00e7\u00e3o n\u00e3o poderia ser mais apropriado : Princesa. Isabela irradia paz e alegria, \u00e9 puro encanto. Nem preciso dizer que \u00e9 o centro das aten\u00e7\u00f5es e do amor de toda a fam\u00edlia. E al\u00e9m de tudo, minha netinha \u00e9 linda !!! Te amo Isabela !!!!<br \/>\nA festa foi no Buffet Zappteen, decora\u00e7\u00e3o de Nathalia Velloso Ventrilho, papelaria de Papel Ideia e fotos de Juliana Paix\u00e3o.<\/p>\n<p><a href=\"http:\/\/blogdaandreasimonetti.com.br\/wp-content\/uploads\/2015\/09\/DSC_0930.jpg\" data-rel=\"penci-gallery-image-content\" ><img loading=\"lazy\" decoding=\"async\" class=\"alignnone wp-image-14142\" src=\"http:\/\/blogdaandreasimonetti.com.br\/wp-content\/uploads\/2015\/09\/DSC_0930.jpg\" alt=\"DSC_0930\" width=\"700\" height=\"465\" srcset=\"https:\/\/andreasimonetti.com.br\/blog\/wp-content\/uploads\/2015\/09\/DSC_0930.jpg 3216w, https:\/\/andreasimonetti.com.br\/blog\/wp-content\/uploads\/2015\/09\/DSC_0930-300x199.jpg 300w, https:\/\/andreasimonetti.com.br\/blog\/wp-content\/uploads\/2015\/09\/DSC_0930-1024x680.jpg 1024w, https:\/\/andreasimonetti.com.br\/blog\/wp-content\/uploads\/2015\/09\/DSC_0930-140x94.jpg 140w\" sizes=\"auto, (max-width: 700px) 100vw, 700px\" \/><\/a><\/p>\n<div id=\"attachment_14135\" style=\"width: 710px\" class=\"wp-caption alignnone\"><a href=\"http:\/\/blogdaandreasimonetti.com.br\/wp-content\/uploads\/2015\/09\/DSC_0714.jpg\" data-rel=\"penci-gallery-image-content\" ><img loading=\"lazy\" decoding=\"async\" aria-describedby=\"caption-attachment-14135\" class=\"wp-image-14135\" src=\"http:\/\/blogdaandreasimonetti.com.br\/wp-content\/uploads\/2015\/09\/DSC_0714.jpg\" alt=\"DSC_0714\" width=\"700\" height=\"465\" srcset=\"https:\/\/andreasimonetti.com.br\/blog\/wp-content\/uploads\/2015\/09\/DSC_0714.jpg 3216w, https:\/\/andreasimonetti.com.br\/blog\/wp-content\/uploads\/2015\/09\/DSC_0714-300x199.jpg 300w, https:\/\/andreasimonetti.com.br\/blog\/wp-content\/uploads\/2015\/09\/DSC_0714-1024x680.jpg 1024w, https:\/\/andreasimonetti.com.br\/blog\/wp-content\/uploads\/2015\/09\/DSC_0714-140x94.jpg 140w\" sizes=\"auto, (max-width: 700px) 100vw, 700px\" \/><\/a><p id=\"caption-attachment-14135\" class=\"wp-caption-text\">Veridiana e Isabela.<\/p><\/div>\n<p><a href=\"http:\/\/blogdaandreasimonetti.com.br\/wp-content\/uploads\/2015\/09\/DSC_0495.jpg\" data-rel=\"penci-gallery-image-content\" ><img loading=\"lazy\" decoding=\"async\" class=\"alignnone wp-image-14137\" src=\"http:\/\/blogdaandreasimonetti.com.br\/wp-content\/uploads\/2015\/09\/DSC_0495.jpg\" alt=\"DSC_0495\" width=\"700\" height=\"465\" srcset=\"https:\/\/andreasimonetti.com.br\/blog\/wp-content\/uploads\/2015\/09\/DSC_0495.jpg 3216w, https:\/\/andreasimonetti.com.br\/blog\/wp-content\/uploads\/2015\/09\/DSC_0495-300x199.jpg 300w, https:\/\/andreasimonetti.com.br\/blog\/wp-content\/uploads\/2015\/09\/DSC_0495-1024x680.jpg 1024w, https:\/\/andreasimonetti.com.br\/blog\/wp-content\/uploads\/2015\/09\/DSC_0495-140x94.jpg 140w\" sizes=\"auto, (max-width: 700px) 100vw, 700px\" \/><\/a><\/p>\n<div id=\"attachment_14138\" style=\"width: 710px\" class=\"wp-caption alignnone\"><a href=\"http:\/\/blogdaandreasimonetti.com.br\/wp-content\/uploads\/2015\/09\/DSC_0852.jpg\" data-rel=\"penci-gallery-image-content\" ><img loading=\"lazy\" decoding=\"async\" aria-describedby=\"caption-attachment-14138\" class=\"wp-image-14138\" src=\"http:\/\/blogdaandreasimonetti.com.br\/wp-content\/uploads\/2015\/09\/DSC_0852.jpg\" alt=\"DSC_0852\" width=\"700\" height=\"465\" srcset=\"https:\/\/andreasimonetti.com.br\/blog\/wp-content\/uploads\/2015\/09\/DSC_0852.jpg 3216w, https:\/\/andreasimonetti.com.br\/blog\/wp-content\/uploads\/2015\/09\/DSC_0852-300x199.jpg 300w, https:\/\/andreasimonetti.com.br\/blog\/wp-content\/uploads\/2015\/09\/DSC_0852-1024x680.jpg 1024w, https:\/\/andreasimonetti.com.br\/blog\/wp-content\/uploads\/2015\/09\/DSC_0852-140x94.jpg 140w\" sizes=\"auto, (max-width: 700px) 100vw, 700px\" \/><\/a><p id=\"caption-attachment-14138\" class=\"wp-caption-text\">A tatarav\u00f3 Odilia, a bisav\u00f3 Nil e minha filha Veridiana (05 gera\u00e7\u00f5es).<\/p><\/div>\n<p><a href=\"http:\/\/blogdaandreasimonetti.com.br\/wp-content\/uploads\/2015\/09\/DSC_0715.jpg\" data-rel=\"penci-gallery-image-content\" ><img loading=\"lazy\" decoding=\"async\" class=\"alignnone wp-image-14139\" src=\"http:\/\/blogdaandreasimonetti.com.br\/wp-content\/uploads\/2015\/09\/DSC_0715.jpg\" alt=\"DSC_0715\" width=\"700\" height=\"465\" srcset=\"https:\/\/andreasimonetti.com.br\/blog\/wp-content\/uploads\/2015\/09\/DSC_0715.jpg 3216w, https:\/\/andreasimonetti.com.br\/blog\/wp-content\/uploads\/2015\/09\/DSC_0715-300x199.jpg 300w, https:\/\/andreasimonetti.com.br\/blog\/wp-content\/uploads\/2015\/09\/DSC_0715-1024x680.jpg 1024w, https:\/\/andreasimonetti.com.br\/blog\/wp-content\/uploads\/2015\/09\/DSC_0715-140x94.jpg 140w\" sizes=\"auto, (max-width: 700px) 100vw, 700px\" \/><\/a><\/p>\n<p><a href=\"http:\/\/blogdaandreasimonetti.com.br\/wp-content\/uploads\/2015\/09\/23.jpg\" data-rel=\"penci-gallery-image-content\" ><img loading=\"lazy\" decoding=\"async\" class=\"alignnone wp-image-14149\" src=\"http:\/\/blogdaandreasimonetti.com.br\/wp-content\/uploads\/2015\/09\/23.jpg\" alt=\"23\" width=\"700\" height=\"465\" srcset=\"https:\/\/andreasimonetti.com.br\/blog\/wp-content\/uploads\/2015\/09\/23.jpg 2048w, https:\/\/andreasimonetti.com.br\/blog\/wp-content\/uploads\/2015\/09\/23-300x199.jpg 300w, https:\/\/andreasimonetti.com.br\/blog\/wp-content\/uploads\/2015\/09\/23-1024x680.jpg 1024w, https:\/\/andreasimonetti.com.br\/blog\/wp-content\/uploads\/2015\/09\/23-140x94.jpg 140w\" sizes=\"auto, (max-width: 700px) 100vw, 700px\" \/><\/a><\/p>\n<p><a href=\"http:\/\/blogdaandreasimonetti.com.br\/wp-content\/uploads\/2015\/09\/22.jpg\" data-rel=\"penci-gallery-image-content\" ><img loading=\"lazy\" decoding=\"async\" class=\"alignnone wp-image-14150\" src=\"http:\/\/blogdaandreasimonetti.com.br\/wp-content\/uploads\/2015\/09\/22.jpg\" alt=\"22\" width=\"700\" height=\"465\" srcset=\"https:\/\/andreasimonetti.com.br\/blog\/wp-content\/uploads\/2015\/09\/22.jpg 2048w, https:\/\/andreasimonetti.com.br\/blog\/wp-content\/uploads\/2015\/09\/22-300x199.jpg 300w, https:\/\/andreasimonetti.com.br\/blog\/wp-content\/uploads\/2015\/09\/22-1024x680.jpg 1024w, https:\/\/andreasimonetti.com.br\/blog\/wp-content\/uploads\/2015\/09\/22-140x94.jpg 140w\" sizes=\"auto, (max-width: 700px) 100vw, 700px\" \/><\/a><\/p>\n<p><a href=\"http:\/\/blogdaandreasimonetti.com.br\/wp-content\/uploads\/2015\/09\/page-1.jpg\" data-rel=\"penci-gallery-image-content\" ><img loading=\"lazy\" decoding=\"async\" class=\"alignnone size-full wp-image-14144\" src=\"http:\/\/blogdaandreasimonetti.com.br\/wp-content\/uploads\/2015\/09\/page-1.jpg\" alt=\"page 1\" width=\"700\" height=\"700\" srcset=\"https:\/\/andreasimonetti.com.br\/blog\/wp-content\/uploads\/2015\/09\/page-1.jpg 700w, https:\/\/andreasimonetti.com.br\/blog\/wp-content\/uploads\/2015\/09\/page-1-150x150.jpg 150w, https:\/\/andreasimonetti.com.br\/blog\/wp-content\/uploads\/2015\/09\/page-1-300x300.jpg 300w, https:\/\/andreasimonetti.com.br\/blog\/wp-content\/uploads\/2015\/09\/page-1-240x240.jpg 240w, https:\/\/andreasimonetti.com.br\/blog\/wp-content\/uploads\/2015\/09\/page-1-96x96.jpg 96w, https:\/\/andreasimonetti.com.br\/blog\/wp-content\/uploads\/2015\/09\/page-1-121x121.jpg 121w, https:\/\/andreasimonetti.com.br\/blog\/wp-content\/uploads\/2015\/09\/page-1-60x60.jpg 60w, https:\/\/andreasimonetti.com.br\/blog\/wp-content\/uploads\/2015\/09\/page-1-184x184.jpg 184w\" sizes=\"auto, (max-width: 700px) 100vw, 700px\" \/><\/a><br \/>\n<a href=\"http:\/\/blogdaandreasimonetti.com.br\/wp-content\/uploads\/2015\/09\/DSC_04161.jpg\" data-rel=\"penci-gallery-image-content\" ><img loading=\"lazy\" decoding=\"async\" class=\"alignnone wp-image-14146\" src=\"http:\/\/blogdaandreasimonetti.com.br\/wp-content\/uploads\/2015\/09\/DSC_04161.jpg\" alt=\"DSC_0416\" width=\"700\" height=\"465\" srcset=\"https:\/\/andreasimonetti.com.br\/blog\/wp-content\/uploads\/2015\/09\/DSC_04161.jpg 3216w, https:\/\/andreasimonetti.com.br\/blog\/wp-content\/uploads\/2015\/09\/DSC_04161-300x199.jpg 300w, https:\/\/andreasimonetti.com.br\/blog\/wp-content\/uploads\/2015\/09\/DSC_04161-1024x680.jpg 1024w, https:\/\/andreasimonetti.com.br\/blog\/wp-content\/uploads\/2015\/09\/DSC_04161-140x94.jpg 140w\" sizes=\"auto, (max-width: 700px) 100vw, 700px\" \/><\/a><\/p>\n<p><a href=\"http:\/\/blogdaandreasimonetti.com.br\/wp-content\/uploads\/2015\/09\/DSC_0404.jpg\" data-rel=\"penci-gallery-image-content\" ><img loading=\"lazy\" decoding=\"async\" class=\"alignnone wp-image-14147\" src=\"http:\/\/blogdaandreasimonetti.com.br\/wp-content\/uploads\/2015\/09\/DSC_0404.jpg\" alt=\"DSC_0404\" width=\"700\" height=\"465\" srcset=\"https:\/\/andreasimonetti.com.br\/blog\/wp-content\/uploads\/2015\/09\/DSC_0404.jpg 3216w, https:\/\/andreasimonetti.com.br\/blog\/wp-content\/uploads\/2015\/09\/DSC_0404-300x199.jpg 300w, https:\/\/andreasimonetti.com.br\/blog\/wp-content\/uploads\/2015\/09\/DSC_0404-1024x680.jpg 1024w, https:\/\/andreasimonetti.com.br\/blog\/wp-content\/uploads\/2015\/09\/DSC_0404-140x94.jpg 140w\" sizes=\"auto, (max-width: 700px) 100vw, 700px\" \/><\/a><\/p>\n<p>&nbsp;<\/p>\n<p><a href=\"http:\/\/blogdaandreasimonetti.com.br\/wp-content\/uploads\/2015\/09\/DSC_0932.jpg\" data-rel=\"penci-gallery-image-content\" ><img loading=\"lazy\" decoding=\"async\" class=\"alignnone wp-image-14151\" src=\"http:\/\/blogdaandreasimonetti.com.br\/wp-content\/uploads\/2015\/09\/DSC_0932.jpg\" alt=\"DSC_0932\" width=\"700\" height=\"465\" srcset=\"https:\/\/andreasimonetti.com.br\/blog\/wp-content\/uploads\/2015\/09\/DSC_0932.jpg 3216w, https:\/\/andreasimonetti.com.br\/blog\/wp-content\/uploads\/2015\/09\/DSC_0932-300x199.jpg 300w, https:\/\/andreasimonetti.com.br\/blog\/wp-content\/uploads\/2015\/09\/DSC_0932-1024x680.jpg 1024w, https:\/\/andreasimonetti.com.br\/blog\/wp-content\/uploads\/2015\/09\/DSC_0932-140x94.jpg 140w\" sizes=\"auto, (max-width: 700px) 100vw, 700px\" \/><\/a><\/p>\n","protected":false},"excerpt":{"rendered":"<p>Minha linda netinha Isabela completou o seu primeiro anivers\u00e1rio em agosto com uma linda festa. \u00a0O tema da decora\u00e7\u00e3o n\u00e3o poderia ser mais apropriado : Princesa. Isabela irradia paz e&hellip;<\/p>\n","protected":false},"author":7,"featured_media":14149,"comment_status":"open","ping_status":"open","sticky":false,"template":"","format":"standard","meta":{"_monsterinsights_skip_tracking":false,"_monsterinsights_sitenote_active":false,"_monsterinsights_sitenote_note":"","_monsterinsights_sitenote_category":0,"footnotes":""},"categories":[1508,2013],"tags":[2158,2159,2157],"class_list":["post-14134","post","type-post","status-publish","format-standard","has-post-thumbnail","hentry","category-destaque","category-lifestyle","tag-buffet-zappteen","tag-decoracao-de-festa","tag-niver-da-isabela"],"yoast_head":"<!-- This site is optimized with the Yoast SEO plugin v26.3 - https:\/\/yoast.com\/wordpress\/plugins\/seo\/ -->\n<title>A Isabela faz um ano ! - Andrea Simonetti<\/title>\n<meta name=\"robots\" content=\"index, follow, max-snippet:-1, max-image-preview:large, max-video-preview:-1\" \/>\n<link rel=\"canonical\" href=\"https:\/\/andreasimonetti.com.br\/blog\/a-isabela-faz-um-ano\/\" \/>\n<meta property=\"og:locale\" content=\"pt_BR\" \/>\n<meta property=\"og:type\" content=\"article\" \/>\n<meta property=\"og:title\" content=\"A Isabela faz um ano ! - Andrea Simonetti\" \/>\n<meta property=\"og:description\" content=\"Minha linda netinha Isabela completou o seu primeiro anivers\u00e1rio em agosto com uma linda festa. \u00a0O tema da decora\u00e7\u00e3o n\u00e3o poderia ser mais apropriado : Princesa. Isabela irradia paz e&hellip;\" \/>\n<meta property=\"og:url\" content=\"https:\/\/andreasimonetti.com.br\/blog\/a-isabela-faz-um-ano\/\" \/>\n<meta property=\"og:site_name\" content=\"Andrea Simonetti\" \/>\n<meta property=\"article:publisher\" content=\"https:\/\/www.facebook.com\/blogdaandreasimonetti\/\" \/>\n<meta property=\"article:author\" content=\"https:\/\/www.facebook.com\/blogdaandreasimonetti\/\" \/>\n<meta property=\"article:published_time\" content=\"2015-09-03T00:20:58+00:00\" \/>\n<meta property=\"article:modified_time\" content=\"2015-09-03T00:58:37+00:00\" \/>\n<meta property=\"og:image\" content=\"https:\/\/andreasimonetti.com.br\/blog\/wp-content\/uploads\/2015\/09\/23.jpg\" \/>\n\t<meta property=\"og:image:width\" content=\"2048\" \/>\n\t<meta property=\"og:image:height\" content=\"1360\" \/>\n\t<meta property=\"og:image:type\" content=\"image\/jpeg\" \/>\n<meta name=\"author\" content=\"Andrea Simonetti\" \/>\n<meta name=\"twitter:card\" content=\"summary_large_image\" \/>\n<meta name=\"twitter:creator\" content=\"@https:\/\/twitter.com\/Andrea_Simoneti\" \/>\n<meta name=\"twitter:site\" content=\"@Andrea_Simoneti\" \/>\n<meta name=\"twitter:label1\" content=\"Escrito por\" \/>\n\t<meta name=\"twitter:data1\" content=\"Andrea Simonetti\" \/>\n\t<meta name=\"twitter:label2\" content=\"Est. tempo de leitura\" \/>\n\t<meta name=\"twitter:data2\" content=\"1 minuto\" \/>\n<!-- \/ Yoast SEO plugin. -->","yoast_head_json":{"title":"A Isabela faz um ano ! - Andrea Simonetti","robots":{"index":"index","follow":"follow","max-snippet":"max-snippet:-1","max-image-preview":"max-image-preview:large","max-video-preview":"max-video-preview:-1"},"canonical":"https:\/\/andreasimonetti.com.br\/blog\/a-isabela-faz-um-ano\/","og_locale":"pt_BR","og_type":"article","og_title":"A Isabela faz um ano ! - Andrea Simonetti","og_description":"Minha linda netinha Isabela completou o seu primeiro anivers\u00e1rio em agosto com uma linda festa. \u00a0O tema da decora\u00e7\u00e3o n\u00e3o poderia ser mais apropriado : Princesa. Isabela irradia paz e&hellip;","og_url":"https:\/\/andreasimonetti.com.br\/blog\/a-isabela-faz-um-ano\/","og_site_name":"Andrea Simonetti","article_publisher":"https:\/\/www.facebook.com\/blogdaandreasimonetti\/","article_author":"https:\/\/www.facebook.com\/blogdaandreasimonetti\/","article_published_time":"2015-09-03T00:20:58+00:00","article_modified_time":"2015-09-03T00:58:37+00:00","og_image":[{"width":2048,"height":1360,"url":"https:\/\/andreasimonetti.com.br\/blog\/wp-content\/uploads\/2015\/09\/23.jpg","type":"image\/jpeg"}],"author":"Andrea Simonetti","twitter_card":"summary_large_image","twitter_creator":"@https:\/\/twitter.com\/Andrea_Simoneti","twitter_site":"@Andrea_Simoneti","twitter_misc":{"Escrito por":"Andrea Simonetti","Est. tempo de leitura":"1 minuto"},"schema":{"@context":"https:\/\/schema.org","@graph":[{"@type":"WebPage","@id":"https:\/\/andreasimonetti.com.br\/blog\/a-isabela-faz-um-ano\/","url":"https:\/\/andreasimonetti.com.br\/blog\/a-isabela-faz-um-ano\/","name":"A Isabela faz um ano ! - Andrea Simonetti","isPartOf":{"@id":"https:\/\/andreasimonetti.com.br\/blog\/#website"},"primaryImageOfPage":{"@id":"https:\/\/andreasimonetti.com.br\/blog\/a-isabela-faz-um-ano\/#primaryimage"},"image":{"@id":"https:\/\/andreasimonetti.com.br\/blog\/a-isabela-faz-um-ano\/#primaryimage"},"thumbnailUrl":"https:\/\/andreasimonetti.com.br\/blog\/wp-content\/uploads\/2015\/09\/23.jpg","datePublished":"2015-09-03T00:20:58+00:00","dateModified":"2015-09-03T00:58:37+00:00","author":{"@id":"https:\/\/andreasimonetti.com.br\/blog\/#\/schema\/person\/254f763c24ac288e27ea738a7366ad2a"},"breadcrumb":{"@id":"https:\/\/andreasimonetti.com.br\/blog\/a-isabela-faz-um-ano\/#breadcrumb"},"inLanguage":"pt-BR","potentialAction":[{"@type":"ReadAction","target":["https:\/\/andreasimonetti.com.br\/blog\/a-isabela-faz-um-ano\/"]}]},{"@type":"ImageObject","inLanguage":"pt-BR","@id":"https:\/\/andreasimonetti.com.br\/blog\/a-isabela-faz-um-ano\/#primaryimage","url":"https:\/\/andreasimonetti.com.br\/blog\/wp-content\/uploads\/2015\/09\/23.jpg","contentUrl":"https:\/\/andreasimonetti.com.br\/blog\/wp-content\/uploads\/2015\/09\/23.jpg","width":2048,"height":1360},{"@type":"BreadcrumbList","@id":"https:\/\/andreasimonetti.com.br\/blog\/a-isabela-faz-um-ano\/#breadcrumb","itemListElement":[{"@type":"ListItem","position":1,"name":"In\u00edcio","item":"https:\/\/andreasimonetti.com.br\/blog\/"},{"@type":"ListItem","position":2,"name":"A Isabela faz um ano !"}]},{"@type":"WebSite","@id":"https:\/\/andreasimonetti.com.br\/blog\/#website","url":"https:\/\/andreasimonetti.com.br\/blog\/","name":"Andrea Simonetti","description":"","potentialAction":[{"@type":"SearchAction","target":{"@type":"EntryPoint","urlTemplate":"https:\/\/andreasimonetti.com.br\/blog\/?s={search_term_string}"},"query-input":{"@type":"PropertyValueSpecification","valueRequired":true,"valueName":"search_term_string"}}],"inLanguage":"pt-BR"},{"@type":"Person","@id":"https:\/\/andreasimonetti.com.br\/blog\/#\/schema\/person\/254f763c24ac288e27ea738a7366ad2a","name":"Andrea Simonetti","image":{"@type":"ImageObject","inLanguage":"pt-BR","@id":"https:\/\/andreasimonetti.com.br\/blog\/#\/schema\/person\/image\/","url":"https:\/\/andreasimonetti.com.br\/blog\/wp-content\/uploads\/2018\/04\/andrea-simonetti-96x96.png","contentUrl":"https:\/\/andreasimonetti.com.br\/blog\/wp-content\/uploads\/2018\/04\/andrea-simonetti-96x96.png","caption":"Andrea Simonetti"},"description":"Sou formada em Administra\u00e7\u00e3o de Empresas, Produ\u00e7\u00e3o de Moda pelo SENAC e Consultoria de Estilo. Sou fascinada por moda desde sempre, adoro ver as pessoas produzidas e de bem com a vida. Moda \u00e9 o meu assunto preferido. Comecei meu blog em 2011, ele cresceu e hoje \u00e9 um site bem mais abrangente, onde eu falo sobre moda e meu trabalho de consultora de estilo. E falo tamb\u00e9m sobre a minha experi\u00eancia de vida. Mas antes de tudo, acredito num Deus Soberano que nos guia e aben\u00e7oa, o tempo todo!","sameAs":["https:\/\/www.andreasimonetti.com.br\/","https:\/\/www.facebook.com\/blogdaandreasimonetti\/","https:\/\/www.instagram.com\/andrea_simonetti\/","https:\/\/br.pinterest.com\/BlogAndrea\/","https:\/\/x.com\/https:\/\/twitter.com\/Andrea_Simoneti"],"url":"https:\/\/andreasimonetti.com.br\/blog\/author\/andrea\/"}]}},"_links":{"self":[{"href":"https:\/\/andreasimonetti.com.br\/blog\/wp-json\/wp\/v2\/posts\/14134","targetHints":{"allow":["GET"]}}],"collection":[{"href":"https:\/\/andreasimonetti.com.br\/blog\/wp-json\/wp\/v2\/posts"}],"about":[{"href":"https:\/\/andreasimonetti.com.br\/blog\/wp-json\/wp\/v2\/types\/post"}],"author":[{"embeddable":true,"href":"https:\/\/andreasimonetti.com.br\/blog\/wp-json\/wp\/v2\/users\/7"}],"replies":[{"embeddable":true,"href":"https:\/\/andreasimonetti.com.br\/blog\/wp-json\/wp\/v2\/comments?post=14134"}],"version-history":[{"count":0,"href":"https:\/\/andreasimonetti.com.br\/blog\/wp-json\/wp\/v2\/posts\/14134\/revisions"}],"wp:featuredmedia":[{"embeddable":true,"href":"https:\/\/andreasimonetti.com.br\/blog\/wp-json\/wp\/v2\/media\/14149"}],"wp:attachment":[{"href":"https:\/\/andreasimonetti.com.br\/blog\/wp-json\/wp\/v2\/media?parent=14134"}],"wp:term":[{"taxonomy":"category","embeddable":true,"href":"https:\/\/andreasimonetti.com.br\/blog\/wp-json\/wp\/v2\/categories?post=14134"},{"taxonomy":"post_tag","embeddable":true,"href":"https:\/\/andreasimonetti.com.br\/blog\/wp-json\/wp\/v2\/tags?post=14134"}],"curies":[{"name":"wp","href":"https:\/\/api.w.org\/{rel}","templated":true}]}}