{"id":14072,"date":"2015-08-21T18:44:36","date_gmt":"2015-08-21T21:44:36","guid":{"rendered":"http:\/\/blogdaandreasimonetti.com.br\/?p=14072"},"modified":"2015-08-21T18:44:36","modified_gmt":"2015-08-21T21:44:36","slug":"conheca-o-projeto-inventamoda","status":"publish","type":"post","link":"https:\/\/andreasimonetti.com.br\/blog\/conheca-o-projeto-inventamoda\/","title":{"rendered":"Conhe\u00e7a o Projeto Inventamoda"},"content":{"rendered":"<p>&nbsp;<\/p>\n<div id=\"attachment_14076\" style=\"width: 710px\" class=\"wp-caption alignnone\"><a href=\"http:\/\/blogdaandreasimonetti.com.br\/wp-content\/uploads\/2015\/08\/11889624_10152904388251734_5620238349313626008_n.jpg\" data-rel=\"penci-gallery-image-content\" ><img loading=\"lazy\" decoding=\"async\" aria-describedby=\"caption-attachment-14076\" class=\"wp-image-14076\" src=\"http:\/\/blogdaandreasimonetti.com.br\/wp-content\/uploads\/2015\/08\/11889624_10152904388251734_5620238349313626008_n.jpg\" alt=\"11889624_10152904388251734_5620238349313626008_n\" width=\"700\" height=\"341\" srcset=\"https:\/\/andreasimonetti.com.br\/blog\/wp-content\/uploads\/2015\/08\/11889624_10152904388251734_5620238349313626008_n.jpg 960w, https:\/\/andreasimonetti.com.br\/blog\/wp-content\/uploads\/2015\/08\/11889624_10152904388251734_5620238349313626008_n-300x146.jpg 300w\" sizes=\"auto, (max-width: 700px) 100vw, 700px\" \/><\/a><p id=\"caption-attachment-14076\" class=\"wp-caption-text\">Karla Alves e Eduardo Bornia.<\/p><\/div>\n<p style=\"text-align: justify;\">Eu me emociono com iniciativas que valorizam o ser humano. E fico super feliz quando essas a\u00e7\u00f5es se utilizam da moda para refor\u00e7ar a autoestima e derrubar barreiras. Por isso, estou apoiando e quero compartilhar com voc\u00eas o Projeto Inventamoda. Olha s\u00f3 que iniciativa mais linda !!<\/p>\n<p style=\"text-align: justify;\">A moda inclusiva vem ganhando, cada dia mais, visibilidade no mercado. O Brasil tem hoje cerca de 45 milh\u00f5es de pessoas com algum tipo de defici\u00eancia. Somente no Estado de S\u00e3o Paulo, esse contingente ultrapassa 9,3 milh\u00f5es.<br \/>\nCom o intuito de contribuir com essa causa o projeto INVENTAMODA prop\u00f5e solu\u00e7\u00f5es adequadas do vestir para esse p\u00fablico, atrav\u00e9s da customiza\u00e7\u00e3o de pe\u00e7as prontas com a readequa\u00e7\u00e3o ao corpo e necessidade de cada um, unindo moda, tend\u00eancia, design, ergonomia e criatividade em cada pe\u00e7a constru\u00edda.<br \/>\nAl\u00e9m de sensibilizar sobre a import\u00e2ncia dos aspectos do autocuidado, autoestima e vestu\u00e1rio, o projeto tem como miss\u00e3o chamar a aten\u00e7\u00e3o de todos os setores da sociedade para a responsabilidade social e principalmente, pelos conceitos de acessibilidade.<br \/>\nEm parceria com a ONG Sorri, o protejo possibilita conceber o encontro e conhecimento de discentes com a realidade e necessidade de portadores de defici\u00eancia, gerando uma socializa\u00e7\u00e3o dos grupos atrav\u00e9s da realiza\u00e7\u00e3o da pr\u00e1tica da cria\u00e7\u00e3o, produ\u00e7\u00e3o, confec\u00e7\u00e3o e customiza\u00e7\u00e3o de pe\u00e7as de roupa.<br \/>\nA exposi\u00e7\u00e3o Jardim de Sorrisos foi inspirada nos jardins primaveris representado nos looks atrav\u00e9s de cores vivas e aplica\u00e7\u00f5es de diversas texturas com aplica\u00e7\u00e3o de pap\u00e9is de revistas antigas de moda. A cria\u00e7\u00e3o da cole\u00e7\u00e3o foi orientada pela coordenadora do projeto a Professora Karla Alves e foram criados e desenvolvidos pelos alunos do curso de Moda da USC e finalizados com pinturas e aplica\u00e7\u00f5es pelos usu\u00e1rios da Sorri. A exposi\u00e7\u00e3o tem como objetivo celebrar a beleza da diversifica\u00e7\u00e3o e vai at\u00e9 13 de setembro no Bauru Shopping.<\/p>\n<p><a href=\"http:\/\/blogdaandreasimonetti.com.br\/wp-content\/uploads\/2015\/08\/11894695_10152902616526734_171341277_o.jpg\" data-rel=\"penci-gallery-image-content\" ><img loading=\"lazy\" decoding=\"async\" class=\"alignnone wp-image-14073\" src=\"http:\/\/blogdaandreasimonetti.com.br\/wp-content\/uploads\/2015\/08\/11894695_10152902616526734_171341277_o.jpg\" alt=\"11894695_10152902616526734_171341277_o\" width=\"700\" height=\"287\" srcset=\"https:\/\/andreasimonetti.com.br\/blog\/wp-content\/uploads\/2015\/08\/11894695_10152902616526734_171341277_o.jpg 2048w, https:\/\/andreasimonetti.com.br\/blog\/wp-content\/uploads\/2015\/08\/11894695_10152902616526734_171341277_o-300x123.jpg 300w, https:\/\/andreasimonetti.com.br\/blog\/wp-content\/uploads\/2015\/08\/11894695_10152902616526734_171341277_o-1024x420.jpg 1024w\" sizes=\"auto, (max-width: 700px) 100vw, 700px\" \/><\/a><\/p>\n<p><a href=\"http:\/\/blogdaandreasimonetti.com.br\/wp-content\/uploads\/2015\/08\/11909818_10152902618036734_175608341_n.jpg\" data-rel=\"penci-gallery-image-content\" ><img loading=\"lazy\" decoding=\"async\" class=\"alignnone wp-image-14074\" src=\"http:\/\/blogdaandreasimonetti.com.br\/wp-content\/uploads\/2015\/08\/11909818_10152902618036734_175608341_n.jpg\" alt=\"11909818_10152902618036734_175608341_n\" width=\"700\" height=\"467\" srcset=\"https:\/\/andreasimonetti.com.br\/blog\/wp-content\/uploads\/2015\/08\/11909818_10152902618036734_175608341_n.jpg 960w, https:\/\/andreasimonetti.com.br\/blog\/wp-content\/uploads\/2015\/08\/11909818_10152902618036734_175608341_n-300x200.jpg 300w, https:\/\/andreasimonetti.com.br\/blog\/wp-content\/uploads\/2015\/08\/11909818_10152902618036734_175608341_n-140x94.jpg 140w\" sizes=\"auto, (max-width: 700px) 100vw, 700px\" \/><\/a><\/p>\n<div id=\"attachment_14075\" style=\"width: 710px\" class=\"wp-caption alignnone\"><a href=\"http:\/\/blogdaandreasimonetti.com.br\/wp-content\/uploads\/2015\/08\/11870902_10152904418411734_5928013793882895511_n.jpg\" data-rel=\"penci-gallery-image-content\" ><img loading=\"lazy\" decoding=\"async\" aria-describedby=\"caption-attachment-14075\" class=\"wp-image-14075\" src=\"http:\/\/blogdaandreasimonetti.com.br\/wp-content\/uploads\/2015\/08\/11870902_10152904418411734_5928013793882895511_n.jpg\" alt=\"11870902_10152904418411734_5928013793882895511_n\" width=\"700\" height=\"645\" srcset=\"https:\/\/andreasimonetti.com.br\/blog\/wp-content\/uploads\/2015\/08\/11870902_10152904418411734_5928013793882895511_n.jpg 960w, https:\/\/andreasimonetti.com.br\/blog\/wp-content\/uploads\/2015\/08\/11870902_10152904418411734_5928013793882895511_n-300x277.jpg 300w\" sizes=\"auto, (max-width: 700px) 100vw, 700px\" \/><\/a><p id=\"caption-attachment-14075\" class=\"wp-caption-text\">Alunos do curso de moda da USC: Bruno Nicolete, Kaio Cesar, Marina Moreira Ferreira, Beatriz Saes Macedo e Luciana Braz.<\/p><\/div>\n","protected":false},"excerpt":{"rendered":"<p>&nbsp; Eu me emociono com iniciativas que valorizam o ser humano. E fico super feliz quando essas a\u00e7\u00f5es se utilizam da moda para refor\u00e7ar a autoestima e derrubar barreiras. Por&hellip;<\/p>\n","protected":false},"author":7,"featured_media":14076,"comment_status":"open","ping_status":"open","sticky":false,"template":"","format":"standard","meta":{"_monsterinsights_skip_tracking":false,"_monsterinsights_sitenote_active":false,"_monsterinsights_sitenote_note":"","_monsterinsights_sitenote_category":0,"footnotes":""},"categories":[1508,2013],"tags":[2149,2150],"class_list":["post-14072","post","type-post","status-publish","format-standard","has-post-thumbnail","hentry","category-destaque","category-lifestyle","tag-inventamoda","tag-projeto-inventamoda"],"yoast_head":"<!-- This site is optimized with the Yoast SEO plugin v26.3 - https:\/\/yoast.com\/wordpress\/plugins\/seo\/ -->\n<title>Conhe\u00e7a o Projeto Inventamoda - Andrea Simonetti<\/title>\n<meta name=\"robots\" content=\"index, follow, max-snippet:-1, max-image-preview:large, max-video-preview:-1\" \/>\n<link rel=\"canonical\" href=\"https:\/\/andreasimonetti.com.br\/blog\/conheca-o-projeto-inventamoda\/\" \/>\n<meta property=\"og:locale\" content=\"pt_BR\" \/>\n<meta property=\"og:type\" content=\"article\" \/>\n<meta property=\"og:title\" content=\"Conhe\u00e7a o Projeto Inventamoda - Andrea Simonetti\" \/>\n<meta property=\"og:description\" content=\"&nbsp; Eu me emociono com iniciativas que valorizam o ser humano. E fico super feliz quando essas a\u00e7\u00f5es se utilizam da moda para refor\u00e7ar a autoestima e derrubar barreiras. Por&hellip;\" \/>\n<meta property=\"og:url\" content=\"https:\/\/andreasimonetti.com.br\/blog\/conheca-o-projeto-inventamoda\/\" \/>\n<meta property=\"og:site_name\" content=\"Andrea Simonetti\" \/>\n<meta property=\"article:publisher\" content=\"https:\/\/www.facebook.com\/blogdaandreasimonetti\/\" \/>\n<meta property=\"article:author\" content=\"https:\/\/www.facebook.com\/blogdaandreasimonetti\/\" \/>\n<meta property=\"article:published_time\" content=\"2015-08-21T21:44:36+00:00\" \/>\n<meta property=\"og:image\" content=\"https:\/\/andreasimonetti.com.br\/blog\/wp-content\/uploads\/2015\/08\/11889624_10152904388251734_5620238349313626008_n.jpg\" \/>\n\t<meta property=\"og:image:width\" content=\"960\" \/>\n\t<meta property=\"og:image:height\" content=\"468\" \/>\n\t<meta property=\"og:image:type\" content=\"image\/jpeg\" \/>\n<meta name=\"author\" content=\"Andrea Simonetti\" \/>\n<meta name=\"twitter:card\" content=\"summary_large_image\" \/>\n<meta name=\"twitter:creator\" content=\"@https:\/\/twitter.com\/Andrea_Simoneti\" \/>\n<meta name=\"twitter:site\" content=\"@Andrea_Simoneti\" \/>\n<meta name=\"twitter:label1\" content=\"Escrito por\" \/>\n\t<meta name=\"twitter:data1\" content=\"Andrea Simonetti\" \/>\n\t<meta name=\"twitter:label2\" content=\"Est. tempo de leitura\" \/>\n\t<meta name=\"twitter:data2\" content=\"2 minutos\" \/>\n<!-- \/ Yoast SEO plugin. -->","yoast_head_json":{"title":"Conhe\u00e7a o Projeto Inventamoda - Andrea Simonetti","robots":{"index":"index","follow":"follow","max-snippet":"max-snippet:-1","max-image-preview":"max-image-preview:large","max-video-preview":"max-video-preview:-1"},"canonical":"https:\/\/andreasimonetti.com.br\/blog\/conheca-o-projeto-inventamoda\/","og_locale":"pt_BR","og_type":"article","og_title":"Conhe\u00e7a o Projeto Inventamoda - Andrea Simonetti","og_description":"&nbsp; Eu me emociono com iniciativas que valorizam o ser humano. E fico super feliz quando essas a\u00e7\u00f5es se utilizam da moda para refor\u00e7ar a autoestima e derrubar barreiras. Por&hellip;","og_url":"https:\/\/andreasimonetti.com.br\/blog\/conheca-o-projeto-inventamoda\/","og_site_name":"Andrea Simonetti","article_publisher":"https:\/\/www.facebook.com\/blogdaandreasimonetti\/","article_author":"https:\/\/www.facebook.com\/blogdaandreasimonetti\/","article_published_time":"2015-08-21T21:44:36+00:00","og_image":[{"width":960,"height":468,"url":"https:\/\/andreasimonetti.com.br\/blog\/wp-content\/uploads\/2015\/08\/11889624_10152904388251734_5620238349313626008_n.jpg","type":"image\/jpeg"}],"author":"Andrea Simonetti","twitter_card":"summary_large_image","twitter_creator":"@https:\/\/twitter.com\/Andrea_Simoneti","twitter_site":"@Andrea_Simoneti","twitter_misc":{"Escrito por":"Andrea Simonetti","Est. tempo de leitura":"2 minutos"},"schema":{"@context":"https:\/\/schema.org","@graph":[{"@type":"WebPage","@id":"https:\/\/andreasimonetti.com.br\/blog\/conheca-o-projeto-inventamoda\/","url":"https:\/\/andreasimonetti.com.br\/blog\/conheca-o-projeto-inventamoda\/","name":"Conhe\u00e7a o Projeto Inventamoda - Andrea Simonetti","isPartOf":{"@id":"https:\/\/andreasimonetti.com.br\/blog\/#website"},"primaryImageOfPage":{"@id":"https:\/\/andreasimonetti.com.br\/blog\/conheca-o-projeto-inventamoda\/#primaryimage"},"image":{"@id":"https:\/\/andreasimonetti.com.br\/blog\/conheca-o-projeto-inventamoda\/#primaryimage"},"thumbnailUrl":"https:\/\/andreasimonetti.com.br\/blog\/wp-content\/uploads\/2015\/08\/11889624_10152904388251734_5620238349313626008_n.jpg","datePublished":"2015-08-21T21:44:36+00:00","author":{"@id":"https:\/\/andreasimonetti.com.br\/blog\/#\/schema\/person\/254f763c24ac288e27ea738a7366ad2a"},"breadcrumb":{"@id":"https:\/\/andreasimonetti.com.br\/blog\/conheca-o-projeto-inventamoda\/#breadcrumb"},"inLanguage":"pt-BR","potentialAction":[{"@type":"ReadAction","target":["https:\/\/andreasimonetti.com.br\/blog\/conheca-o-projeto-inventamoda\/"]}]},{"@type":"ImageObject","inLanguage":"pt-BR","@id":"https:\/\/andreasimonetti.com.br\/blog\/conheca-o-projeto-inventamoda\/#primaryimage","url":"https:\/\/andreasimonetti.com.br\/blog\/wp-content\/uploads\/2015\/08\/11889624_10152904388251734_5620238349313626008_n.jpg","contentUrl":"https:\/\/andreasimonetti.com.br\/blog\/wp-content\/uploads\/2015\/08\/11889624_10152904388251734_5620238349313626008_n.jpg","width":960,"height":468},{"@type":"BreadcrumbList","@id":"https:\/\/andreasimonetti.com.br\/blog\/conheca-o-projeto-inventamoda\/#breadcrumb","itemListElement":[{"@type":"ListItem","position":1,"name":"In\u00edcio","item":"https:\/\/andreasimonetti.com.br\/blog\/"},{"@type":"ListItem","position":2,"name":"Conhe\u00e7a o Projeto Inventamoda"}]},{"@type":"WebSite","@id":"https:\/\/andreasimonetti.com.br\/blog\/#website","url":"https:\/\/andreasimonetti.com.br\/blog\/","name":"Andrea Simonetti","description":"","potentialAction":[{"@type":"SearchAction","target":{"@type":"EntryPoint","urlTemplate":"https:\/\/andreasimonetti.com.br\/blog\/?s={search_term_string}"},"query-input":{"@type":"PropertyValueSpecification","valueRequired":true,"valueName":"search_term_string"}}],"inLanguage":"pt-BR"},{"@type":"Person","@id":"https:\/\/andreasimonetti.com.br\/blog\/#\/schema\/person\/254f763c24ac288e27ea738a7366ad2a","name":"Andrea Simonetti","image":{"@type":"ImageObject","inLanguage":"pt-BR","@id":"https:\/\/andreasimonetti.com.br\/blog\/#\/schema\/person\/image\/","url":"https:\/\/andreasimonetti.com.br\/blog\/wp-content\/uploads\/2018\/04\/andrea-simonetti-96x96.png","contentUrl":"https:\/\/andreasimonetti.com.br\/blog\/wp-content\/uploads\/2018\/04\/andrea-simonetti-96x96.png","caption":"Andrea Simonetti"},"description":"Sou formada em Administra\u00e7\u00e3o de Empresas, Produ\u00e7\u00e3o de Moda pelo SENAC e Consultoria de Estilo. Sou fascinada por moda desde sempre, adoro ver as pessoas produzidas e de bem com a vida. Moda \u00e9 o meu assunto preferido. Comecei meu blog em 2011, ele cresceu e hoje \u00e9 um site bem mais abrangente, onde eu falo sobre moda e meu trabalho de consultora de estilo. E falo tamb\u00e9m sobre a minha experi\u00eancia de vida. Mas antes de tudo, acredito num Deus Soberano que nos guia e aben\u00e7oa, o tempo todo!","sameAs":["https:\/\/www.andreasimonetti.com.br\/","https:\/\/www.facebook.com\/blogdaandreasimonetti\/","https:\/\/www.instagram.com\/andrea_simonetti\/","https:\/\/br.pinterest.com\/BlogAndrea\/","https:\/\/x.com\/https:\/\/twitter.com\/Andrea_Simoneti"],"url":"https:\/\/andreasimonetti.com.br\/blog\/author\/andrea\/"}]}},"_links":{"self":[{"href":"https:\/\/andreasimonetti.com.br\/blog\/wp-json\/wp\/v2\/posts\/14072","targetHints":{"allow":["GET"]}}],"collection":[{"href":"https:\/\/andreasimonetti.com.br\/blog\/wp-json\/wp\/v2\/posts"}],"about":[{"href":"https:\/\/andreasimonetti.com.br\/blog\/wp-json\/wp\/v2\/types\/post"}],"author":[{"embeddable":true,"href":"https:\/\/andreasimonetti.com.br\/blog\/wp-json\/wp\/v2\/users\/7"}],"replies":[{"embeddable":true,"href":"https:\/\/andreasimonetti.com.br\/blog\/wp-json\/wp\/v2\/comments?post=14072"}],"version-history":[{"count":0,"href":"https:\/\/andreasimonetti.com.br\/blog\/wp-json\/wp\/v2\/posts\/14072\/revisions"}],"wp:featuredmedia":[{"embeddable":true,"href":"https:\/\/andreasimonetti.com.br\/blog\/wp-json\/wp\/v2\/media\/14076"}],"wp:attachment":[{"href":"https:\/\/andreasimonetti.com.br\/blog\/wp-json\/wp\/v2\/media?parent=14072"}],"wp:term":[{"taxonomy":"category","embeddable":true,"href":"https:\/\/andreasimonetti.com.br\/blog\/wp-json\/wp\/v2\/categories?post=14072"},{"taxonomy":"post_tag","embeddable":true,"href":"https:\/\/andreasimonetti.com.br\/blog\/wp-json\/wp\/v2\/tags?post=14072"}],"curies":[{"name":"wp","href":"https:\/\/api.w.org\/{rel}","templated":true}]}}