{"id":14038,"date":"2015-08-27T08:47:21","date_gmt":"2015-08-27T11:47:21","guid":{"rendered":"http:\/\/blogdaandreasimonetti.com.br\/?p=14038"},"modified":"2015-08-27T08:47:21","modified_gmt":"2015-08-27T11:47:21","slug":"meu-cabelo-com-efeito-tartaruga","status":"publish","type":"post","link":"https:\/\/andreasimonetti.com.br\/blog\/meu-cabelo-com-efeito-tartaruga\/","title":{"rendered":"Meu cabelo com efeito tartaruga"},"content":{"rendered":"<p style=\"text-align: justify;\">Tem muita gente me perguntando o que eu fiz no cabelo. Resolvi, ent\u00e3o, fazer um post para contar os detalhes.\u00a0Por sugest\u00e3o da minha hair sytlist, Regina Dinards, fizemos a Tortoiseshell hair (efeito tartaruga), que consiste na aplica\u00e7\u00e3o de mechas de tr\u00eas tons: marrom, dourado e mel.<\/p>\n<p style=\"text-align: justify;\">A t\u00e9cnica \u00e9 \u00f3tima aliada para quem n\u00e3o quer retocar todo o cabelo. Com a novidade, basta manter as luzes antigas, ou como no meu caso, o OmbreHair, nas pontas e fazer novas em pontos estrat\u00e9gicos, deixando o cabelo muito mais iluminado e natural.<\/p>\n<p style=\"text-align: justify;\">As adeptas mais conhecidas desta t\u00e9cnica, s\u00e3o: Gisele Budchen, Alessandra Ambr\u00f3sio, Jennifer Aniston, Jessica Alba e Khloe Kardashian.<\/p>\n<div id=\"attachment_14125\" style=\"width: 630px\" class=\"wp-caption alignnone\"><a href=\"http:\/\/blogdaandreasimonetti.com.br\/wp-content\/uploads\/2015\/08\/458406964_1.jpg\" data-rel=\"penci-gallery-image-content\" ><img loading=\"lazy\" decoding=\"async\" aria-describedby=\"caption-attachment-14125\" class=\"wp-image-14125 size-full\" src=\"http:\/\/blogdaandreasimonetti.com.br\/wp-content\/uploads\/2015\/08\/458406964_1.jpg\" alt=\"458406964_1\" width=\"620\" height=\"620\" srcset=\"https:\/\/andreasimonetti.com.br\/blog\/wp-content\/uploads\/2015\/08\/458406964_1.jpg 620w, https:\/\/andreasimonetti.com.br\/blog\/wp-content\/uploads\/2015\/08\/458406964_1-150x150.jpg 150w, https:\/\/andreasimonetti.com.br\/blog\/wp-content\/uploads\/2015\/08\/458406964_1-300x300.jpg 300w, https:\/\/andreasimonetti.com.br\/blog\/wp-content\/uploads\/2015\/08\/458406964_1-240x240.jpg 240w, https:\/\/andreasimonetti.com.br\/blog\/wp-content\/uploads\/2015\/08\/458406964_1-96x96.jpg 96w, https:\/\/andreasimonetti.com.br\/blog\/wp-content\/uploads\/2015\/08\/458406964_1-121x121.jpg 121w, https:\/\/andreasimonetti.com.br\/blog\/wp-content\/uploads\/2015\/08\/458406964_1-60x60.jpg 60w, https:\/\/andreasimonetti.com.br\/blog\/wp-content\/uploads\/2015\/08\/458406964_1-184x184.jpg 184w\" sizes=\"auto, (max-width: 620px) 100vw, 620px\" \/><\/a><p id=\"caption-attachment-14125\" class=\"wp-caption-text\">Gisele B\u00fcndchen<\/p><\/div>\n<div id=\"attachment_14126\" style=\"width: 710px\" class=\"wp-caption alignnone\"><a href=\"http:\/\/blogdaandreasimonetti.com.br\/wp-content\/uploads\/2015\/08\/Giovanna-Lancellotti-efeito-tartaruga.jpg\" data-rel=\"penci-gallery-image-content\" ><img loading=\"lazy\" decoding=\"async\" aria-describedby=\"caption-attachment-14126\" class=\"wp-image-14126\" src=\"http:\/\/blogdaandreasimonetti.com.br\/wp-content\/uploads\/2015\/08\/Giovanna-Lancellotti-efeito-tartaruga.jpg\" alt=\"Giovanna-Lancellotti-efeito-tartaruga\" width=\"700\" height=\"632\" srcset=\"https:\/\/andreasimonetti.com.br\/blog\/wp-content\/uploads\/2015\/08\/Giovanna-Lancellotti-efeito-tartaruga.jpg 620w, https:\/\/andreasimonetti.com.br\/blog\/wp-content\/uploads\/2015\/08\/Giovanna-Lancellotti-efeito-tartaruga-300x271.jpg 300w\" sizes=\"auto, (max-width: 700px) 100vw, 700px\" \/><\/a><p id=\"caption-attachment-14126\" class=\"wp-caption-text\">Giovanna Lancellotti<\/p><\/div>\n<div id=\"attachment_14127\" style=\"width: 710px\" class=\"wp-caption alignnone\"><a href=\"http:\/\/blogdaandreasimonetti.com.br\/wp-content\/uploads\/2015\/08\/luzes-no-cabelo-3_0.jpg\" data-rel=\"penci-gallery-image-content\" ><img loading=\"lazy\" decoding=\"async\" aria-describedby=\"caption-attachment-14127\" class=\"wp-image-14127\" src=\"http:\/\/blogdaandreasimonetti.com.br\/wp-content\/uploads\/2015\/08\/luzes-no-cabelo-3_0.jpg\" alt=\"luzes-no-cabelo-3_0\" width=\"700\" height=\"632\" srcset=\"https:\/\/andreasimonetti.com.br\/blog\/wp-content\/uploads\/2015\/08\/luzes-no-cabelo-3_0.jpg 620w, https:\/\/andreasimonetti.com.br\/blog\/wp-content\/uploads\/2015\/08\/luzes-no-cabelo-3_0-300x271.jpg 300w\" sizes=\"auto, (max-width: 700px) 100vw, 700px\" \/><\/a><p id=\"caption-attachment-14127\" class=\"wp-caption-text\">Alessandra Ambrosio<\/p><\/div>\n<div id=\"attachment_14111\" style=\"width: 1020px\" class=\"wp-caption alignnone\"><a href=\"http:\/\/blogdaandreasimonetti.com.br\/wp-content\/uploads\/2015\/08\/DSC6825-1.jpg\" data-rel=\"penci-gallery-image-content\" ><img loading=\"lazy\" decoding=\"async\" aria-describedby=\"caption-attachment-14111\" class=\"wp-image-14111 size-full\" src=\"http:\/\/blogdaandreasimonetti.com.br\/wp-content\/uploads\/2015\/08\/DSC6825-1.jpg\" alt=\"DSC6825 1\" width=\"1010\" height=\"1028\" srcset=\"https:\/\/andreasimonetti.com.br\/blog\/wp-content\/uploads\/2015\/08\/DSC6825-1.jpg 1010w, https:\/\/andreasimonetti.com.br\/blog\/wp-content\/uploads\/2015\/08\/DSC6825-1-295x300.jpg 295w, https:\/\/andreasimonetti.com.br\/blog\/wp-content\/uploads\/2015\/08\/DSC6825-1-1006x1024.jpg 1006w, https:\/\/andreasimonetti.com.br\/blog\/wp-content\/uploads\/2015\/08\/DSC6825-1-60x60.jpg 60w\" sizes=\"auto, (max-width: 1010px) 100vw, 1010px\" \/><\/a><p id=\"caption-attachment-14111\" class=\"wp-caption-text\">Gostaram do efeito tartaruga no meu cabelo?<\/p><\/div>\n<p>Cr\u00e9ditos:<br \/>\n<a href=\"https:\/\/www.facebook.com\/DinardsHairFashion?fref=ts\">Dinard\u00b4s Hair Fashion<\/a> (cabelo e make).<\/p>\n","protected":false},"excerpt":{"rendered":"<p>Tem muita gente me perguntando o que eu fiz no cabelo. Resolvi, ent\u00e3o, fazer um post para contar os detalhes.\u00a0Por sugest\u00e3o da minha hair sytlist, Regina Dinards, fizemos a Tortoiseshell&hellip;<\/p>\n","protected":false},"author":7,"featured_media":14108,"comment_status":"open","ping_status":"open","sticky":false,"template":"","format":"standard","meta":{"_monsterinsights_skip_tracking":false,"_monsterinsights_sitenote_active":false,"_monsterinsights_sitenote_note":"","_monsterinsights_sitenote_category":0,"footnotes":""},"categories":[6,1508],"tags":[2147],"class_list":["post-14038","post","type-post","status-publish","format-standard","has-post-thumbnail","hentry","category-beleza","category-destaque","tag-tortoiseshell-hair"],"yoast_head":"<!-- This site is optimized with the Yoast SEO plugin v26.3 - https:\/\/yoast.com\/wordpress\/plugins\/seo\/ -->\n<title>Meu cabelo com efeito tartaruga - Andrea Simonetti<\/title>\n<meta name=\"robots\" content=\"index, follow, max-snippet:-1, max-image-preview:large, max-video-preview:-1\" \/>\n<link rel=\"canonical\" href=\"https:\/\/andreasimonetti.com.br\/blog\/meu-cabelo-com-efeito-tartaruga\/\" \/>\n<meta property=\"og:locale\" content=\"pt_BR\" \/>\n<meta property=\"og:type\" content=\"article\" \/>\n<meta property=\"og:title\" content=\"Meu cabelo com efeito tartaruga - Andrea Simonetti\" \/>\n<meta property=\"og:description\" content=\"Tem muita gente me perguntando o que eu fiz no cabelo. Resolvi, ent\u00e3o, fazer um post para contar os detalhes.\u00a0Por sugest\u00e3o da minha hair sytlist, Regina Dinards, fizemos a Tortoiseshell&hellip;\" \/>\n<meta property=\"og:url\" content=\"https:\/\/andreasimonetti.com.br\/blog\/meu-cabelo-com-efeito-tartaruga\/\" \/>\n<meta property=\"og:site_name\" content=\"Andrea Simonetti\" \/>\n<meta property=\"article:publisher\" content=\"https:\/\/www.facebook.com\/blogdaandreasimonetti\/\" \/>\n<meta property=\"article:author\" content=\"https:\/\/www.facebook.com\/blogdaandreasimonetti\/\" \/>\n<meta property=\"article:published_time\" content=\"2015-08-27T11:47:21+00:00\" \/>\n<meta property=\"og:image\" content=\"https:\/\/andreasimonetti.com.br\/blog\/wp-content\/uploads\/2015\/08\/page5.jpg\" \/>\n\t<meta property=\"og:image:width\" content=\"700\" \/>\n\t<meta property=\"og:image:height\" content=\"700\" \/>\n\t<meta property=\"og:image:type\" content=\"image\/jpeg\" \/>\n<meta name=\"author\" content=\"Andrea Simonetti\" \/>\n<meta name=\"twitter:card\" content=\"summary_large_image\" \/>\n<meta name=\"twitter:creator\" content=\"@https:\/\/twitter.com\/Andrea_Simoneti\" \/>\n<meta name=\"twitter:site\" content=\"@Andrea_Simoneti\" \/>\n<meta name=\"twitter:label1\" content=\"Escrito por\" \/>\n\t<meta name=\"twitter:data1\" content=\"Andrea Simonetti\" \/>\n\t<meta name=\"twitter:label2\" content=\"Est. tempo de leitura\" \/>\n\t<meta name=\"twitter:data2\" content=\"1 minuto\" \/>\n<!-- \/ Yoast SEO plugin. -->","yoast_head_json":{"title":"Meu cabelo com efeito tartaruga - Andrea Simonetti","robots":{"index":"index","follow":"follow","max-snippet":"max-snippet:-1","max-image-preview":"max-image-preview:large","max-video-preview":"max-video-preview:-1"},"canonical":"https:\/\/andreasimonetti.com.br\/blog\/meu-cabelo-com-efeito-tartaruga\/","og_locale":"pt_BR","og_type":"article","og_title":"Meu cabelo com efeito tartaruga - Andrea Simonetti","og_description":"Tem muita gente me perguntando o que eu fiz no cabelo. Resolvi, ent\u00e3o, fazer um post para contar os detalhes.\u00a0Por sugest\u00e3o da minha hair sytlist, Regina Dinards, fizemos a Tortoiseshell&hellip;","og_url":"https:\/\/andreasimonetti.com.br\/blog\/meu-cabelo-com-efeito-tartaruga\/","og_site_name":"Andrea Simonetti","article_publisher":"https:\/\/www.facebook.com\/blogdaandreasimonetti\/","article_author":"https:\/\/www.facebook.com\/blogdaandreasimonetti\/","article_published_time":"2015-08-27T11:47:21+00:00","og_image":[{"width":700,"height":700,"url":"https:\/\/andreasimonetti.com.br\/blog\/wp-content\/uploads\/2015\/08\/page5.jpg","type":"image\/jpeg"}],"author":"Andrea Simonetti","twitter_card":"summary_large_image","twitter_creator":"@https:\/\/twitter.com\/Andrea_Simoneti","twitter_site":"@Andrea_Simoneti","twitter_misc":{"Escrito por":"Andrea Simonetti","Est. tempo de leitura":"1 minuto"},"schema":{"@context":"https:\/\/schema.org","@graph":[{"@type":"WebPage","@id":"https:\/\/andreasimonetti.com.br\/blog\/meu-cabelo-com-efeito-tartaruga\/","url":"https:\/\/andreasimonetti.com.br\/blog\/meu-cabelo-com-efeito-tartaruga\/","name":"Meu cabelo com efeito tartaruga - Andrea Simonetti","isPartOf":{"@id":"https:\/\/andreasimonetti.com.br\/blog\/#website"},"primaryImageOfPage":{"@id":"https:\/\/andreasimonetti.com.br\/blog\/meu-cabelo-com-efeito-tartaruga\/#primaryimage"},"image":{"@id":"https:\/\/andreasimonetti.com.br\/blog\/meu-cabelo-com-efeito-tartaruga\/#primaryimage"},"thumbnailUrl":"https:\/\/andreasimonetti.com.br\/blog\/wp-content\/uploads\/2015\/08\/page5.jpg","datePublished":"2015-08-27T11:47:21+00:00","author":{"@id":"https:\/\/andreasimonetti.com.br\/blog\/#\/schema\/person\/254f763c24ac288e27ea738a7366ad2a"},"breadcrumb":{"@id":"https:\/\/andreasimonetti.com.br\/blog\/meu-cabelo-com-efeito-tartaruga\/#breadcrumb"},"inLanguage":"pt-BR","potentialAction":[{"@type":"ReadAction","target":["https:\/\/andreasimonetti.com.br\/blog\/meu-cabelo-com-efeito-tartaruga\/"]}]},{"@type":"ImageObject","inLanguage":"pt-BR","@id":"https:\/\/andreasimonetti.com.br\/blog\/meu-cabelo-com-efeito-tartaruga\/#primaryimage","url":"https:\/\/andreasimonetti.com.br\/blog\/wp-content\/uploads\/2015\/08\/page5.jpg","contentUrl":"https:\/\/andreasimonetti.com.br\/blog\/wp-content\/uploads\/2015\/08\/page5.jpg","width":700,"height":700},{"@type":"BreadcrumbList","@id":"https:\/\/andreasimonetti.com.br\/blog\/meu-cabelo-com-efeito-tartaruga\/#breadcrumb","itemListElement":[{"@type":"ListItem","position":1,"name":"In\u00edcio","item":"https:\/\/andreasimonetti.com.br\/blog\/"},{"@type":"ListItem","position":2,"name":"Meu cabelo com efeito tartaruga"}]},{"@type":"WebSite","@id":"https:\/\/andreasimonetti.com.br\/blog\/#website","url":"https:\/\/andreasimonetti.com.br\/blog\/","name":"Andrea Simonetti","description":"","potentialAction":[{"@type":"SearchAction","target":{"@type":"EntryPoint","urlTemplate":"https:\/\/andreasimonetti.com.br\/blog\/?s={search_term_string}"},"query-input":{"@type":"PropertyValueSpecification","valueRequired":true,"valueName":"search_term_string"}}],"inLanguage":"pt-BR"},{"@type":"Person","@id":"https:\/\/andreasimonetti.com.br\/blog\/#\/schema\/person\/254f763c24ac288e27ea738a7366ad2a","name":"Andrea Simonetti","image":{"@type":"ImageObject","inLanguage":"pt-BR","@id":"https:\/\/andreasimonetti.com.br\/blog\/#\/schema\/person\/image\/","url":"https:\/\/andreasimonetti.com.br\/blog\/wp-content\/uploads\/2018\/04\/andrea-simonetti-96x96.png","contentUrl":"https:\/\/andreasimonetti.com.br\/blog\/wp-content\/uploads\/2018\/04\/andrea-simonetti-96x96.png","caption":"Andrea Simonetti"},"description":"Sou formada em Administra\u00e7\u00e3o de Empresas, Produ\u00e7\u00e3o de Moda pelo SENAC e Consultoria de Estilo. Sou fascinada por moda desde sempre, adoro ver as pessoas produzidas e de bem com a vida. Moda \u00e9 o meu assunto preferido. Comecei meu blog em 2011, ele cresceu e hoje \u00e9 um site bem mais abrangente, onde eu falo sobre moda e meu trabalho de consultora de estilo. E falo tamb\u00e9m sobre a minha experi\u00eancia de vida. Mas antes de tudo, acredito num Deus Soberano que nos guia e aben\u00e7oa, o tempo todo!","sameAs":["https:\/\/www.andreasimonetti.com.br\/","https:\/\/www.facebook.com\/blogdaandreasimonetti\/","https:\/\/www.instagram.com\/andrea_simonetti\/","https:\/\/br.pinterest.com\/BlogAndrea\/","https:\/\/x.com\/https:\/\/twitter.com\/Andrea_Simoneti"],"url":"https:\/\/andreasimonetti.com.br\/blog\/author\/andrea\/"}]}},"_links":{"self":[{"href":"https:\/\/andreasimonetti.com.br\/blog\/wp-json\/wp\/v2\/posts\/14038","targetHints":{"allow":["GET"]}}],"collection":[{"href":"https:\/\/andreasimonetti.com.br\/blog\/wp-json\/wp\/v2\/posts"}],"about":[{"href":"https:\/\/andreasimonetti.com.br\/blog\/wp-json\/wp\/v2\/types\/post"}],"author":[{"embeddable":true,"href":"https:\/\/andreasimonetti.com.br\/blog\/wp-json\/wp\/v2\/users\/7"}],"replies":[{"embeddable":true,"href":"https:\/\/andreasimonetti.com.br\/blog\/wp-json\/wp\/v2\/comments?post=14038"}],"version-history":[{"count":0,"href":"https:\/\/andreasimonetti.com.br\/blog\/wp-json\/wp\/v2\/posts\/14038\/revisions"}],"wp:featuredmedia":[{"embeddable":true,"href":"https:\/\/andreasimonetti.com.br\/blog\/wp-json\/wp\/v2\/media\/14108"}],"wp:attachment":[{"href":"https:\/\/andreasimonetti.com.br\/blog\/wp-json\/wp\/v2\/media?parent=14038"}],"wp:term":[{"taxonomy":"category","embeddable":true,"href":"https:\/\/andreasimonetti.com.br\/blog\/wp-json\/wp\/v2\/categories?post=14038"},{"taxonomy":"post_tag","embeddable":true,"href":"https:\/\/andreasimonetti.com.br\/blog\/wp-json\/wp\/v2\/tags?post=14038"}],"curies":[{"name":"wp","href":"https:\/\/api.w.org\/{rel}","templated":true}]}}