{"id":13940,"date":"2015-08-10T12:10:38","date_gmt":"2015-08-10T15:10:38","guid":{"rendered":"http:\/\/blogdaandreasimonetti.com.br\/?p=13940"},"modified":"2015-08-10T12:11:02","modified_gmt":"2015-08-10T15:11:02","slug":"o-charme-da-calca-de-cintura-alta","status":"publish","type":"post","link":"https:\/\/andreasimonetti.com.br\/blog\/o-charme-da-calca-de-cintura-alta\/","title":{"rendered":"O charme da cal\u00e7a de cintura alta!"},"content":{"rendered":"<p>&nbsp;<\/p>\n<p style=\"text-align: justify;\">Al\u00e9m de valorizar as curvas do corpo feminino, as cal\u00e7as \u00a0de cintura alta proporcionam um estilo irreverente. A pe\u00e7a \u00a0popular nos anos 70, atualmente \u00e9 um fen\u00f4meno da moda e est\u00e1 presente em diversas vitrines.<\/p>\n<p style=\"text-align: justify;\">No jeans mais claro ou escuro, flare ou skinny, voc\u00ea tem muitas op\u00e7\u00f5es para adquirir a cal\u00e7a que melhor lhe servir. E engana-se quem pensa que o modelo \u00e9 prop\u00edcio somente para as mulheres magras. Aquelas que tiverem o quadril mais largo tamb\u00e9m podem aderir o visual, basta adotar alguns cuidados na composi\u00e7\u00e3o do look. Uma alternativa s\u00e3o as blusas ou camisas mais soltas, desta forma a apar\u00eancia fica harm\u00f4nica.<\/p>\n<p style=\"text-align: justify;\">A sensa\u00e7\u00e3o entre as adolescentes \u00e9 compor o look com cal\u00e7a de cintura alta investindo nos croppeds ou regatas estampadas. Para eventos mais formais a dica \u00e9 investir em camisetes e nos cintos, que fazem toda a diferen\u00e7a.<\/p>\n<p><a href=\"http:\/\/blogdaandreasimonetti.com.br\/wp-content\/uploads\/2015\/08\/como-usar-cal\u00e7a-jeans-cintura-alta.jpg\" data-rel=\"penci-gallery-image-content\" ><img loading=\"lazy\" decoding=\"async\" class=\"alignnone wp-image-13941\" src=\"http:\/\/blogdaandreasimonetti.com.br\/wp-content\/uploads\/2015\/08\/como-usar-cal\u00e7a-jeans-cintura-alta.jpg\" alt=\"como-usar-cal\u00e7a-jeans-cintura-alta\" width=\"700\" height=\"531\" srcset=\"https:\/\/andreasimonetti.com.br\/blog\/wp-content\/uploads\/2015\/08\/como-usar-cal\u00e7a-jeans-cintura-alta.jpg 750w, https:\/\/andreasimonetti.com.br\/blog\/wp-content\/uploads\/2015\/08\/como-usar-cal\u00e7a-jeans-cintura-alta-300x228.jpg 300w\" sizes=\"auto, (max-width: 700px) 100vw, 700px\" \/><\/a><\/p>\n<p><a href=\"http:\/\/blogdaandreasimonetti.com.br\/wp-content\/uploads\/2015\/08\/calca-flare-5-32-3117.jpg\" data-rel=\"penci-gallery-image-content\" ><img loading=\"lazy\" decoding=\"async\" class=\"alignnone wp-image-13942\" src=\"http:\/\/blogdaandreasimonetti.com.br\/wp-content\/uploads\/2015\/08\/calca-flare-5-32-3117.jpg\" alt=\"calca-flare-5-32-3117\" width=\"700\" height=\"543\" srcset=\"https:\/\/andreasimonetti.com.br\/blog\/wp-content\/uploads\/2015\/08\/calca-flare-5-32-3117.jpg 570w, https:\/\/andreasimonetti.com.br\/blog\/wp-content\/uploads\/2015\/08\/calca-flare-5-32-3117-300x233.jpg 300w\" sizes=\"auto, (max-width: 700px) 100vw, 700px\" \/><\/a><\/p>\n<p><a href=\"http:\/\/blogdaandreasimonetti.com.br\/wp-content\/uploads\/2015\/08\/calca-jeans-cintura-alta1.jpg\" data-rel=\"penci-gallery-image-content\" ><img loading=\"lazy\" decoding=\"async\" class=\"alignnone wp-image-13943\" src=\"http:\/\/blogdaandreasimonetti.com.br\/wp-content\/uploads\/2015\/08\/calca-jeans-cintura-alta1.jpg\" alt=\"calca-jeans-cintura-alta1\" width=\"700\" height=\"1050\" srcset=\"https:\/\/andreasimonetti.com.br\/blog\/wp-content\/uploads\/2015\/08\/calca-jeans-cintura-alta1.jpg 690w, https:\/\/andreasimonetti.com.br\/blog\/wp-content\/uploads\/2015\/08\/calca-jeans-cintura-alta1-200x300.jpg 200w, https:\/\/andreasimonetti.com.br\/blog\/wp-content\/uploads\/2015\/08\/calca-jeans-cintura-alta1-683x1024.jpg 683w\" sizes=\"auto, (max-width: 700px) 100vw, 700px\" \/><\/a><\/p>\n","protected":false},"excerpt":{"rendered":"<p>&nbsp; Al\u00e9m de valorizar as curvas do corpo feminino, as cal\u00e7as \u00a0de cintura alta proporcionam um estilo irreverente. A pe\u00e7a \u00a0popular nos anos 70, atualmente \u00e9 um fen\u00f4meno da moda&hellip;<\/p>\n","protected":false},"author":7,"featured_media":13942,"comment_status":"open","ping_status":"open","sticky":false,"template":"","format":"standard","meta":{"_monsterinsights_skip_tracking":false,"_monsterinsights_sitenote_active":false,"_monsterinsights_sitenote_note":"","_monsterinsights_sitenote_category":0,"footnotes":""},"categories":[1508,3,1],"tags":[2143],"class_list":["post-13940","post","type-post","status-publish","format-standard","has-post-thumbnail","hentry","category-destaque","category-moda","category-sem-categoria","tag-calca-de-cintura-alta"],"yoast_head":"<!-- This site is optimized with the Yoast SEO plugin v26.3 - https:\/\/yoast.com\/wordpress\/plugins\/seo\/ -->\n<title>O charme da cal\u00e7a de cintura alta! - Andrea Simonetti<\/title>\n<meta name=\"robots\" content=\"index, follow, max-snippet:-1, max-image-preview:large, max-video-preview:-1\" \/>\n<link rel=\"canonical\" href=\"https:\/\/andreasimonetti.com.br\/blog\/o-charme-da-calca-de-cintura-alta\/\" \/>\n<meta property=\"og:locale\" content=\"pt_BR\" \/>\n<meta property=\"og:type\" content=\"article\" \/>\n<meta property=\"og:title\" content=\"O charme da cal\u00e7a de cintura alta! - Andrea Simonetti\" \/>\n<meta property=\"og:description\" content=\"&nbsp; Al\u00e9m de valorizar as curvas do corpo feminino, as cal\u00e7as \u00a0de cintura alta proporcionam um estilo irreverente. A pe\u00e7a \u00a0popular nos anos 70, atualmente \u00e9 um fen\u00f4meno da moda&hellip;\" \/>\n<meta property=\"og:url\" content=\"https:\/\/andreasimonetti.com.br\/blog\/o-charme-da-calca-de-cintura-alta\/\" \/>\n<meta property=\"og:site_name\" content=\"Andrea Simonetti\" \/>\n<meta property=\"article:publisher\" content=\"https:\/\/www.facebook.com\/blogdaandreasimonetti\/\" \/>\n<meta property=\"article:author\" content=\"https:\/\/www.facebook.com\/blogdaandreasimonetti\/\" \/>\n<meta property=\"article:published_time\" content=\"2015-08-10T15:10:38+00:00\" \/>\n<meta property=\"article:modified_time\" content=\"2015-08-10T15:11:02+00:00\" \/>\n<meta property=\"og:image\" content=\"https:\/\/andreasimonetti.com.br\/blog\/wp-content\/uploads\/2015\/08\/calca-flare-5-32-3117.jpg\" \/>\n\t<meta property=\"og:image:width\" content=\"570\" \/>\n\t<meta property=\"og:image:height\" content=\"442\" \/>\n\t<meta property=\"og:image:type\" content=\"image\/jpeg\" \/>\n<meta name=\"author\" content=\"Andrea Simonetti\" \/>\n<meta name=\"twitter:card\" content=\"summary_large_image\" \/>\n<meta name=\"twitter:creator\" content=\"@https:\/\/twitter.com\/Andrea_Simoneti\" \/>\n<meta name=\"twitter:site\" content=\"@Andrea_Simoneti\" \/>\n<meta name=\"twitter:label1\" content=\"Escrito por\" \/>\n\t<meta name=\"twitter:data1\" content=\"Andrea Simonetti\" \/>\n\t<meta name=\"twitter:label2\" content=\"Est. tempo de leitura\" \/>\n\t<meta name=\"twitter:data2\" content=\"1 minuto\" \/>\n<!-- \/ Yoast SEO plugin. -->","yoast_head_json":{"title":"O charme da cal\u00e7a de cintura alta! - Andrea Simonetti","robots":{"index":"index","follow":"follow","max-snippet":"max-snippet:-1","max-image-preview":"max-image-preview:large","max-video-preview":"max-video-preview:-1"},"canonical":"https:\/\/andreasimonetti.com.br\/blog\/o-charme-da-calca-de-cintura-alta\/","og_locale":"pt_BR","og_type":"article","og_title":"O charme da cal\u00e7a de cintura alta! - Andrea Simonetti","og_description":"&nbsp; Al\u00e9m de valorizar as curvas do corpo feminino, as cal\u00e7as \u00a0de cintura alta proporcionam um estilo irreverente. A pe\u00e7a \u00a0popular nos anos 70, atualmente \u00e9 um fen\u00f4meno da moda&hellip;","og_url":"https:\/\/andreasimonetti.com.br\/blog\/o-charme-da-calca-de-cintura-alta\/","og_site_name":"Andrea Simonetti","article_publisher":"https:\/\/www.facebook.com\/blogdaandreasimonetti\/","article_author":"https:\/\/www.facebook.com\/blogdaandreasimonetti\/","article_published_time":"2015-08-10T15:10:38+00:00","article_modified_time":"2015-08-10T15:11:02+00:00","og_image":[{"width":570,"height":442,"url":"https:\/\/andreasimonetti.com.br\/blog\/wp-content\/uploads\/2015\/08\/calca-flare-5-32-3117.jpg","type":"image\/jpeg"}],"author":"Andrea Simonetti","twitter_card":"summary_large_image","twitter_creator":"@https:\/\/twitter.com\/Andrea_Simoneti","twitter_site":"@Andrea_Simoneti","twitter_misc":{"Escrito por":"Andrea Simonetti","Est. tempo de leitura":"1 minuto"},"schema":{"@context":"https:\/\/schema.org","@graph":[{"@type":"WebPage","@id":"https:\/\/andreasimonetti.com.br\/blog\/o-charme-da-calca-de-cintura-alta\/","url":"https:\/\/andreasimonetti.com.br\/blog\/o-charme-da-calca-de-cintura-alta\/","name":"O charme da cal\u00e7a de cintura alta! - Andrea Simonetti","isPartOf":{"@id":"https:\/\/andreasimonetti.com.br\/blog\/#website"},"primaryImageOfPage":{"@id":"https:\/\/andreasimonetti.com.br\/blog\/o-charme-da-calca-de-cintura-alta\/#primaryimage"},"image":{"@id":"https:\/\/andreasimonetti.com.br\/blog\/o-charme-da-calca-de-cintura-alta\/#primaryimage"},"thumbnailUrl":"https:\/\/andreasimonetti.com.br\/blog\/wp-content\/uploads\/2015\/08\/calca-flare-5-32-3117.jpg","datePublished":"2015-08-10T15:10:38+00:00","dateModified":"2015-08-10T15:11:02+00:00","author":{"@id":"https:\/\/andreasimonetti.com.br\/blog\/#\/schema\/person\/254f763c24ac288e27ea738a7366ad2a"},"breadcrumb":{"@id":"https:\/\/andreasimonetti.com.br\/blog\/o-charme-da-calca-de-cintura-alta\/#breadcrumb"},"inLanguage":"pt-BR","potentialAction":[{"@type":"ReadAction","target":["https:\/\/andreasimonetti.com.br\/blog\/o-charme-da-calca-de-cintura-alta\/"]}]},{"@type":"ImageObject","inLanguage":"pt-BR","@id":"https:\/\/andreasimonetti.com.br\/blog\/o-charme-da-calca-de-cintura-alta\/#primaryimage","url":"https:\/\/andreasimonetti.com.br\/blog\/wp-content\/uploads\/2015\/08\/calca-flare-5-32-3117.jpg","contentUrl":"https:\/\/andreasimonetti.com.br\/blog\/wp-content\/uploads\/2015\/08\/calca-flare-5-32-3117.jpg","width":570,"height":442},{"@type":"BreadcrumbList","@id":"https:\/\/andreasimonetti.com.br\/blog\/o-charme-da-calca-de-cintura-alta\/#breadcrumb","itemListElement":[{"@type":"ListItem","position":1,"name":"In\u00edcio","item":"https:\/\/andreasimonetti.com.br\/blog\/"},{"@type":"ListItem","position":2,"name":"O charme da cal\u00e7a de cintura alta!"}]},{"@type":"WebSite","@id":"https:\/\/andreasimonetti.com.br\/blog\/#website","url":"https:\/\/andreasimonetti.com.br\/blog\/","name":"Andrea Simonetti","description":"","potentialAction":[{"@type":"SearchAction","target":{"@type":"EntryPoint","urlTemplate":"https:\/\/andreasimonetti.com.br\/blog\/?s={search_term_string}"},"query-input":{"@type":"PropertyValueSpecification","valueRequired":true,"valueName":"search_term_string"}}],"inLanguage":"pt-BR"},{"@type":"Person","@id":"https:\/\/andreasimonetti.com.br\/blog\/#\/schema\/person\/254f763c24ac288e27ea738a7366ad2a","name":"Andrea Simonetti","image":{"@type":"ImageObject","inLanguage":"pt-BR","@id":"https:\/\/andreasimonetti.com.br\/blog\/#\/schema\/person\/image\/","url":"https:\/\/andreasimonetti.com.br\/blog\/wp-content\/uploads\/2018\/04\/andrea-simonetti-96x96.png","contentUrl":"https:\/\/andreasimonetti.com.br\/blog\/wp-content\/uploads\/2018\/04\/andrea-simonetti-96x96.png","caption":"Andrea Simonetti"},"description":"Sou formada em Administra\u00e7\u00e3o de Empresas, Produ\u00e7\u00e3o de Moda pelo SENAC e Consultoria de Estilo. Sou fascinada por moda desde sempre, adoro ver as pessoas produzidas e de bem com a vida. Moda \u00e9 o meu assunto preferido. Comecei meu blog em 2011, ele cresceu e hoje \u00e9 um site bem mais abrangente, onde eu falo sobre moda e meu trabalho de consultora de estilo. E falo tamb\u00e9m sobre a minha experi\u00eancia de vida. Mas antes de tudo, acredito num Deus Soberano que nos guia e aben\u00e7oa, o tempo todo!","sameAs":["https:\/\/www.andreasimonetti.com.br\/","https:\/\/www.facebook.com\/blogdaandreasimonetti\/","https:\/\/www.instagram.com\/andrea_simonetti\/","https:\/\/br.pinterest.com\/BlogAndrea\/","https:\/\/x.com\/https:\/\/twitter.com\/Andrea_Simoneti"],"url":"https:\/\/andreasimonetti.com.br\/blog\/author\/andrea\/"}]}},"_links":{"self":[{"href":"https:\/\/andreasimonetti.com.br\/blog\/wp-json\/wp\/v2\/posts\/13940","targetHints":{"allow":["GET"]}}],"collection":[{"href":"https:\/\/andreasimonetti.com.br\/blog\/wp-json\/wp\/v2\/posts"}],"about":[{"href":"https:\/\/andreasimonetti.com.br\/blog\/wp-json\/wp\/v2\/types\/post"}],"author":[{"embeddable":true,"href":"https:\/\/andreasimonetti.com.br\/blog\/wp-json\/wp\/v2\/users\/7"}],"replies":[{"embeddable":true,"href":"https:\/\/andreasimonetti.com.br\/blog\/wp-json\/wp\/v2\/comments?post=13940"}],"version-history":[{"count":0,"href":"https:\/\/andreasimonetti.com.br\/blog\/wp-json\/wp\/v2\/posts\/13940\/revisions"}],"wp:featuredmedia":[{"embeddable":true,"href":"https:\/\/andreasimonetti.com.br\/blog\/wp-json\/wp\/v2\/media\/13942"}],"wp:attachment":[{"href":"https:\/\/andreasimonetti.com.br\/blog\/wp-json\/wp\/v2\/media?parent=13940"}],"wp:term":[{"taxonomy":"category","embeddable":true,"href":"https:\/\/andreasimonetti.com.br\/blog\/wp-json\/wp\/v2\/categories?post=13940"},{"taxonomy":"post_tag","embeddable":true,"href":"https:\/\/andreasimonetti.com.br\/blog\/wp-json\/wp\/v2\/tags?post=13940"}],"curies":[{"name":"wp","href":"https:\/\/api.w.org\/{rel}","templated":true}]}}