{"id":13929,"date":"2015-08-07T13:27:32","date_gmt":"2015-08-07T16:27:32","guid":{"rendered":"http:\/\/blogdaandreasimonetti.com.br\/?p=13929"},"modified":"2015-08-07T13:27:32","modified_gmt":"2015-08-07T16:27:32","slug":"lancamento-verao-20152016-arezzo","status":"publish","type":"post","link":"https:\/\/andreasimonetti.com.br\/blog\/lancamento-verao-20152016-arezzo\/","title":{"rendered":"Lan\u00e7amento ver\u00e3o 2015\/2016 Arezzo"},"content":{"rendered":"<p>Todo lan\u00e7amento de cole\u00e7\u00e3o tem suas novidades e apostas para a esta\u00e7\u00e3o. Mas a nova cole\u00e7\u00e3o ver\u00e3o da Arezzo surpreendeu. Franjas nas bolsas e sand\u00e1lias, gladiadoras de salto baixo e salto alto e a predomin\u00e2ncia do preto e do branco s\u00e3o os destaques da marca. Na minha opini\u00e3o, \u00e9 uma das melhores cole\u00e7\u00f5es da Arezzo nos \u00faltimos anos. Vale a pena conhecer. E o que tamb\u00e9m sempre vale a pena \u00e9 sentir o carinho das irm\u00e3s Yara e Erica Della Barba, que mais uma vez receberam as convidadas com um coquetel \u00a0muito especial. Foi uma noite linda.<\/p>\n<p><a href=\"http:\/\/blogdaandreasimonetti.com.br\/wp-content\/uploads\/2015\/08\/Evento-06082015.jpg\" data-rel=\"penci-gallery-image-content\" ><img loading=\"lazy\" decoding=\"async\" class=\"alignnone size-full wp-image-13930\" src=\"http:\/\/blogdaandreasimonetti.com.br\/wp-content\/uploads\/2015\/08\/Evento-06082015.jpg\" alt=\"Evento 06082015\" width=\"720\" height=\"4100\" srcset=\"https:\/\/andreasimonetti.com.br\/blog\/wp-content\/uploads\/2015\/08\/Evento-06082015.jpg 720w, https:\/\/andreasimonetti.com.br\/blog\/wp-content\/uploads\/2015\/08\/Evento-06082015-180x1024.jpg 180w\" sizes=\"auto, (max-width: 720px) 100vw, 720px\" \/><\/a><\/p>\n<p>O meu look:cal\u00e7a pantalona curta que \u00e9 uma super tend\u00eancia para o ver\u00e3o e body. Sand\u00e1lia e bolsa Arezzo.<br \/>\nCr\u00e9ditos : Cal\u00e7a (Caos) Body(4 Jump)<br \/>\nMake e Hair: Dinard\u00b4s Hair Fashion.<\/p>\n","protected":false},"excerpt":{"rendered":"<p>Todo lan\u00e7amento de cole\u00e7\u00e3o tem suas novidades e apostas para a esta\u00e7\u00e3o. Mas a nova cole\u00e7\u00e3o ver\u00e3o da Arezzo surpreendeu. Franjas nas bolsas e sand\u00e1lias, gladiadoras de salto baixo e&hellip;<\/p>\n","protected":false},"author":7,"featured_media":13935,"comment_status":"open","ping_status":"open","sticky":false,"template":"","format":"standard","meta":{"_monsterinsights_skip_tracking":false,"_monsterinsights_sitenote_active":false,"_monsterinsights_sitenote_note":"","_monsterinsights_sitenote_category":0,"footnotes":""},"categories":[1508,3],"tags":[19,2142],"class_list":["post-13929","post","type-post","status-publish","format-standard","has-post-thumbnail","hentry","category-destaque","category-moda","tag-arezzo","tag-lancamento-verao-arezzo"],"yoast_head":"<!-- This site is optimized with the Yoast SEO plugin v26.3 - https:\/\/yoast.com\/wordpress\/plugins\/seo\/ -->\n<title>Lan\u00e7amento ver\u00e3o 2015\/2016 Arezzo - Andrea Simonetti<\/title>\n<meta name=\"robots\" content=\"index, follow, max-snippet:-1, max-image-preview:large, max-video-preview:-1\" \/>\n<link rel=\"canonical\" href=\"https:\/\/andreasimonetti.com.br\/blog\/lancamento-verao-20152016-arezzo\/\" \/>\n<meta property=\"og:locale\" content=\"pt_BR\" \/>\n<meta property=\"og:type\" content=\"article\" \/>\n<meta property=\"og:title\" content=\"Lan\u00e7amento ver\u00e3o 2015\/2016 Arezzo - Andrea Simonetti\" \/>\n<meta property=\"og:description\" content=\"Todo lan\u00e7amento de cole\u00e7\u00e3o tem suas novidades e apostas para a esta\u00e7\u00e3o. Mas a nova cole\u00e7\u00e3o ver\u00e3o da Arezzo surpreendeu. Franjas nas bolsas e sand\u00e1lias, gladiadoras de salto baixo e&hellip;\" \/>\n<meta property=\"og:url\" content=\"https:\/\/andreasimonetti.com.br\/blog\/lancamento-verao-20152016-arezzo\/\" \/>\n<meta property=\"og:site_name\" content=\"Andrea Simonetti\" \/>\n<meta property=\"article:publisher\" content=\"https:\/\/www.facebook.com\/blogdaandreasimonetti\/\" \/>\n<meta property=\"article:author\" content=\"https:\/\/www.facebook.com\/blogdaandreasimonetti\/\" \/>\n<meta property=\"article:published_time\" content=\"2015-08-07T16:27:32+00:00\" \/>\n<meta property=\"og:image\" content=\"https:\/\/andreasimonetti.com.br\/blog\/wp-content\/uploads\/2015\/08\/11855920_939914339405836_3966679697237224954_n.jpg\" \/>\n\t<meta property=\"og:image:width\" content=\"641\" \/>\n\t<meta property=\"og:image:height\" content=\"960\" \/>\n\t<meta property=\"og:image:type\" content=\"image\/jpeg\" \/>\n<meta name=\"author\" content=\"Andrea Simonetti\" \/>\n<meta name=\"twitter:card\" content=\"summary_large_image\" \/>\n<meta name=\"twitter:creator\" content=\"@https:\/\/twitter.com\/Andrea_Simoneti\" \/>\n<meta name=\"twitter:site\" content=\"@Andrea_Simoneti\" \/>\n<meta name=\"twitter:label1\" content=\"Escrito por\" \/>\n\t<meta name=\"twitter:data1\" content=\"Andrea Simonetti\" \/>\n\t<meta name=\"twitter:label2\" content=\"Est. tempo de leitura\" \/>\n\t<meta name=\"twitter:data2\" content=\"1 minuto\" \/>\n<!-- \/ Yoast SEO plugin. -->","yoast_head_json":{"title":"Lan\u00e7amento ver\u00e3o 2015\/2016 Arezzo - Andrea Simonetti","robots":{"index":"index","follow":"follow","max-snippet":"max-snippet:-1","max-image-preview":"max-image-preview:large","max-video-preview":"max-video-preview:-1"},"canonical":"https:\/\/andreasimonetti.com.br\/blog\/lancamento-verao-20152016-arezzo\/","og_locale":"pt_BR","og_type":"article","og_title":"Lan\u00e7amento ver\u00e3o 2015\/2016 Arezzo - Andrea Simonetti","og_description":"Todo lan\u00e7amento de cole\u00e7\u00e3o tem suas novidades e apostas para a esta\u00e7\u00e3o. Mas a nova cole\u00e7\u00e3o ver\u00e3o da Arezzo surpreendeu. Franjas nas bolsas e sand\u00e1lias, gladiadoras de salto baixo e&hellip;","og_url":"https:\/\/andreasimonetti.com.br\/blog\/lancamento-verao-20152016-arezzo\/","og_site_name":"Andrea Simonetti","article_publisher":"https:\/\/www.facebook.com\/blogdaandreasimonetti\/","article_author":"https:\/\/www.facebook.com\/blogdaandreasimonetti\/","article_published_time":"2015-08-07T16:27:32+00:00","og_image":[{"width":641,"height":960,"url":"https:\/\/andreasimonetti.com.br\/blog\/wp-content\/uploads\/2015\/08\/11855920_939914339405836_3966679697237224954_n.jpg","type":"image\/jpeg"}],"author":"Andrea Simonetti","twitter_card":"summary_large_image","twitter_creator":"@https:\/\/twitter.com\/Andrea_Simoneti","twitter_site":"@Andrea_Simoneti","twitter_misc":{"Escrito por":"Andrea Simonetti","Est. tempo de leitura":"1 minuto"},"schema":{"@context":"https:\/\/schema.org","@graph":[{"@type":"WebPage","@id":"https:\/\/andreasimonetti.com.br\/blog\/lancamento-verao-20152016-arezzo\/","url":"https:\/\/andreasimonetti.com.br\/blog\/lancamento-verao-20152016-arezzo\/","name":"Lan\u00e7amento ver\u00e3o 2015\/2016 Arezzo - Andrea Simonetti","isPartOf":{"@id":"https:\/\/andreasimonetti.com.br\/blog\/#website"},"primaryImageOfPage":{"@id":"https:\/\/andreasimonetti.com.br\/blog\/lancamento-verao-20152016-arezzo\/#primaryimage"},"image":{"@id":"https:\/\/andreasimonetti.com.br\/blog\/lancamento-verao-20152016-arezzo\/#primaryimage"},"thumbnailUrl":"https:\/\/andreasimonetti.com.br\/blog\/wp-content\/uploads\/2015\/08\/11855920_939914339405836_3966679697237224954_n.jpg","datePublished":"2015-08-07T16:27:32+00:00","author":{"@id":"https:\/\/andreasimonetti.com.br\/blog\/#\/schema\/person\/254f763c24ac288e27ea738a7366ad2a"},"breadcrumb":{"@id":"https:\/\/andreasimonetti.com.br\/blog\/lancamento-verao-20152016-arezzo\/#breadcrumb"},"inLanguage":"pt-BR","potentialAction":[{"@type":"ReadAction","target":["https:\/\/andreasimonetti.com.br\/blog\/lancamento-verao-20152016-arezzo\/"]}]},{"@type":"ImageObject","inLanguage":"pt-BR","@id":"https:\/\/andreasimonetti.com.br\/blog\/lancamento-verao-20152016-arezzo\/#primaryimage","url":"https:\/\/andreasimonetti.com.br\/blog\/wp-content\/uploads\/2015\/08\/11855920_939914339405836_3966679697237224954_n.jpg","contentUrl":"https:\/\/andreasimonetti.com.br\/blog\/wp-content\/uploads\/2015\/08\/11855920_939914339405836_3966679697237224954_n.jpg","width":641,"height":960},{"@type":"BreadcrumbList","@id":"https:\/\/andreasimonetti.com.br\/blog\/lancamento-verao-20152016-arezzo\/#breadcrumb","itemListElement":[{"@type":"ListItem","position":1,"name":"In\u00edcio","item":"https:\/\/andreasimonetti.com.br\/blog\/"},{"@type":"ListItem","position":2,"name":"Lan\u00e7amento ver\u00e3o 2015\/2016 Arezzo"}]},{"@type":"WebSite","@id":"https:\/\/andreasimonetti.com.br\/blog\/#website","url":"https:\/\/andreasimonetti.com.br\/blog\/","name":"Andrea Simonetti","description":"","potentialAction":[{"@type":"SearchAction","target":{"@type":"EntryPoint","urlTemplate":"https:\/\/andreasimonetti.com.br\/blog\/?s={search_term_string}"},"query-input":{"@type":"PropertyValueSpecification","valueRequired":true,"valueName":"search_term_string"}}],"inLanguage":"pt-BR"},{"@type":"Person","@id":"https:\/\/andreasimonetti.com.br\/blog\/#\/schema\/person\/254f763c24ac288e27ea738a7366ad2a","name":"Andrea Simonetti","image":{"@type":"ImageObject","inLanguage":"pt-BR","@id":"https:\/\/andreasimonetti.com.br\/blog\/#\/schema\/person\/image\/","url":"https:\/\/andreasimonetti.com.br\/blog\/wp-content\/uploads\/2018\/04\/andrea-simonetti-96x96.png","contentUrl":"https:\/\/andreasimonetti.com.br\/blog\/wp-content\/uploads\/2018\/04\/andrea-simonetti-96x96.png","caption":"Andrea Simonetti"},"description":"Sou formada em Administra\u00e7\u00e3o de Empresas, Produ\u00e7\u00e3o de Moda pelo SENAC e Consultoria de Estilo. Sou fascinada por moda desde sempre, adoro ver as pessoas produzidas e de bem com a vida. Moda \u00e9 o meu assunto preferido. Comecei meu blog em 2011, ele cresceu e hoje \u00e9 um site bem mais abrangente, onde eu falo sobre moda e meu trabalho de consultora de estilo. E falo tamb\u00e9m sobre a minha experi\u00eancia de vida. Mas antes de tudo, acredito num Deus Soberano que nos guia e aben\u00e7oa, o tempo todo!","sameAs":["https:\/\/www.andreasimonetti.com.br\/","https:\/\/www.facebook.com\/blogdaandreasimonetti\/","https:\/\/www.instagram.com\/andrea_simonetti\/","https:\/\/br.pinterest.com\/BlogAndrea\/","https:\/\/x.com\/https:\/\/twitter.com\/Andrea_Simoneti"],"url":"https:\/\/andreasimonetti.com.br\/blog\/author\/andrea\/"}]}},"_links":{"self":[{"href":"https:\/\/andreasimonetti.com.br\/blog\/wp-json\/wp\/v2\/posts\/13929","targetHints":{"allow":["GET"]}}],"collection":[{"href":"https:\/\/andreasimonetti.com.br\/blog\/wp-json\/wp\/v2\/posts"}],"about":[{"href":"https:\/\/andreasimonetti.com.br\/blog\/wp-json\/wp\/v2\/types\/post"}],"author":[{"embeddable":true,"href":"https:\/\/andreasimonetti.com.br\/blog\/wp-json\/wp\/v2\/users\/7"}],"replies":[{"embeddable":true,"href":"https:\/\/andreasimonetti.com.br\/blog\/wp-json\/wp\/v2\/comments?post=13929"}],"version-history":[{"count":0,"href":"https:\/\/andreasimonetti.com.br\/blog\/wp-json\/wp\/v2\/posts\/13929\/revisions"}],"wp:featuredmedia":[{"embeddable":true,"href":"https:\/\/andreasimonetti.com.br\/blog\/wp-json\/wp\/v2\/media\/13935"}],"wp:attachment":[{"href":"https:\/\/andreasimonetti.com.br\/blog\/wp-json\/wp\/v2\/media?parent=13929"}],"wp:term":[{"taxonomy":"category","embeddable":true,"href":"https:\/\/andreasimonetti.com.br\/blog\/wp-json\/wp\/v2\/categories?post=13929"},{"taxonomy":"post_tag","embeddable":true,"href":"https:\/\/andreasimonetti.com.br\/blog\/wp-json\/wp\/v2\/tags?post=13929"}],"curies":[{"name":"wp","href":"https:\/\/api.w.org\/{rel}","templated":true}]}}