{"id":13688,"date":"2015-07-03T10:43:25","date_gmt":"2015-07-03T13:43:25","guid":{"rendered":"http:\/\/blogdaandreasimonetti.com.br\/?p=13688"},"modified":"2015-07-03T10:43:25","modified_gmt":"2015-07-03T13:43:25","slug":"conhecendo-os-produtos-da-marca-sweet-hair","status":"publish","type":"post","link":"https:\/\/andreasimonetti.com.br\/blog\/conhecendo-os-produtos-da-marca-sweet-hair\/","title":{"rendered":"Conhecendo os produtos da marca Sweet Hair"},"content":{"rendered":"<p style=\"text-align: justify;\">Essa semana conheci a linha de tratamento para os cabelos <strong>\u00a0Sweet<\/strong> <strong>Hair Professional no sal\u00e3o <a href=\"https:\/\/www.facebook.com\/DinardsHairFashion\">Dinard\u00b4s Hair Fashion<\/a>.<\/strong>\u00a0Como fa\u00e7o muita escova e babyliss , a minha \u00a0hair stylist Regina Dinard`s indicou esse tratamento. A marca <a href=\"http:\/\/sweethair.com.br\/\">Sweet Hair <\/a>\u00a0trouxe para o mercado uma linha de tratamento exclusiva que tem por objetivo introduzir um novo conceito: atender de maneira personalizada cada cliente. Para meu cabelo, que est\u00e1 um pouco ressecado e come\u00e7ando a quebrar as pontinhas a indica\u00e7\u00e3o foi essa:<\/p>\n<p style=\"text-align: justify;\"><strong>1\u00ba Passo<\/strong><\/p>\n<p style=\"text-align: justify;\">SHAMP\u00d3O &#8211;\u00a0Shampoo em P\u00f3 .<\/p>\n<p style=\"text-align: justify;\">Possui formula\u00e7\u00e3o com precis\u00e3o molecular que cria liga\u00e7\u00f5es de hidrog\u00eanio nas cadeias de queratina, deixando os cabelos danificados mais fortes, macios e limpos.<\/p>\n<p style=\"text-align: justify;\"><strong>2\u00ba Passo<\/strong><\/p>\n<p style=\"text-align: justify;\">Foi misturado a m\u00e1scara Alquimia, \u00a0os tratamentos de queratina e recupera\u00e7\u00e3o capilar ,\u00a0reconstru\u00e7\u00e3o da fibra capilar,\u00a0manuten\u00e7\u00e3o de cor, nutri\u00e7\u00e3o de \u00f3leo completa, a m\u00e1scara Sweet hair e o tratamento efervescente. Todos os produtos juntos \u00a0e aplicados no cabelo por 30 minutos. \u00a0A mistura parece um chantili \u00a0e tem um cheiro delicioso.<\/p>\n<p style=\"text-align: justify;\">&#8211; <span style=\"color: #993300;\">Tratamento efervescente:\u00a0<\/span>com f\u00f3rmula exclusiva em nanotecnologia e com efervesc\u00eancia que penetra intensamente na fibra capilar, reconstruindo toda a estrutura dos fios, deixando um toque sedoso e hidratado. Aumenta a pot\u00eancia dos tratamentos realizados na alquimia e promove a perman\u00eancia dos mesmos no interior da fibra capilar por mais tempo. Auxilia na redu\u00e7\u00e3o de frizz<br \/>\n&#8211;\u00a0<span style=\"color: #993300;\">A m\u00e1scara alquimia<\/span> cont\u00e9m na sua f\u00f3rmula \u00a0ativos vegetais, emolientes, umectantes e restauradores que penetram na cut\u00edcula, agem diretamente sobre a parte externa e interna da fibra capilar promovendo nutri\u00e7\u00e3o e maciez.<\/p>\n<p style=\"text-align: justify;\">&#8211;\u00a0<span style=\"color: #993300;\">Tratamento de queratina e recupera\u00e7\u00e3o capilar<\/span>: tem recupera\u00e7\u00e3o imediata dos fios.\u00a0Rep\u00f5em os nutrientes perdidos por processos qu\u00edmicos e mec\u00e2nicos, devolve brilho intenso para os cabelos.<\/p>\n<p style=\"text-align: justify;\">&#8211;\u00a0<span style=\"color: #993300;\">Tratamento de reconstru\u00e7\u00e3o da fibra capilar<\/span> :\u00a0recupera \u00a0e protege os cabelos contra a\u00e7\u00f5es\u00a0oxidativa.<\/p>\n<p style=\"text-align: justify;\">&#8211;\u00a0<span style=\"color: #993300;\">Tratamento de manuten\u00e7\u00e3o de cor:<\/span> desenvolvido com uma tecnologia que protege a cor dos cabelos e reconstr\u00f3i os fios, com um complexo de vegetais e ativos ultra leves, que penetram na fibra fazendo com que os pigmentos naturais e artificiais fixem por mais tempo por a\u00e7\u00e3o i\u00f4nica, refletindo um aumento de brilho, conferindo um toque macio e leve.<\/p>\n<p style=\"text-align: justify;\">&#8211;<span style=\"color: #993300;\">Tratamento de nutri\u00e7\u00e3o de \u00f3leo completa:<\/span>\u00a0 composto por um <em>blend<\/em> exclusivo de \u00f3leos vegetais que proporciona reposi\u00e7\u00e3o lip\u00eddica at\u00e9 mesmo dos cabelos mais sensibilizados por processos qu\u00edmicos. Promove aos cabelos um tratamento nutritivo, hidratante, emoliente e antienvelhecimento.<\/p>\n<p style=\"text-align: justify;\">&#8211;\u00a0<span style=\"color: #993300;\">Sweet hair:<\/span>\u00a0M\u00e1scara reconstrutora com f\u00f3rmula exclusiva que tem por fun\u00e7\u00e3o proteger os fios e recuperar os cabelos danificados, promovendo resist\u00eancia, brilho e redu\u00e7\u00e3o de frizz. Princ\u00edpio ativo: amino\u00e1cidos em nano tecnologia, brilhos hologr\u00e1ficos\u00a0 de turmalina, <em>oil free<\/em> e queratina hidrolisada.<\/p>\n<p>Para finalizar, s\u00f3 enxaguar e secar!<\/p>\n<p>Adorei o tratamento! Meu cabelo ficou super macio!!<\/p>\n<p>&nbsp;<\/p>\n<p>&nbsp;<\/p>\n<p>&nbsp;<\/p>\n<div id=\"attachment_13689\" style=\"width: 710px\" class=\"wp-caption alignnone\"><a href=\"http:\/\/blogdaandreasimonetti.com.br\/wp-content\/uploads\/2015\/07\/1-10.jpg\" data-rel=\"penci-gallery-image-content\" ><img loading=\"lazy\" decoding=\"async\" aria-describedby=\"caption-attachment-13689\" class=\"wp-image-13689 size-full\" src=\"http:\/\/blogdaandreasimonetti.com.br\/wp-content\/uploads\/2015\/07\/1-10.jpg\" alt=\"1-10\" width=\"700\" height=\"700\" srcset=\"https:\/\/andreasimonetti.com.br\/blog\/wp-content\/uploads\/2015\/07\/1-10.jpg 700w, https:\/\/andreasimonetti.com.br\/blog\/wp-content\/uploads\/2015\/07\/1-10-150x150.jpg 150w, https:\/\/andreasimonetti.com.br\/blog\/wp-content\/uploads\/2015\/07\/1-10-300x300.jpg 300w, https:\/\/andreasimonetti.com.br\/blog\/wp-content\/uploads\/2015\/07\/1-10-240x240.jpg 240w, https:\/\/andreasimonetti.com.br\/blog\/wp-content\/uploads\/2015\/07\/1-10-96x96.jpg 96w, https:\/\/andreasimonetti.com.br\/blog\/wp-content\/uploads\/2015\/07\/1-10-121x121.jpg 121w, https:\/\/andreasimonetti.com.br\/blog\/wp-content\/uploads\/2015\/07\/1-10-60x60.jpg 60w, https:\/\/andreasimonetti.com.br\/blog\/wp-content\/uploads\/2015\/07\/1-10-184x184.jpg 184w\" sizes=\"auto, (max-width: 700px) 100vw, 700px\" \/><\/a><p id=\"caption-attachment-13689\" class=\"wp-caption-text\">1\u00ba passo<\/p><\/div>\n<div id=\"attachment_13690\" style=\"width: 3099px\" class=\"wp-caption alignnone\"><a href=\"http:\/\/blogdaandreasimonetti.com.br\/wp-content\/uploads\/2015\/07\/017.jpg\" data-rel=\"penci-gallery-image-content\" ><img loading=\"lazy\" decoding=\"async\" aria-describedby=\"caption-attachment-13690\" class=\"wp-image-13690 size-full\" src=\"http:\/\/blogdaandreasimonetti.com.br\/wp-content\/uploads\/2015\/07\/017.jpg\" alt=\"017\" width=\"3089\" height=\"2848\" srcset=\"https:\/\/andreasimonetti.com.br\/blog\/wp-content\/uploads\/2015\/07\/017.jpg 3089w, https:\/\/andreasimonetti.com.br\/blog\/wp-content\/uploads\/2015\/07\/017-300x277.jpg 300w, https:\/\/andreasimonetti.com.br\/blog\/wp-content\/uploads\/2015\/07\/017-1024x944.jpg 1024w\" sizes=\"auto, (max-width: 3089px) 100vw, 3089px\" \/><\/a><p id=\"caption-attachment-13690\" class=\"wp-caption-text\">Os produtos que foram usados no tratamento.<\/p><\/div>\n<div id=\"attachment_13691\" style=\"width: 5194px\" class=\"wp-caption alignnone\"><a href=\"http:\/\/blogdaandreasimonetti.com.br\/wp-content\/uploads\/2015\/07\/011.jpg\" data-rel=\"penci-gallery-image-content\" ><img loading=\"lazy\" decoding=\"async\" aria-describedby=\"caption-attachment-13691\" class=\"wp-image-13691 size-full\" src=\"http:\/\/blogdaandreasimonetti.com.br\/wp-content\/uploads\/2015\/07\/011.jpg\" alt=\"011\" width=\"5184\" height=\"3456\" srcset=\"https:\/\/andreasimonetti.com.br\/blog\/wp-content\/uploads\/2015\/07\/011.jpg 5184w, https:\/\/andreasimonetti.com.br\/blog\/wp-content\/uploads\/2015\/07\/011-300x200.jpg 300w, https:\/\/andreasimonetti.com.br\/blog\/wp-content\/uploads\/2015\/07\/011-1024x683.jpg 1024w, https:\/\/andreasimonetti.com.br\/blog\/wp-content\/uploads\/2015\/07\/011-140x94.jpg 140w\" sizes=\"auto, (max-width: 5184px) 100vw, 5184px\" \/><\/a><p id=\"caption-attachment-13691\" class=\"wp-caption-text\">A mistura dos produtos parece chantili.<\/p><\/div>\n<p>&nbsp;<\/p>\n<p><a href=\"http:\/\/blogdaandreasimonetti.com.br\/wp-content\/uploads\/2015\/07\/013.jpg\" data-rel=\"penci-gallery-image-content\" ><img loading=\"lazy\" decoding=\"async\" class=\"alignnone size-full wp-image-13695\" src=\"http:\/\/blogdaandreasimonetti.com.br\/wp-content\/uploads\/2015\/07\/013.jpg\" alt=\"013\" width=\"5184\" height=\"3456\" srcset=\"https:\/\/andreasimonetti.com.br\/blog\/wp-content\/uploads\/2015\/07\/013.jpg 5184w, https:\/\/andreasimonetti.com.br\/blog\/wp-content\/uploads\/2015\/07\/013-300x200.jpg 300w, https:\/\/andreasimonetti.com.br\/blog\/wp-content\/uploads\/2015\/07\/013-1024x683.jpg 1024w, https:\/\/andreasimonetti.com.br\/blog\/wp-content\/uploads\/2015\/07\/013-140x94.jpg 140w\" sizes=\"auto, (max-width: 5184px) 100vw, 5184px\" \/><\/a><br \/>\n<a href=\"http:\/\/blogdaandreasimonetti.com.br\/wp-content\/uploads\/2015\/07\/019.jpg\" data-rel=\"penci-gallery-image-content\" ><img loading=\"lazy\" decoding=\"async\" class=\"alignnone size-full wp-image-13698\" src=\"http:\/\/blogdaandreasimonetti.com.br\/wp-content\/uploads\/2015\/07\/019.jpg\" alt=\"019\" width=\"5184\" height=\"3456\" srcset=\"https:\/\/andreasimonetti.com.br\/blog\/wp-content\/uploads\/2015\/07\/019.jpg 5184w, https:\/\/andreasimonetti.com.br\/blog\/wp-content\/uploads\/2015\/07\/019-300x200.jpg 300w, https:\/\/andreasimonetti.com.br\/blog\/wp-content\/uploads\/2015\/07\/019-1024x683.jpg 1024w, https:\/\/andreasimonetti.com.br\/blog\/wp-content\/uploads\/2015\/07\/019-140x94.jpg 140w\" sizes=\"auto, (max-width: 5184px) 100vw, 5184px\" \/><\/a><\/p>\n<p><a href=\"http:\/\/blogdaandreasimonetti.com.br\/wp-content\/uploads\/2015\/07\/page.jpg\" data-rel=\"penci-gallery-image-content\" ><img loading=\"lazy\" decoding=\"async\" class=\"alignnone size-full wp-image-13711\" src=\"http:\/\/blogdaandreasimonetti.com.br\/wp-content\/uploads\/2015\/07\/page.jpg\" alt=\"page\" width=\"700\" height=\"700\" srcset=\"https:\/\/andreasimonetti.com.br\/blog\/wp-content\/uploads\/2015\/07\/page.jpg 700w, https:\/\/andreasimonetti.com.br\/blog\/wp-content\/uploads\/2015\/07\/page-150x150.jpg 150w, https:\/\/andreasimonetti.com.br\/blog\/wp-content\/uploads\/2015\/07\/page-300x300.jpg 300w, https:\/\/andreasimonetti.com.br\/blog\/wp-content\/uploads\/2015\/07\/page-240x240.jpg 240w, https:\/\/andreasimonetti.com.br\/blog\/wp-content\/uploads\/2015\/07\/page-96x96.jpg 96w, https:\/\/andreasimonetti.com.br\/blog\/wp-content\/uploads\/2015\/07\/page-121x121.jpg 121w, https:\/\/andreasimonetti.com.br\/blog\/wp-content\/uploads\/2015\/07\/page-60x60.jpg 60w, https:\/\/andreasimonetti.com.br\/blog\/wp-content\/uploads\/2015\/07\/page-184x184.jpg 184w\" sizes=\"auto, (max-width: 700px) 100vw, 700px\" \/><\/a><\/p>\n","protected":false},"excerpt":{"rendered":"<p>Essa semana conheci a linha de tratamento para os cabelos \u00a0Sweet Hair Professional no sal\u00e3o Dinard\u00b4s Hair Fashion.\u00a0Como fa\u00e7o muita escova e babyliss , a minha \u00a0hair stylist Regina Dinard`s&hellip;<\/p>\n","protected":false},"author":7,"featured_media":13690,"comment_status":"open","ping_status":"open","sticky":false,"template":"","format":"standard","meta":{"_monsterinsights_skip_tracking":false,"_monsterinsights_sitenote_active":false,"_monsterinsights_sitenote_note":"","_monsterinsights_sitenote_category":0,"footnotes":""},"categories":[6,1508],"tags":[2122,2123],"class_list":["post-13688","post","type-post","status-publish","format-standard","has-post-thumbnail","hentry","category-beleza","category-destaque","tag-banho-de-creme","tag-sweet-hair-profissional"],"yoast_head":"<!-- This site is optimized with the Yoast SEO plugin v26.3 - https:\/\/yoast.com\/wordpress\/plugins\/seo\/ -->\n<title>Conhecendo os produtos da marca Sweet Hair - Andrea Simonetti<\/title>\n<meta name=\"robots\" content=\"index, follow, max-snippet:-1, max-image-preview:large, max-video-preview:-1\" \/>\n<link rel=\"canonical\" href=\"https:\/\/andreasimonetti.com.br\/blog\/conhecendo-os-produtos-da-marca-sweet-hair\/\" \/>\n<meta property=\"og:locale\" content=\"pt_BR\" \/>\n<meta property=\"og:type\" content=\"article\" \/>\n<meta property=\"og:title\" content=\"Conhecendo os produtos da marca Sweet Hair - Andrea Simonetti\" \/>\n<meta property=\"og:description\" content=\"Essa semana conheci a linha de tratamento para os cabelos \u00a0Sweet Hair Professional no sal\u00e3o Dinard\u00b4s Hair Fashion.\u00a0Como fa\u00e7o muita escova e babyliss , a minha \u00a0hair stylist Regina Dinard`s&hellip;\" \/>\n<meta property=\"og:url\" content=\"https:\/\/andreasimonetti.com.br\/blog\/conhecendo-os-produtos-da-marca-sweet-hair\/\" \/>\n<meta property=\"og:site_name\" content=\"Andrea Simonetti\" \/>\n<meta property=\"article:publisher\" content=\"https:\/\/www.facebook.com\/blogdaandreasimonetti\/\" \/>\n<meta property=\"article:author\" content=\"https:\/\/www.facebook.com\/blogdaandreasimonetti\/\" \/>\n<meta property=\"article:published_time\" content=\"2015-07-03T13:43:25+00:00\" \/>\n<meta property=\"og:image\" content=\"https:\/\/andreasimonetti.com.br\/blog\/wp-content\/uploads\/2015\/07\/017.jpg\" \/>\n\t<meta property=\"og:image:width\" content=\"3089\" \/>\n\t<meta property=\"og:image:height\" content=\"2848\" \/>\n\t<meta property=\"og:image:type\" content=\"image\/jpeg\" \/>\n<meta name=\"author\" content=\"Andrea Simonetti\" \/>\n<meta name=\"twitter:card\" content=\"summary_large_image\" \/>\n<meta name=\"twitter:creator\" content=\"@https:\/\/twitter.com\/Andrea_Simoneti\" \/>\n<meta name=\"twitter:site\" content=\"@Andrea_Simoneti\" \/>\n<meta name=\"twitter:label1\" content=\"Escrito por\" \/>\n\t<meta name=\"twitter:data1\" content=\"Andrea Simonetti\" \/>\n\t<meta name=\"twitter:label2\" content=\"Est. tempo de leitura\" \/>\n\t<meta name=\"twitter:data2\" content=\"3 minutos\" \/>\n<!-- \/ Yoast SEO plugin. -->","yoast_head_json":{"title":"Conhecendo os produtos da marca Sweet Hair - Andrea Simonetti","robots":{"index":"index","follow":"follow","max-snippet":"max-snippet:-1","max-image-preview":"max-image-preview:large","max-video-preview":"max-video-preview:-1"},"canonical":"https:\/\/andreasimonetti.com.br\/blog\/conhecendo-os-produtos-da-marca-sweet-hair\/","og_locale":"pt_BR","og_type":"article","og_title":"Conhecendo os produtos da marca Sweet Hair - Andrea Simonetti","og_description":"Essa semana conheci a linha de tratamento para os cabelos \u00a0Sweet Hair Professional no sal\u00e3o Dinard\u00b4s Hair Fashion.\u00a0Como fa\u00e7o muita escova e babyliss , a minha \u00a0hair stylist Regina Dinard`s&hellip;","og_url":"https:\/\/andreasimonetti.com.br\/blog\/conhecendo-os-produtos-da-marca-sweet-hair\/","og_site_name":"Andrea Simonetti","article_publisher":"https:\/\/www.facebook.com\/blogdaandreasimonetti\/","article_author":"https:\/\/www.facebook.com\/blogdaandreasimonetti\/","article_published_time":"2015-07-03T13:43:25+00:00","og_image":[{"width":3089,"height":2848,"url":"https:\/\/andreasimonetti.com.br\/blog\/wp-content\/uploads\/2015\/07\/017.jpg","type":"image\/jpeg"}],"author":"Andrea Simonetti","twitter_card":"summary_large_image","twitter_creator":"@https:\/\/twitter.com\/Andrea_Simoneti","twitter_site":"@Andrea_Simoneti","twitter_misc":{"Escrito por":"Andrea Simonetti","Est. tempo de leitura":"3 minutos"},"schema":{"@context":"https:\/\/schema.org","@graph":[{"@type":"WebPage","@id":"https:\/\/andreasimonetti.com.br\/blog\/conhecendo-os-produtos-da-marca-sweet-hair\/","url":"https:\/\/andreasimonetti.com.br\/blog\/conhecendo-os-produtos-da-marca-sweet-hair\/","name":"Conhecendo os produtos da marca Sweet Hair - Andrea Simonetti","isPartOf":{"@id":"https:\/\/andreasimonetti.com.br\/blog\/#website"},"primaryImageOfPage":{"@id":"https:\/\/andreasimonetti.com.br\/blog\/conhecendo-os-produtos-da-marca-sweet-hair\/#primaryimage"},"image":{"@id":"https:\/\/andreasimonetti.com.br\/blog\/conhecendo-os-produtos-da-marca-sweet-hair\/#primaryimage"},"thumbnailUrl":"https:\/\/andreasimonetti.com.br\/blog\/wp-content\/uploads\/2015\/07\/017.jpg","datePublished":"2015-07-03T13:43:25+00:00","author":{"@id":"https:\/\/andreasimonetti.com.br\/blog\/#\/schema\/person\/254f763c24ac288e27ea738a7366ad2a"},"breadcrumb":{"@id":"https:\/\/andreasimonetti.com.br\/blog\/conhecendo-os-produtos-da-marca-sweet-hair\/#breadcrumb"},"inLanguage":"pt-BR","potentialAction":[{"@type":"ReadAction","target":["https:\/\/andreasimonetti.com.br\/blog\/conhecendo-os-produtos-da-marca-sweet-hair\/"]}]},{"@type":"ImageObject","inLanguage":"pt-BR","@id":"https:\/\/andreasimonetti.com.br\/blog\/conhecendo-os-produtos-da-marca-sweet-hair\/#primaryimage","url":"https:\/\/andreasimonetti.com.br\/blog\/wp-content\/uploads\/2015\/07\/017.jpg","contentUrl":"https:\/\/andreasimonetti.com.br\/blog\/wp-content\/uploads\/2015\/07\/017.jpg","width":3089,"height":2848},{"@type":"BreadcrumbList","@id":"https:\/\/andreasimonetti.com.br\/blog\/conhecendo-os-produtos-da-marca-sweet-hair\/#breadcrumb","itemListElement":[{"@type":"ListItem","position":1,"name":"In\u00edcio","item":"https:\/\/andreasimonetti.com.br\/blog\/"},{"@type":"ListItem","position":2,"name":"Conhecendo os produtos da marca Sweet Hair"}]},{"@type":"WebSite","@id":"https:\/\/andreasimonetti.com.br\/blog\/#website","url":"https:\/\/andreasimonetti.com.br\/blog\/","name":"Andrea Simonetti","description":"","potentialAction":[{"@type":"SearchAction","target":{"@type":"EntryPoint","urlTemplate":"https:\/\/andreasimonetti.com.br\/blog\/?s={search_term_string}"},"query-input":{"@type":"PropertyValueSpecification","valueRequired":true,"valueName":"search_term_string"}}],"inLanguage":"pt-BR"},{"@type":"Person","@id":"https:\/\/andreasimonetti.com.br\/blog\/#\/schema\/person\/254f763c24ac288e27ea738a7366ad2a","name":"Andrea Simonetti","image":{"@type":"ImageObject","inLanguage":"pt-BR","@id":"https:\/\/andreasimonetti.com.br\/blog\/#\/schema\/person\/image\/","url":"https:\/\/andreasimonetti.com.br\/blog\/wp-content\/uploads\/2018\/04\/andrea-simonetti-96x96.png","contentUrl":"https:\/\/andreasimonetti.com.br\/blog\/wp-content\/uploads\/2018\/04\/andrea-simonetti-96x96.png","caption":"Andrea Simonetti"},"description":"Sou formada em Administra\u00e7\u00e3o de Empresas, Produ\u00e7\u00e3o de Moda pelo SENAC e Consultoria de Estilo. Sou fascinada por moda desde sempre, adoro ver as pessoas produzidas e de bem com a vida. Moda \u00e9 o meu assunto preferido. Comecei meu blog em 2011, ele cresceu e hoje \u00e9 um site bem mais abrangente, onde eu falo sobre moda e meu trabalho de consultora de estilo. E falo tamb\u00e9m sobre a minha experi\u00eancia de vida. Mas antes de tudo, acredito num Deus Soberano que nos guia e aben\u00e7oa, o tempo todo!","sameAs":["https:\/\/www.andreasimonetti.com.br\/","https:\/\/www.facebook.com\/blogdaandreasimonetti\/","https:\/\/www.instagram.com\/andrea_simonetti\/","https:\/\/br.pinterest.com\/BlogAndrea\/","https:\/\/x.com\/https:\/\/twitter.com\/Andrea_Simoneti"],"url":"https:\/\/andreasimonetti.com.br\/blog\/author\/andrea\/"}]}},"_links":{"self":[{"href":"https:\/\/andreasimonetti.com.br\/blog\/wp-json\/wp\/v2\/posts\/13688","targetHints":{"allow":["GET"]}}],"collection":[{"href":"https:\/\/andreasimonetti.com.br\/blog\/wp-json\/wp\/v2\/posts"}],"about":[{"href":"https:\/\/andreasimonetti.com.br\/blog\/wp-json\/wp\/v2\/types\/post"}],"author":[{"embeddable":true,"href":"https:\/\/andreasimonetti.com.br\/blog\/wp-json\/wp\/v2\/users\/7"}],"replies":[{"embeddable":true,"href":"https:\/\/andreasimonetti.com.br\/blog\/wp-json\/wp\/v2\/comments?post=13688"}],"version-history":[{"count":0,"href":"https:\/\/andreasimonetti.com.br\/blog\/wp-json\/wp\/v2\/posts\/13688\/revisions"}],"wp:featuredmedia":[{"embeddable":true,"href":"https:\/\/andreasimonetti.com.br\/blog\/wp-json\/wp\/v2\/media\/13690"}],"wp:attachment":[{"href":"https:\/\/andreasimonetti.com.br\/blog\/wp-json\/wp\/v2\/media?parent=13688"}],"wp:term":[{"taxonomy":"category","embeddable":true,"href":"https:\/\/andreasimonetti.com.br\/blog\/wp-json\/wp\/v2\/categories?post=13688"},{"taxonomy":"post_tag","embeddable":true,"href":"https:\/\/andreasimonetti.com.br\/blog\/wp-json\/wp\/v2\/tags?post=13688"}],"curies":[{"name":"wp","href":"https:\/\/api.w.org\/{rel}","templated":true}]}}