{"id":13661,"date":"2015-06-24T20:54:01","date_gmt":"2015-06-24T23:54:01","guid":{"rendered":"http:\/\/blogdaandreasimonetti.com.br\/?p=13661"},"modified":"2018-05-25T08:52:08","modified_gmt":"2018-05-25T11:52:08","slug":"fast-news-9","status":"publish","type":"post","link":"https:\/\/andreasimonetti.com.br\/blog\/fast-news-9\/","title":{"rendered":"FAST NEWS!"},"content":{"rendered":"<p>A grife italiana Benneton retorna ao Brasil, veja os detalhes:<br \/>\n<a href=\"http:\/\/revistalofficiel.com.br\/a-benneton-celebra-seu-retorno-ao-brasil\/\">clique aqui<\/a>.<\/p>\n<p><a href=\"http:\/\/blogdaandreasimonetti.com.br\/wp-content\/uploads\/2015\/06\/BNETON.jpg\" data-rel=\"penci-gallery-image-content\" ><img loading=\"lazy\" decoding=\"async\" class=\"alignnone wp-image-13662\" src=\"http:\/\/blogdaandreasimonetti.com.br\/wp-content\/uploads\/2015\/06\/BNETON.jpg\" alt=\"BNETON\" width=\"700\" height=\"915\" srcset=\"https:\/\/andreasimonetti.com.br\/blog\/wp-content\/uploads\/2015\/06\/BNETON.jpg 439w, https:\/\/andreasimonetti.com.br\/blog\/wp-content\/uploads\/2015\/06\/BNETON-229x300.jpg 229w\" sizes=\"auto, (max-width: 700px) 100vw, 700px\" \/><\/a><\/p>\n<p>Gloria Kalil ensina a maneira correta de usar jaqueta jeans:<br \/>\n<a href=\"http:\/\/chic.uol.com.br\/como-usar\/noticia\/gloria-kalil-indica-o-certo-e-errado-na-hora-de-usar-a-jaqueta-de-couro-peca-classica-do-guarda-roupa-de-inverno\">Clique aqui<\/a>.<br \/>\n<a href=\"http:\/\/blogdaandreasimonetti.com.br\/wp-content\/uploads\/2015\/06\/1435069107_taylor-swift-jaqueta-de-couro-como-usar.jpg\" data-rel=\"penci-gallery-image-content\" ><img loading=\"lazy\" decoding=\"async\" class=\"alignnone wp-image-13664\" src=\"http:\/\/blogdaandreasimonetti.com.br\/wp-content\/uploads\/2015\/06\/1435069107_taylor-swift-jaqueta-de-couro-como-usar.jpg\" alt=\"1435069107_taylor-swift-jaqueta-de-couro-como-usar\" width=\"700\" height=\"508\" srcset=\"https:\/\/andreasimonetti.com.br\/blog\/wp-content\/uploads\/2015\/06\/1435069107_taylor-swift-jaqueta-de-couro-como-usar.jpg 1268w, https:\/\/andreasimonetti.com.br\/blog\/wp-content\/uploads\/2015\/06\/1435069107_taylor-swift-jaqueta-de-couro-como-usar-300x218.jpg 300w, https:\/\/andreasimonetti.com.br\/blog\/wp-content\/uploads\/2015\/06\/1435069107_taylor-swift-jaqueta-de-couro-como-usar-1024x743.jpg 1024w\" sizes=\"auto, (max-width: 700px) 100vw, 700px\" \/><\/a><\/p>\n<p>Os arquitetos de Bauru Artemis Fontana, Mariangela Barreto, Mario Lauris Junior, Marcia Martin, Paulo Cerqueira Junior, Odilon Junior e Claudine Gottardo visitaram a <a href=\"http:\/\/mostrablack.com.br\/\">Mostra Black<\/a> que aconteceu em S\u00e3o Paulo.<\/p>\n<p><a href=\"http:\/\/blogdaandreasimonetti.com.br\/wp-content\/uploads\/2015\/06\/1977283_1151277051565024_8371805955398274836_n.jpg\" data-rel=\"penci-gallery-image-content\" ><img loading=\"lazy\" decoding=\"async\" class=\"alignnone size-full wp-image-13668\" src=\"http:\/\/blogdaandreasimonetti.com.br\/wp-content\/uploads\/2015\/06\/1977283_1151277051565024_8371805955398274836_n.jpg\" alt=\"1977283_1151277051565024_8371805955398274836_n\" width=\"636\" height=\"960\" srcset=\"https:\/\/andreasimonetti.com.br\/blog\/wp-content\/uploads\/2015\/06\/1977283_1151277051565024_8371805955398274836_n.jpg 636w, https:\/\/andreasimonetti.com.br\/blog\/wp-content\/uploads\/2015\/06\/1977283_1151277051565024_8371805955398274836_n-199x300.jpg 199w\" sizes=\"auto, (max-width: 636px) 100vw, 636px\" \/><\/a><\/p>\n<p>A grife <a href=\"http:\/\/www.mariavalentina.com.br\/\">Maria Valentina<\/a> escolheu mais uma vez a modelo Renata Kuerten\u00a0para sua campanha de ver\u00e3o 2016. As fotos foram feitas no agreste brasileiro.<\/p>\n<p><a href=\"http:\/\/blogdaandreasimonetti.com.br\/wp-content\/uploads\/2015\/06\/150303_MARIA-VALENTINA2731-1024x684.jpg\" data-rel=\"penci-gallery-image-content\" ><img loading=\"lazy\" decoding=\"async\" class=\"alignnone size-full wp-image-13669\" src=\"http:\/\/blogdaandreasimonetti.com.br\/wp-content\/uploads\/2015\/06\/150303_MARIA-VALENTINA2731-1024x684.jpg\" alt=\"150303_MARIA-VALENTINA2731-1024x684\" width=\"1024\" height=\"684\" srcset=\"https:\/\/andreasimonetti.com.br\/blog\/wp-content\/uploads\/2015\/06\/150303_MARIA-VALENTINA2731-1024x684.jpg 1024w, https:\/\/andreasimonetti.com.br\/blog\/wp-content\/uploads\/2015\/06\/150303_MARIA-VALENTINA2731-1024x684-300x200.jpg 300w, https:\/\/andreasimonetti.com.br\/blog\/wp-content\/uploads\/2015\/06\/150303_MARIA-VALENTINA2731-1024x684-140x94.jpg 140w\" sizes=\"auto, (max-width: 1024px) 100vw, 1024px\" \/><\/a><\/p>\n<p>Inaugurou em Bauru a escola de culin\u00e1ria Gr\u00e3o 3. Na foto a chef \u00a0Denise Amantini.<br \/>\n<a href=\"http:\/\/www.grao3.com.br\/escola\/\">Saiba mais.<\/a><\/p>\n<p><a href=\"http:\/\/blogdaandreasimonetti.com.br\/wp-content\/uploads\/2015\/06\/10474234_915952428468694_8471086924125702118_n.jpg\" data-rel=\"penci-gallery-image-content\" ><img loading=\"lazy\" decoding=\"async\" class=\"alignnone size-full wp-image-13672\" src=\"http:\/\/blogdaandreasimonetti.com.br\/wp-content\/uploads\/2015\/06\/10474234_915952428468694_8471086924125702118_n.jpg\" alt=\"10474234_915952428468694_8471086924125702118_n\" width=\"960\" height=\"640\" srcset=\"https:\/\/andreasimonetti.com.br\/blog\/wp-content\/uploads\/2015\/06\/10474234_915952428468694_8471086924125702118_n.jpg 960w, https:\/\/andreasimonetti.com.br\/blog\/wp-content\/uploads\/2015\/06\/10474234_915952428468694_8471086924125702118_n-300x200.jpg 300w, https:\/\/andreasimonetti.com.br\/blog\/wp-content\/uploads\/2015\/06\/10474234_915952428468694_8471086924125702118_n-140x94.jpg 140w\" sizes=\"auto, (max-width: 960px) 100vw, 960px\" \/><\/a><\/p>\n","protected":false},"excerpt":{"rendered":"<p>A grife italiana Benneton retorna ao Brasil, veja os detalhes: clique aqui. Gloria Kalil ensina a maneira correta de usar jaqueta jeans: Clique aqui. Os arquitetos de Bauru Artemis Fontana,&hellip;<\/p>\n","protected":false},"author":7,"featured_media":13664,"comment_status":"open","ping_status":"open","sticky":false,"template":"","format":"standard","meta":{"_monsterinsights_skip_tracking":false,"_monsterinsights_sitenote_active":false,"_monsterinsights_sitenote_note":"","_monsterinsights_sitenote_category":0,"footnotes":""},"categories":[1508],"tags":[2120,2117,2331,2119],"class_list":["post-13661","post","type-post","status-publish","format-standard","has-post-thumbnail","hentry","category-destaque","tag-benneton","tag-escola-grao-3","tag-fast-news","tag-mostra-black"],"yoast_head":"<!-- This site is optimized with the Yoast SEO plugin v26.3 - https:\/\/yoast.com\/wordpress\/plugins\/seo\/ -->\n<title>FAST NEWS! - Andrea Simonetti<\/title>\n<meta name=\"robots\" content=\"index, follow, max-snippet:-1, max-image-preview:large, max-video-preview:-1\" \/>\n<link rel=\"canonical\" href=\"https:\/\/andreasimonetti.com.br\/blog\/fast-news-9\/\" \/>\n<meta property=\"og:locale\" content=\"pt_BR\" \/>\n<meta property=\"og:type\" content=\"article\" \/>\n<meta property=\"og:title\" content=\"FAST NEWS! - Andrea Simonetti\" \/>\n<meta property=\"og:description\" content=\"A grife italiana Benneton retorna ao Brasil, veja os detalhes: clique aqui. Gloria Kalil ensina a maneira correta de usar jaqueta jeans: Clique aqui. Os arquitetos de Bauru Artemis Fontana,&hellip;\" \/>\n<meta property=\"og:url\" content=\"https:\/\/andreasimonetti.com.br\/blog\/fast-news-9\/\" \/>\n<meta property=\"og:site_name\" content=\"Andrea Simonetti\" \/>\n<meta property=\"article:publisher\" content=\"https:\/\/www.facebook.com\/blogdaandreasimonetti\/\" \/>\n<meta property=\"article:author\" content=\"https:\/\/www.facebook.com\/blogdaandreasimonetti\/\" \/>\n<meta property=\"article:published_time\" content=\"2015-06-24T23:54:01+00:00\" \/>\n<meta property=\"article:modified_time\" content=\"2018-05-25T11:52:08+00:00\" \/>\n<meta property=\"og:image\" content=\"https:\/\/andreasimonetti.com.br\/blog\/wp-content\/uploads\/2015\/06\/1435069107_taylor-swift-jaqueta-de-couro-como-usar.jpg\" \/>\n\t<meta property=\"og:image:width\" content=\"1268\" \/>\n\t<meta property=\"og:image:height\" content=\"920\" \/>\n\t<meta property=\"og:image:type\" content=\"image\/jpeg\" \/>\n<meta name=\"author\" content=\"Andrea Simonetti\" \/>\n<meta name=\"twitter:card\" content=\"summary_large_image\" \/>\n<meta name=\"twitter:creator\" content=\"@https:\/\/twitter.com\/Andrea_Simoneti\" \/>\n<meta name=\"twitter:site\" content=\"@Andrea_Simoneti\" \/>\n<meta name=\"twitter:label1\" content=\"Escrito por\" \/>\n\t<meta name=\"twitter:data1\" content=\"Andrea Simonetti\" \/>\n<!-- \/ Yoast SEO plugin. -->","yoast_head_json":{"title":"FAST NEWS! - Andrea Simonetti","robots":{"index":"index","follow":"follow","max-snippet":"max-snippet:-1","max-image-preview":"max-image-preview:large","max-video-preview":"max-video-preview:-1"},"canonical":"https:\/\/andreasimonetti.com.br\/blog\/fast-news-9\/","og_locale":"pt_BR","og_type":"article","og_title":"FAST NEWS! - Andrea Simonetti","og_description":"A grife italiana Benneton retorna ao Brasil, veja os detalhes: clique aqui. Gloria Kalil ensina a maneira correta de usar jaqueta jeans: Clique aqui. Os arquitetos de Bauru Artemis Fontana,&hellip;","og_url":"https:\/\/andreasimonetti.com.br\/blog\/fast-news-9\/","og_site_name":"Andrea Simonetti","article_publisher":"https:\/\/www.facebook.com\/blogdaandreasimonetti\/","article_author":"https:\/\/www.facebook.com\/blogdaandreasimonetti\/","article_published_time":"2015-06-24T23:54:01+00:00","article_modified_time":"2018-05-25T11:52:08+00:00","og_image":[{"width":1268,"height":920,"url":"https:\/\/andreasimonetti.com.br\/blog\/wp-content\/uploads\/2015\/06\/1435069107_taylor-swift-jaqueta-de-couro-como-usar.jpg","type":"image\/jpeg"}],"author":"Andrea Simonetti","twitter_card":"summary_large_image","twitter_creator":"@https:\/\/twitter.com\/Andrea_Simoneti","twitter_site":"@Andrea_Simoneti","twitter_misc":{"Escrito por":"Andrea Simonetti"},"schema":{"@context":"https:\/\/schema.org","@graph":[{"@type":"WebPage","@id":"https:\/\/andreasimonetti.com.br\/blog\/fast-news-9\/","url":"https:\/\/andreasimonetti.com.br\/blog\/fast-news-9\/","name":"FAST NEWS! - Andrea Simonetti","isPartOf":{"@id":"https:\/\/andreasimonetti.com.br\/blog\/#website"},"primaryImageOfPage":{"@id":"https:\/\/andreasimonetti.com.br\/blog\/fast-news-9\/#primaryimage"},"image":{"@id":"https:\/\/andreasimonetti.com.br\/blog\/fast-news-9\/#primaryimage"},"thumbnailUrl":"https:\/\/andreasimonetti.com.br\/blog\/wp-content\/uploads\/2015\/06\/1435069107_taylor-swift-jaqueta-de-couro-como-usar.jpg","datePublished":"2015-06-24T23:54:01+00:00","dateModified":"2018-05-25T11:52:08+00:00","author":{"@id":"https:\/\/andreasimonetti.com.br\/blog\/#\/schema\/person\/254f763c24ac288e27ea738a7366ad2a"},"breadcrumb":{"@id":"https:\/\/andreasimonetti.com.br\/blog\/fast-news-9\/#breadcrumb"},"inLanguage":"pt-BR","potentialAction":[{"@type":"ReadAction","target":["https:\/\/andreasimonetti.com.br\/blog\/fast-news-9\/"]}]},{"@type":"ImageObject","inLanguage":"pt-BR","@id":"https:\/\/andreasimonetti.com.br\/blog\/fast-news-9\/#primaryimage","url":"https:\/\/andreasimonetti.com.br\/blog\/wp-content\/uploads\/2015\/06\/1435069107_taylor-swift-jaqueta-de-couro-como-usar.jpg","contentUrl":"https:\/\/andreasimonetti.com.br\/blog\/wp-content\/uploads\/2015\/06\/1435069107_taylor-swift-jaqueta-de-couro-como-usar.jpg","width":1268,"height":920},{"@type":"BreadcrumbList","@id":"https:\/\/andreasimonetti.com.br\/blog\/fast-news-9\/#breadcrumb","itemListElement":[{"@type":"ListItem","position":1,"name":"In\u00edcio","item":"https:\/\/andreasimonetti.com.br\/blog\/"},{"@type":"ListItem","position":2,"name":"FAST NEWS!"}]},{"@type":"WebSite","@id":"https:\/\/andreasimonetti.com.br\/blog\/#website","url":"https:\/\/andreasimonetti.com.br\/blog\/","name":"Andrea Simonetti","description":"","potentialAction":[{"@type":"SearchAction","target":{"@type":"EntryPoint","urlTemplate":"https:\/\/andreasimonetti.com.br\/blog\/?s={search_term_string}"},"query-input":{"@type":"PropertyValueSpecification","valueRequired":true,"valueName":"search_term_string"}}],"inLanguage":"pt-BR"},{"@type":"Person","@id":"https:\/\/andreasimonetti.com.br\/blog\/#\/schema\/person\/254f763c24ac288e27ea738a7366ad2a","name":"Andrea Simonetti","image":{"@type":"ImageObject","inLanguage":"pt-BR","@id":"https:\/\/andreasimonetti.com.br\/blog\/#\/schema\/person\/image\/","url":"https:\/\/andreasimonetti.com.br\/blog\/wp-content\/uploads\/2018\/04\/andrea-simonetti-96x96.png","contentUrl":"https:\/\/andreasimonetti.com.br\/blog\/wp-content\/uploads\/2018\/04\/andrea-simonetti-96x96.png","caption":"Andrea Simonetti"},"description":"Sou formada em Administra\u00e7\u00e3o de Empresas, Produ\u00e7\u00e3o de Moda pelo SENAC e Consultoria de Estilo. Sou fascinada por moda desde sempre, adoro ver as pessoas produzidas e de bem com a vida. Moda \u00e9 o meu assunto preferido. Comecei meu blog em 2011, ele cresceu e hoje \u00e9 um site bem mais abrangente, onde eu falo sobre moda e meu trabalho de consultora de estilo. E falo tamb\u00e9m sobre a minha experi\u00eancia de vida. Mas antes de tudo, acredito num Deus Soberano que nos guia e aben\u00e7oa, o tempo todo!","sameAs":["https:\/\/www.andreasimonetti.com.br\/","https:\/\/www.facebook.com\/blogdaandreasimonetti\/","https:\/\/www.instagram.com\/andrea_simonetti\/","https:\/\/br.pinterest.com\/BlogAndrea\/","https:\/\/x.com\/https:\/\/twitter.com\/Andrea_Simoneti"],"url":"https:\/\/andreasimonetti.com.br\/blog\/author\/andrea\/"}]}},"_links":{"self":[{"href":"https:\/\/andreasimonetti.com.br\/blog\/wp-json\/wp\/v2\/posts\/13661","targetHints":{"allow":["GET"]}}],"collection":[{"href":"https:\/\/andreasimonetti.com.br\/blog\/wp-json\/wp\/v2\/posts"}],"about":[{"href":"https:\/\/andreasimonetti.com.br\/blog\/wp-json\/wp\/v2\/types\/post"}],"author":[{"embeddable":true,"href":"https:\/\/andreasimonetti.com.br\/blog\/wp-json\/wp\/v2\/users\/7"}],"replies":[{"embeddable":true,"href":"https:\/\/andreasimonetti.com.br\/blog\/wp-json\/wp\/v2\/comments?post=13661"}],"version-history":[{"count":0,"href":"https:\/\/andreasimonetti.com.br\/blog\/wp-json\/wp\/v2\/posts\/13661\/revisions"}],"wp:featuredmedia":[{"embeddable":true,"href":"https:\/\/andreasimonetti.com.br\/blog\/wp-json\/wp\/v2\/media\/13664"}],"wp:attachment":[{"href":"https:\/\/andreasimonetti.com.br\/blog\/wp-json\/wp\/v2\/media?parent=13661"}],"wp:term":[{"taxonomy":"category","embeddable":true,"href":"https:\/\/andreasimonetti.com.br\/blog\/wp-json\/wp\/v2\/categories?post=13661"},{"taxonomy":"post_tag","embeddable":true,"href":"https:\/\/andreasimonetti.com.br\/blog\/wp-json\/wp\/v2\/tags?post=13661"}],"curies":[{"name":"wp","href":"https:\/\/api.w.org\/{rel}","templated":true}]}}