{"id":13634,"date":"2015-06-25T10:18:45","date_gmt":"2015-06-25T13:18:45","guid":{"rendered":"http:\/\/blogdaandreasimonetti.com.br\/?p=13634"},"modified":"2018-05-25T08:39:24","modified_gmt":"2018-05-25T11:39:24","slug":"bauru-ganha-escola-de-culinaria","status":"publish","type":"post","link":"https:\/\/andreasimonetti.com.br\/blog\/bauru-ganha-escola-de-culinaria\/","title":{"rendered":"Bauru ganha escola de culin\u00e1ria"},"content":{"rendered":"<p style=\"text-align: justify;\">Foi inaugurada nesta ter\u00e7a-feira (23), a escola do restaurante<strong> Gr\u00e3o 3<\/strong>. Com o terceiro espa\u00e7o inaugurado, completa-se o projeto original do Gr\u00e3o 3: escola, bar e bistr\u00f4. Na escola ser\u00e3o ministrados cursos e workshops de alta gastronomia, pela chef e propriet\u00e1ria Denise Bologna Amantini.<\/p>\n<p style=\"text-align: justify;\">Os cursos s\u00e3o livres, independentes e n\u00e3o exigem conhecimento pr\u00e9vio do aluno.<\/p>\n<p style=\"text-align: justify;\">Acesse e <a href=\"http:\/\/www.grao3.com.br\/escola\/\">site<\/a> e veja os cursos.<\/p>\n<p style=\"text-align: justify;\">Fonte : Social Bauru.<\/p>\n<p><a href=\"http:\/\/blogdaandreasimonetti.com.br\/wp-content\/uploads\/2015\/06\/45.jpg\" data-rel=\"penci-gallery-image-content\" ><img loading=\"lazy\" decoding=\"async\" class=\"alignnone size-full wp-image-13635\" src=\"http:\/\/blogdaandreasimonetti.com.br\/wp-content\/uploads\/2015\/06\/45.jpg\" alt=\"45\" width=\"960\" height=\"640\" srcset=\"https:\/\/andreasimonetti.com.br\/blog\/wp-content\/uploads\/2015\/06\/45.jpg 960w, https:\/\/andreasimonetti.com.br\/blog\/wp-content\/uploads\/2015\/06\/45-300x200.jpg 300w, https:\/\/andreasimonetti.com.br\/blog\/wp-content\/uploads\/2015\/06\/45-140x94.jpg 140w\" sizes=\"auto, (max-width: 960px) 100vw, 960px\" \/><\/a><\/p>\n<p>&nbsp;<\/p>\n<div id=\"attachment_13637\" style=\"width: 970px\" class=\"wp-caption alignnone\"><a href=\"http:\/\/blogdaandreasimonetti.com.br\/wp-content\/uploads\/2015\/06\/43.jpg\" data-rel=\"penci-gallery-image-content\" ><img loading=\"lazy\" decoding=\"async\" aria-describedby=\"caption-attachment-13637\" class=\"wp-image-13637 size-full\" src=\"http:\/\/blogdaandreasimonetti.com.br\/wp-content\/uploads\/2015\/06\/43.jpg\" alt=\"43\" width=\"960\" height=\"640\" srcset=\"https:\/\/andreasimonetti.com.br\/blog\/wp-content\/uploads\/2015\/06\/43.jpg 960w, https:\/\/andreasimonetti.com.br\/blog\/wp-content\/uploads\/2015\/06\/43-300x200.jpg 300w, https:\/\/andreasimonetti.com.br\/blog\/wp-content\/uploads\/2015\/06\/43-140x94.jpg 140w\" sizes=\"auto, (max-width: 960px) 100vw, 960px\" \/><\/a><p id=\"caption-attachment-13637\" class=\"wp-caption-text\">Denise Amantini propriet\u00e1ria do Gr\u00e3o 3.<\/p><\/div>\n<p><a href=\"http:\/\/blogdaandreasimonetti.com.br\/wp-content\/uploads\/2015\/06\/44.jpg\" data-rel=\"penci-gallery-image-content\" ><img loading=\"lazy\" decoding=\"async\" class=\"alignnone size-full wp-image-13636\" src=\"http:\/\/blogdaandreasimonetti.com.br\/wp-content\/uploads\/2015\/06\/44.jpg\" alt=\"44\" width=\"960\" height=\"640\" srcset=\"https:\/\/andreasimonetti.com.br\/blog\/wp-content\/uploads\/2015\/06\/44.jpg 960w, https:\/\/andreasimonetti.com.br\/blog\/wp-content\/uploads\/2015\/06\/44-300x200.jpg 300w, https:\/\/andreasimonetti.com.br\/blog\/wp-content\/uploads\/2015\/06\/44-140x94.jpg 140w\" sizes=\"auto, (max-width: 960px) 100vw, 960px\" \/><\/a><\/p>\n<p><a href=\"http:\/\/blogdaandreasimonetti.com.br\/wp-content\/uploads\/2015\/06\/IMG_2831.jpg\" data-rel=\"penci-gallery-image-content\" ><img loading=\"lazy\" decoding=\"async\" class=\"alignnone size-full wp-image-13648\" src=\"http:\/\/blogdaandreasimonetti.com.br\/wp-content\/uploads\/2015\/06\/IMG_2831.jpg\" alt=\"IMG_2831\" width=\"667\" height=\"1000\" srcset=\"https:\/\/andreasimonetti.com.br\/blog\/wp-content\/uploads\/2015\/06\/IMG_2831.jpg 667w, https:\/\/andreasimonetti.com.br\/blog\/wp-content\/uploads\/2015\/06\/IMG_2831-200x300.jpg 200w\" sizes=\"auto, (max-width: 667px) 100vw, 667px\" \/><\/a><\/p>\n<div id=\"attachment_13655\" style=\"width: 1510px\" class=\"wp-caption alignnone\"><a href=\"http:\/\/blogdaandreasimonetti.com.br\/wp-content\/uploads\/2015\/06\/IMG_2830.jpg\" data-rel=\"penci-gallery-image-content\" ><img loading=\"lazy\" decoding=\"async\" aria-describedby=\"caption-attachment-13655\" class=\"wp-image-13655 size-full\" src=\"http:\/\/blogdaandreasimonetti.com.br\/wp-content\/uploads\/2015\/06\/IMG_2830.jpg\" alt=\"IMG_2830\" width=\"1500\" height=\"1000\" srcset=\"https:\/\/andreasimonetti.com.br\/blog\/wp-content\/uploads\/2015\/06\/IMG_2830.jpg 1500w, https:\/\/andreasimonetti.com.br\/blog\/wp-content\/uploads\/2015\/06\/IMG_2830-300x200.jpg 300w, https:\/\/andreasimonetti.com.br\/blog\/wp-content\/uploads\/2015\/06\/IMG_2830-1024x683.jpg 1024w, https:\/\/andreasimonetti.com.br\/blog\/wp-content\/uploads\/2015\/06\/IMG_2830-140x94.jpg 140w\" sizes=\"auto, (max-width: 1500px) 100vw, 1500px\" \/><\/a><p id=\"caption-attachment-13655\" class=\"wp-caption-text\">Vereador Mois\u00e9s Rossi e a esposa Sonia, Rog\u00e9rio Franco , Denise Amantini e o prefeito Rodrigo Agostinho.<\/p><\/div>\n<p>&nbsp;<\/p>\n<p>A Escola Gr\u00e3o 3 fica na Rua: Ant\u00f4nio Alves, n\u00ba 32-86.<\/p>\n","protected":false},"excerpt":{"rendered":"<p>Foi inaugurada nesta ter\u00e7a-feira (23), a escola do restaurante Gr\u00e3o 3. Com o terceiro espa\u00e7o inaugurado, completa-se o projeto original do Gr\u00e3o 3: escola, bar e bistr\u00f4. Na escola ser\u00e3o&hellip;<\/p>\n","protected":false},"author":7,"featured_media":13648,"comment_status":"open","ping_status":"open","sticky":false,"template":"","format":"standard","meta":{"_monsterinsights_skip_tracking":false,"_monsterinsights_sitenote_active":false,"_monsterinsights_sitenote_note":"","_monsterinsights_sitenote_category":0,"footnotes":""},"categories":[2670],"tags":[2118,2117],"class_list":["post-13634","post","type-post","status-publish","format-standard","has-post-thumbnail","hentry","category-bem-estar","tag-escola-de-culinaria-em-bauru","tag-escola-grao-3"],"yoast_head":"<!-- This site is optimized with the Yoast SEO plugin v26.3 - https:\/\/yoast.com\/wordpress\/plugins\/seo\/ -->\n<title>Bauru ganha escola de culin\u00e1ria - Andrea Simonetti<\/title>\n<meta name=\"robots\" content=\"index, follow, max-snippet:-1, max-image-preview:large, max-video-preview:-1\" \/>\n<link rel=\"canonical\" href=\"https:\/\/andreasimonetti.com.br\/blog\/bauru-ganha-escola-de-culinaria\/\" \/>\n<meta property=\"og:locale\" content=\"pt_BR\" \/>\n<meta property=\"og:type\" content=\"article\" \/>\n<meta property=\"og:title\" content=\"Bauru ganha escola de culin\u00e1ria - Andrea Simonetti\" \/>\n<meta property=\"og:description\" content=\"Foi inaugurada nesta ter\u00e7a-feira (23), a escola do restaurante Gr\u00e3o 3. Com o terceiro espa\u00e7o inaugurado, completa-se o projeto original do Gr\u00e3o 3: escola, bar e bistr\u00f4. Na escola ser\u00e3o&hellip;\" \/>\n<meta property=\"og:url\" content=\"https:\/\/andreasimonetti.com.br\/blog\/bauru-ganha-escola-de-culinaria\/\" \/>\n<meta property=\"og:site_name\" content=\"Andrea Simonetti\" \/>\n<meta property=\"article:publisher\" content=\"https:\/\/www.facebook.com\/blogdaandreasimonetti\/\" \/>\n<meta property=\"article:author\" content=\"https:\/\/www.facebook.com\/blogdaandreasimonetti\/\" \/>\n<meta property=\"article:published_time\" content=\"2015-06-25T13:18:45+00:00\" \/>\n<meta property=\"article:modified_time\" content=\"2018-05-25T11:39:24+00:00\" \/>\n<meta property=\"og:image\" content=\"https:\/\/andreasimonetti.com.br\/blog\/wp-content\/uploads\/2015\/06\/IMG_2831.jpg\" \/>\n\t<meta property=\"og:image:width\" content=\"667\" \/>\n\t<meta property=\"og:image:height\" content=\"1000\" \/>\n\t<meta property=\"og:image:type\" content=\"image\/jpeg\" \/>\n<meta name=\"author\" content=\"Andrea Simonetti\" \/>\n<meta name=\"twitter:card\" content=\"summary_large_image\" \/>\n<meta name=\"twitter:creator\" content=\"@https:\/\/twitter.com\/Andrea_Simoneti\" \/>\n<meta name=\"twitter:site\" content=\"@Andrea_Simoneti\" \/>\n<meta name=\"twitter:label1\" content=\"Escrito por\" \/>\n\t<meta name=\"twitter:data1\" content=\"Andrea Simonetti\" \/>\n\t<meta name=\"twitter:label2\" content=\"Est. tempo de leitura\" \/>\n\t<meta name=\"twitter:data2\" content=\"1 minuto\" \/>\n<!-- \/ Yoast SEO plugin. -->","yoast_head_json":{"title":"Bauru ganha escola de culin\u00e1ria - Andrea Simonetti","robots":{"index":"index","follow":"follow","max-snippet":"max-snippet:-1","max-image-preview":"max-image-preview:large","max-video-preview":"max-video-preview:-1"},"canonical":"https:\/\/andreasimonetti.com.br\/blog\/bauru-ganha-escola-de-culinaria\/","og_locale":"pt_BR","og_type":"article","og_title":"Bauru ganha escola de culin\u00e1ria - Andrea Simonetti","og_description":"Foi inaugurada nesta ter\u00e7a-feira (23), a escola do restaurante Gr\u00e3o 3. Com o terceiro espa\u00e7o inaugurado, completa-se o projeto original do Gr\u00e3o 3: escola, bar e bistr\u00f4. Na escola ser\u00e3o&hellip;","og_url":"https:\/\/andreasimonetti.com.br\/blog\/bauru-ganha-escola-de-culinaria\/","og_site_name":"Andrea Simonetti","article_publisher":"https:\/\/www.facebook.com\/blogdaandreasimonetti\/","article_author":"https:\/\/www.facebook.com\/blogdaandreasimonetti\/","article_published_time":"2015-06-25T13:18:45+00:00","article_modified_time":"2018-05-25T11:39:24+00:00","og_image":[{"width":667,"height":1000,"url":"https:\/\/andreasimonetti.com.br\/blog\/wp-content\/uploads\/2015\/06\/IMG_2831.jpg","type":"image\/jpeg"}],"author":"Andrea Simonetti","twitter_card":"summary_large_image","twitter_creator":"@https:\/\/twitter.com\/Andrea_Simoneti","twitter_site":"@Andrea_Simoneti","twitter_misc":{"Escrito por":"Andrea Simonetti","Est. tempo de leitura":"1 minuto"},"schema":{"@context":"https:\/\/schema.org","@graph":[{"@type":"WebPage","@id":"https:\/\/andreasimonetti.com.br\/blog\/bauru-ganha-escola-de-culinaria\/","url":"https:\/\/andreasimonetti.com.br\/blog\/bauru-ganha-escola-de-culinaria\/","name":"Bauru ganha escola de culin\u00e1ria - Andrea Simonetti","isPartOf":{"@id":"https:\/\/andreasimonetti.com.br\/blog\/#website"},"primaryImageOfPage":{"@id":"https:\/\/andreasimonetti.com.br\/blog\/bauru-ganha-escola-de-culinaria\/#primaryimage"},"image":{"@id":"https:\/\/andreasimonetti.com.br\/blog\/bauru-ganha-escola-de-culinaria\/#primaryimage"},"thumbnailUrl":"https:\/\/andreasimonetti.com.br\/blog\/wp-content\/uploads\/2015\/06\/IMG_2831.jpg","datePublished":"2015-06-25T13:18:45+00:00","dateModified":"2018-05-25T11:39:24+00:00","author":{"@id":"https:\/\/andreasimonetti.com.br\/blog\/#\/schema\/person\/254f763c24ac288e27ea738a7366ad2a"},"breadcrumb":{"@id":"https:\/\/andreasimonetti.com.br\/blog\/bauru-ganha-escola-de-culinaria\/#breadcrumb"},"inLanguage":"pt-BR","potentialAction":[{"@type":"ReadAction","target":["https:\/\/andreasimonetti.com.br\/blog\/bauru-ganha-escola-de-culinaria\/"]}]},{"@type":"ImageObject","inLanguage":"pt-BR","@id":"https:\/\/andreasimonetti.com.br\/blog\/bauru-ganha-escola-de-culinaria\/#primaryimage","url":"https:\/\/andreasimonetti.com.br\/blog\/wp-content\/uploads\/2015\/06\/IMG_2831.jpg","contentUrl":"https:\/\/andreasimonetti.com.br\/blog\/wp-content\/uploads\/2015\/06\/IMG_2831.jpg","width":667,"height":1000},{"@type":"BreadcrumbList","@id":"https:\/\/andreasimonetti.com.br\/blog\/bauru-ganha-escola-de-culinaria\/#breadcrumb","itemListElement":[{"@type":"ListItem","position":1,"name":"In\u00edcio","item":"https:\/\/andreasimonetti.com.br\/blog\/"},{"@type":"ListItem","position":2,"name":"Bauru ganha escola de culin\u00e1ria"}]},{"@type":"WebSite","@id":"https:\/\/andreasimonetti.com.br\/blog\/#website","url":"https:\/\/andreasimonetti.com.br\/blog\/","name":"Andrea Simonetti","description":"","potentialAction":[{"@type":"SearchAction","target":{"@type":"EntryPoint","urlTemplate":"https:\/\/andreasimonetti.com.br\/blog\/?s={search_term_string}"},"query-input":{"@type":"PropertyValueSpecification","valueRequired":true,"valueName":"search_term_string"}}],"inLanguage":"pt-BR"},{"@type":"Person","@id":"https:\/\/andreasimonetti.com.br\/blog\/#\/schema\/person\/254f763c24ac288e27ea738a7366ad2a","name":"Andrea Simonetti","image":{"@type":"ImageObject","inLanguage":"pt-BR","@id":"https:\/\/andreasimonetti.com.br\/blog\/#\/schema\/person\/image\/","url":"https:\/\/andreasimonetti.com.br\/blog\/wp-content\/uploads\/2018\/04\/andrea-simonetti-96x96.png","contentUrl":"https:\/\/andreasimonetti.com.br\/blog\/wp-content\/uploads\/2018\/04\/andrea-simonetti-96x96.png","caption":"Andrea Simonetti"},"description":"Sou formada em Administra\u00e7\u00e3o de Empresas, Produ\u00e7\u00e3o de Moda pelo SENAC e Consultoria de Estilo. Sou fascinada por moda desde sempre, adoro ver as pessoas produzidas e de bem com a vida. Moda \u00e9 o meu assunto preferido. Comecei meu blog em 2011, ele cresceu e hoje \u00e9 um site bem mais abrangente, onde eu falo sobre moda e meu trabalho de consultora de estilo. E falo tamb\u00e9m sobre a minha experi\u00eancia de vida. Mas antes de tudo, acredito num Deus Soberano que nos guia e aben\u00e7oa, o tempo todo!","sameAs":["https:\/\/www.andreasimonetti.com.br\/","https:\/\/www.facebook.com\/blogdaandreasimonetti\/","https:\/\/www.instagram.com\/andrea_simonetti\/","https:\/\/br.pinterest.com\/BlogAndrea\/","https:\/\/x.com\/https:\/\/twitter.com\/Andrea_Simoneti"],"url":"https:\/\/andreasimonetti.com.br\/blog\/author\/andrea\/"}]}},"_links":{"self":[{"href":"https:\/\/andreasimonetti.com.br\/blog\/wp-json\/wp\/v2\/posts\/13634","targetHints":{"allow":["GET"]}}],"collection":[{"href":"https:\/\/andreasimonetti.com.br\/blog\/wp-json\/wp\/v2\/posts"}],"about":[{"href":"https:\/\/andreasimonetti.com.br\/blog\/wp-json\/wp\/v2\/types\/post"}],"author":[{"embeddable":true,"href":"https:\/\/andreasimonetti.com.br\/blog\/wp-json\/wp\/v2\/users\/7"}],"replies":[{"embeddable":true,"href":"https:\/\/andreasimonetti.com.br\/blog\/wp-json\/wp\/v2\/comments?post=13634"}],"version-history":[{"count":0,"href":"https:\/\/andreasimonetti.com.br\/blog\/wp-json\/wp\/v2\/posts\/13634\/revisions"}],"wp:featuredmedia":[{"embeddable":true,"href":"https:\/\/andreasimonetti.com.br\/blog\/wp-json\/wp\/v2\/media\/13648"}],"wp:attachment":[{"href":"https:\/\/andreasimonetti.com.br\/blog\/wp-json\/wp\/v2\/media?parent=13634"}],"wp:term":[{"taxonomy":"category","embeddable":true,"href":"https:\/\/andreasimonetti.com.br\/blog\/wp-json\/wp\/v2\/categories?post=13634"},{"taxonomy":"post_tag","embeddable":true,"href":"https:\/\/andreasimonetti.com.br\/blog\/wp-json\/wp\/v2\/tags?post=13634"}],"curies":[{"name":"wp","href":"https:\/\/api.w.org\/{rel}","templated":true}]}}