{"id":13545,"date":"2015-06-08T14:58:02","date_gmt":"2015-06-08T17:58:02","guid":{"rendered":"http:\/\/blogdaandreasimonetti.com.br\/?p=13545"},"modified":"2018-05-25T07:44:33","modified_gmt":"2018-05-25T10:44:33","slug":"voce-conhece-os-beneficios-do-arroz-preto","status":"publish","type":"post","link":"https:\/\/andreasimonetti.com.br\/blog\/voce-conhece-os-beneficios-do-arroz-preto\/","title":{"rendered":"Voc\u00ea conhece os benef\u00edcios do arroz preto?"},"content":{"rendered":"<p style=\"text-align: justify;\">O arroz preto \u00e9 cultivado na China h\u00e1 mais de 4 mil anos. Na China era considerado um produto afrodis\u00edaco, antigamente conhecido como o \u201cArroz Proibido\u201d, pois era consumido apenas pelo Imperador, cabendo a seus s\u00faditos somente a produ\u00e7\u00e3o dos gr\u00e3os.<br \/>\nRico em ferro, o arroz preto possui 20% a mais de prote\u00edna que a vers\u00e3o branca, al\u00e9m de possui maior quantidade de fibras. \u201cEle \u00e9 riqu\u00edssimo em antocianinas, que melhoram a sa\u00fade do cora\u00e7\u00e3o. Tamb\u00e9m ajuda a\u00a0<span class=\"text_exposed_show\">prevenir rea\u00e7\u00f5es al\u00e9rgicas respirat\u00f3rias como asma e rinite por suprimir a a\u00e7\u00e3o da histamina, a subst\u00e2ncia que \u00e9 a grande respons\u00e1vel por essas rea\u00e7\u00f5es al\u00e9rgicas. Por ser rico em prote\u00ednas, o arroz preto contribui para a regenera\u00e7\u00e3o al\u00e9m de todos esses benef\u00edcios para a sa\u00fade, a vers\u00e3o preta do arroz possui grande quantidade de fibra, o que proporciona sensa\u00e7\u00e3o de saciedade e regula o funcionamento do intestino.<br \/>\nO gr\u00e3o \u00e9 escuro porque \u00e9 integral e conserva a pel\u00edcula que o envolve. A vers\u00e3o preta possui gosto mais ex\u00f3tico e marcante, \u00e9 usada por diversos chefs, a cada 100g do gr\u00e3o encontram-se 20% a mais de prote\u00edna e oito vezes a quantidade de polifen\u00f3is em compara\u00e7\u00e3o com o arroz branco.<\/span><\/p>\n<p style=\"text-align: justify;\"><a href=\"http:\/\/blogdaandreasimonetti.com.br\/wp-content\/uploads\/2015\/06\/11329948_891925570863637_5984628802788987545_n.jpg\" data-rel=\"penci-gallery-image-content\" ><img loading=\"lazy\" decoding=\"async\" class=\"alignnone size-full wp-image-13546\" src=\"http:\/\/blogdaandreasimonetti.com.br\/wp-content\/uploads\/2015\/06\/11329948_891925570863637_5984628802788987545_n.jpg\" alt=\"11329948_891925570863637_5984628802788987545_n\" width=\"938\" height=\"960\" srcset=\"https:\/\/andreasimonetti.com.br\/blog\/wp-content\/uploads\/2015\/06\/11329948_891925570863637_5984628802788987545_n.jpg 938w, https:\/\/andreasimonetti.com.br\/blog\/wp-content\/uploads\/2015\/06\/11329948_891925570863637_5984628802788987545_n-293x300.jpg 293w, https:\/\/andreasimonetti.com.br\/blog\/wp-content\/uploads\/2015\/06\/11329948_891925570863637_5984628802788987545_n-60x60.jpg 60w\" sizes=\"auto, (max-width: 938px) 100vw, 938px\" \/><\/a><\/p>\n","protected":false},"excerpt":{"rendered":"<p>O arroz preto \u00e9 cultivado na China h\u00e1 mais de 4 mil anos. Na China era considerado um produto afrodis\u00edaco, antigamente conhecido como o \u201cArroz Proibido\u201d, pois era consumido apenas&hellip;<\/p>\n","protected":false},"author":7,"featured_media":13548,"comment_status":"open","ping_status":"open","sticky":false,"template":"","format":"standard","meta":{"_monsterinsights_skip_tracking":false,"_monsterinsights_sitenote_active":false,"_monsterinsights_sitenote_note":"","_monsterinsights_sitenote_category":0,"footnotes":""},"categories":[2670,1508],"tags":[2109],"class_list":["post-13545","post","type-post","status-publish","format-standard","has-post-thumbnail","hentry","category-bem-estar","category-destaque","tag-arroz-preto"],"yoast_head":"<!-- This site is optimized with the Yoast SEO plugin v26.3 - https:\/\/yoast.com\/wordpress\/plugins\/seo\/ -->\n<title>Voc\u00ea conhece os benef\u00edcios do arroz preto? - Andrea Simonetti<\/title>\n<meta name=\"robots\" content=\"index, follow, max-snippet:-1, max-image-preview:large, max-video-preview:-1\" \/>\n<link rel=\"canonical\" href=\"https:\/\/andreasimonetti.com.br\/blog\/voce-conhece-os-beneficios-do-arroz-preto\/\" \/>\n<meta property=\"og:locale\" content=\"pt_BR\" \/>\n<meta property=\"og:type\" content=\"article\" \/>\n<meta property=\"og:title\" content=\"Voc\u00ea conhece os benef\u00edcios do arroz preto? - Andrea Simonetti\" \/>\n<meta property=\"og:description\" content=\"O arroz preto \u00e9 cultivado na China h\u00e1 mais de 4 mil anos. Na China era considerado um produto afrodis\u00edaco, antigamente conhecido como o \u201cArroz Proibido\u201d, pois era consumido apenas&hellip;\" \/>\n<meta property=\"og:url\" content=\"https:\/\/andreasimonetti.com.br\/blog\/voce-conhece-os-beneficios-do-arroz-preto\/\" \/>\n<meta property=\"og:site_name\" content=\"Andrea Simonetti\" \/>\n<meta property=\"article:publisher\" content=\"https:\/\/www.facebook.com\/blogdaandreasimonetti\/\" \/>\n<meta property=\"article:author\" content=\"https:\/\/www.facebook.com\/blogdaandreasimonetti\/\" \/>\n<meta property=\"article:published_time\" content=\"2015-06-08T17:58:02+00:00\" \/>\n<meta property=\"article:modified_time\" content=\"2018-05-25T10:44:33+00:00\" \/>\n<meta property=\"og:image\" content=\"https:\/\/andreasimonetti.com.br\/blog\/wp-content\/uploads\/2015\/06\/sabor-milenar-arroz-preto-75-554-thumb-570.jpg\" \/>\n\t<meta property=\"og:image:width\" content=\"470\" \/>\n\t<meta property=\"og:image:height\" content=\"357\" \/>\n\t<meta property=\"og:image:type\" content=\"image\/jpeg\" \/>\n<meta name=\"author\" content=\"Andrea Simonetti\" \/>\n<meta name=\"twitter:card\" content=\"summary_large_image\" \/>\n<meta name=\"twitter:creator\" content=\"@https:\/\/twitter.com\/Andrea_Simoneti\" \/>\n<meta name=\"twitter:site\" content=\"@Andrea_Simoneti\" \/>\n<meta name=\"twitter:label1\" content=\"Escrito por\" \/>\n\t<meta name=\"twitter:data1\" content=\"Andrea Simonetti\" \/>\n\t<meta name=\"twitter:label2\" content=\"Est. tempo de leitura\" \/>\n\t<meta name=\"twitter:data2\" content=\"1 minuto\" \/>\n<!-- \/ Yoast SEO plugin. -->","yoast_head_json":{"title":"Voc\u00ea conhece os benef\u00edcios do arroz preto? - Andrea Simonetti","robots":{"index":"index","follow":"follow","max-snippet":"max-snippet:-1","max-image-preview":"max-image-preview:large","max-video-preview":"max-video-preview:-1"},"canonical":"https:\/\/andreasimonetti.com.br\/blog\/voce-conhece-os-beneficios-do-arroz-preto\/","og_locale":"pt_BR","og_type":"article","og_title":"Voc\u00ea conhece os benef\u00edcios do arroz preto? - Andrea Simonetti","og_description":"O arroz preto \u00e9 cultivado na China h\u00e1 mais de 4 mil anos. Na China era considerado um produto afrodis\u00edaco, antigamente conhecido como o \u201cArroz Proibido\u201d, pois era consumido apenas&hellip;","og_url":"https:\/\/andreasimonetti.com.br\/blog\/voce-conhece-os-beneficios-do-arroz-preto\/","og_site_name":"Andrea Simonetti","article_publisher":"https:\/\/www.facebook.com\/blogdaandreasimonetti\/","article_author":"https:\/\/www.facebook.com\/blogdaandreasimonetti\/","article_published_time":"2015-06-08T17:58:02+00:00","article_modified_time":"2018-05-25T10:44:33+00:00","og_image":[{"width":470,"height":357,"url":"https:\/\/andreasimonetti.com.br\/blog\/wp-content\/uploads\/2015\/06\/sabor-milenar-arroz-preto-75-554-thumb-570.jpg","type":"image\/jpeg"}],"author":"Andrea Simonetti","twitter_card":"summary_large_image","twitter_creator":"@https:\/\/twitter.com\/Andrea_Simoneti","twitter_site":"@Andrea_Simoneti","twitter_misc":{"Escrito por":"Andrea Simonetti","Est. tempo de leitura":"1 minuto"},"schema":{"@context":"https:\/\/schema.org","@graph":[{"@type":"WebPage","@id":"https:\/\/andreasimonetti.com.br\/blog\/voce-conhece-os-beneficios-do-arroz-preto\/","url":"https:\/\/andreasimonetti.com.br\/blog\/voce-conhece-os-beneficios-do-arroz-preto\/","name":"Voc\u00ea conhece os benef\u00edcios do arroz preto? - Andrea Simonetti","isPartOf":{"@id":"https:\/\/andreasimonetti.com.br\/blog\/#website"},"primaryImageOfPage":{"@id":"https:\/\/andreasimonetti.com.br\/blog\/voce-conhece-os-beneficios-do-arroz-preto\/#primaryimage"},"image":{"@id":"https:\/\/andreasimonetti.com.br\/blog\/voce-conhece-os-beneficios-do-arroz-preto\/#primaryimage"},"thumbnailUrl":"https:\/\/andreasimonetti.com.br\/blog\/wp-content\/uploads\/2015\/06\/sabor-milenar-arroz-preto-75-554-thumb-570.jpg","datePublished":"2015-06-08T17:58:02+00:00","dateModified":"2018-05-25T10:44:33+00:00","author":{"@id":"https:\/\/andreasimonetti.com.br\/blog\/#\/schema\/person\/254f763c24ac288e27ea738a7366ad2a"},"breadcrumb":{"@id":"https:\/\/andreasimonetti.com.br\/blog\/voce-conhece-os-beneficios-do-arroz-preto\/#breadcrumb"},"inLanguage":"pt-BR","potentialAction":[{"@type":"ReadAction","target":["https:\/\/andreasimonetti.com.br\/blog\/voce-conhece-os-beneficios-do-arroz-preto\/"]}]},{"@type":"ImageObject","inLanguage":"pt-BR","@id":"https:\/\/andreasimonetti.com.br\/blog\/voce-conhece-os-beneficios-do-arroz-preto\/#primaryimage","url":"https:\/\/andreasimonetti.com.br\/blog\/wp-content\/uploads\/2015\/06\/sabor-milenar-arroz-preto-75-554-thumb-570.jpg","contentUrl":"https:\/\/andreasimonetti.com.br\/blog\/wp-content\/uploads\/2015\/06\/sabor-milenar-arroz-preto-75-554-thumb-570.jpg","width":470,"height":357},{"@type":"BreadcrumbList","@id":"https:\/\/andreasimonetti.com.br\/blog\/voce-conhece-os-beneficios-do-arroz-preto\/#breadcrumb","itemListElement":[{"@type":"ListItem","position":1,"name":"In\u00edcio","item":"https:\/\/andreasimonetti.com.br\/blog\/"},{"@type":"ListItem","position":2,"name":"Voc\u00ea conhece os benef\u00edcios do arroz preto?"}]},{"@type":"WebSite","@id":"https:\/\/andreasimonetti.com.br\/blog\/#website","url":"https:\/\/andreasimonetti.com.br\/blog\/","name":"Andrea Simonetti","description":"","potentialAction":[{"@type":"SearchAction","target":{"@type":"EntryPoint","urlTemplate":"https:\/\/andreasimonetti.com.br\/blog\/?s={search_term_string}"},"query-input":{"@type":"PropertyValueSpecification","valueRequired":true,"valueName":"search_term_string"}}],"inLanguage":"pt-BR"},{"@type":"Person","@id":"https:\/\/andreasimonetti.com.br\/blog\/#\/schema\/person\/254f763c24ac288e27ea738a7366ad2a","name":"Andrea Simonetti","image":{"@type":"ImageObject","inLanguage":"pt-BR","@id":"https:\/\/andreasimonetti.com.br\/blog\/#\/schema\/person\/image\/","url":"https:\/\/andreasimonetti.com.br\/blog\/wp-content\/uploads\/2018\/04\/andrea-simonetti-96x96.png","contentUrl":"https:\/\/andreasimonetti.com.br\/blog\/wp-content\/uploads\/2018\/04\/andrea-simonetti-96x96.png","caption":"Andrea Simonetti"},"description":"Sou formada em Administra\u00e7\u00e3o de Empresas, Produ\u00e7\u00e3o de Moda pelo SENAC e Consultoria de Estilo. Sou fascinada por moda desde sempre, adoro ver as pessoas produzidas e de bem com a vida. Moda \u00e9 o meu assunto preferido. Comecei meu blog em 2011, ele cresceu e hoje \u00e9 um site bem mais abrangente, onde eu falo sobre moda e meu trabalho de consultora de estilo. E falo tamb\u00e9m sobre a minha experi\u00eancia de vida. Mas antes de tudo, acredito num Deus Soberano que nos guia e aben\u00e7oa, o tempo todo!","sameAs":["https:\/\/www.andreasimonetti.com.br\/","https:\/\/www.facebook.com\/blogdaandreasimonetti\/","https:\/\/www.instagram.com\/andrea_simonetti\/","https:\/\/br.pinterest.com\/BlogAndrea\/","https:\/\/x.com\/https:\/\/twitter.com\/Andrea_Simoneti"],"url":"https:\/\/andreasimonetti.com.br\/blog\/author\/andrea\/"}]}},"_links":{"self":[{"href":"https:\/\/andreasimonetti.com.br\/blog\/wp-json\/wp\/v2\/posts\/13545","targetHints":{"allow":["GET"]}}],"collection":[{"href":"https:\/\/andreasimonetti.com.br\/blog\/wp-json\/wp\/v2\/posts"}],"about":[{"href":"https:\/\/andreasimonetti.com.br\/blog\/wp-json\/wp\/v2\/types\/post"}],"author":[{"embeddable":true,"href":"https:\/\/andreasimonetti.com.br\/blog\/wp-json\/wp\/v2\/users\/7"}],"replies":[{"embeddable":true,"href":"https:\/\/andreasimonetti.com.br\/blog\/wp-json\/wp\/v2\/comments?post=13545"}],"version-history":[{"count":0,"href":"https:\/\/andreasimonetti.com.br\/blog\/wp-json\/wp\/v2\/posts\/13545\/revisions"}],"wp:featuredmedia":[{"embeddable":true,"href":"https:\/\/andreasimonetti.com.br\/blog\/wp-json\/wp\/v2\/media\/13548"}],"wp:attachment":[{"href":"https:\/\/andreasimonetti.com.br\/blog\/wp-json\/wp\/v2\/media?parent=13545"}],"wp:term":[{"taxonomy":"category","embeddable":true,"href":"https:\/\/andreasimonetti.com.br\/blog\/wp-json\/wp\/v2\/categories?post=13545"},{"taxonomy":"post_tag","embeddable":true,"href":"https:\/\/andreasimonetti.com.br\/blog\/wp-json\/wp\/v2\/tags?post=13545"}],"curies":[{"name":"wp","href":"https:\/\/api.w.org\/{rel}","templated":true}]}}