{"id":13523,"date":"2015-06-06T10:13:24","date_gmt":"2015-06-06T13:13:24","guid":{"rendered":"http:\/\/blogdaandreasimonetti.com.br\/?p=13523"},"modified":"2015-06-06T10:18:36","modified_gmt":"2015-06-06T13:18:36","slug":"o-inverno-e-branco","status":"publish","type":"post","link":"https:\/\/andreasimonetti.com.br\/blog\/o-inverno-e-branco\/","title":{"rendered":"O inverno \u00e9 branco"},"content":{"rendered":"<p>O inverno 2015 preparou uma variedade de op\u00e7\u00f5es de roupas na cor branca, s\u00e3o vestidos de tricot, blusas de l\u00e3, jaquetas de couro, len\u00e7os e botas.<br \/>\nConsiderada uma cor fria para o inverno, o branco pode ser usado em diferentes looks. Al\u00e9m de promover um visual harm\u00f4nico e sutil, a cor \u00e9 f\u00e1cil de combinar.<br \/>\nNo inverno os casacos e sobretudos na cor branca podem ser usados em diferentes ocasi\u00f5es. O casaco com cal\u00e7a jeans, bota cano curto ou mesmo t\u00eanis, \u00e9 aquele look despojado-chic para o trabalho e faculdade.<br \/>\nJ\u00e1 para a noite, as mulheres podem abusar das combina\u00e7\u00f5es com saias, vestidos e cal\u00e7as no modelo flare, que s\u00e3o tend\u00eancias para o inverno 2015.<br \/>\nOs casacos na cor branca oferecem modelos diversificados, podendo ser mais justo ao corpo, em tecidos mais b\u00e1sicos como o moletom, e compridos.<br \/>\nOutra sugest\u00e3o para apostar na cor branca no inverno s\u00e3o as camisas, indicadas para v\u00e1rias ocasi\u00f5es.<br \/>\nCaso pretenda vestir uma pe\u00e7a branca utilize combina\u00e7\u00f5es em cores alegres e acess\u00f3rios como len\u00e7os, pulseiras, colares e bolsas.<\/p>\n<p style=\"text-align: justify;\"><a href=\"http:\/\/blogdaandreasimonetti.com.br\/wp-content\/uploads\/2015\/06\/56489lis.jpg\" data-rel=\"penci-gallery-image-content\" ><img loading=\"lazy\" decoding=\"async\" class=\"alignnone wp-image-13524\" src=\"http:\/\/blogdaandreasimonetti.com.br\/wp-content\/uploads\/2015\/06\/56489lis.jpg\" alt=\"56489lis\" width=\"700\" height=\"525\" srcset=\"https:\/\/andreasimonetti.com.br\/blog\/wp-content\/uploads\/2015\/06\/56489lis.jpg 1000w, https:\/\/andreasimonetti.com.br\/blog\/wp-content\/uploads\/2015\/06\/56489lis-300x225.jpg 300w\" sizes=\"auto, (max-width: 700px) 100vw, 700px\" \/><\/a><\/p>\n<p><a href=\"http:\/\/blogdaandreasimonetti.com.br\/wp-content\/uploads\/2015\/06\/cal\u00e7a-branca.jpg\" data-rel=\"penci-gallery-image-content\" ><img loading=\"lazy\" decoding=\"async\" class=\"alignnone wp-image-13526\" src=\"http:\/\/blogdaandreasimonetti.com.br\/wp-content\/uploads\/2015\/06\/cal\u00e7a-branca.jpg\" alt=\"cal\u00e7a branca\" width=\"700\" height=\"495\" srcset=\"https:\/\/andreasimonetti.com.br\/blog\/wp-content\/uploads\/2015\/06\/cal\u00e7a-branca.jpg 640w, https:\/\/andreasimonetti.com.br\/blog\/wp-content\/uploads\/2015\/06\/cal\u00e7a-branca-300x212.jpg 300w\" sizes=\"auto, (max-width: 700px) 100vw, 700px\" \/><\/a><\/p>\n<p><a href=\"http:\/\/blogdaandreasimonetti.com.br\/wp-content\/uploads\/2015\/06\/blazer.jpg\" data-rel=\"penci-gallery-image-content\" ><img loading=\"lazy\" decoding=\"async\" class=\"alignnone wp-image-13527\" src=\"http:\/\/blogdaandreasimonetti.com.br\/wp-content\/uploads\/2015\/06\/blazer.jpg\" alt=\"blazer\" width=\"700\" height=\"393\" srcset=\"https:\/\/andreasimonetti.com.br\/blog\/wp-content\/uploads\/2015\/06\/blazer.jpg 595w, https:\/\/andreasimonetti.com.br\/blog\/wp-content\/uploads\/2015\/06\/blazer-300x168.jpg 300w, https:\/\/andreasimonetti.com.br\/blog\/wp-content\/uploads\/2015\/06\/blazer-180x100.jpg 180w\" sizes=\"auto, (max-width: 700px) 100vw, 700px\" \/><\/a><\/p>\n","protected":false},"excerpt":{"rendered":"<p>O inverno 2015 preparou uma variedade de op\u00e7\u00f5es de roupas na cor branca, s\u00e3o vestidos de tricot, blusas de l\u00e3, jaquetas de couro, len\u00e7os e botas. Considerada uma cor fria&hellip;<\/p>\n","protected":false},"author":7,"featured_media":13524,"comment_status":"open","ping_status":"open","sticky":false,"template":"","format":"standard","meta":{"_monsterinsights_skip_tracking":false,"_monsterinsights_sitenote_active":false,"_monsterinsights_sitenote_note":"","_monsterinsights_sitenote_category":0,"footnotes":""},"categories":[1508,3],"tags":[2106,2105],"class_list":["post-13523","post","type-post","status-publish","format-standard","has-post-thumbnail","hentry","category-destaque","category-moda","tag-look-inverno-branco","tag-o-inverno-e-branco"],"yoast_head":"<!-- This site is optimized with the Yoast SEO plugin v26.3 - https:\/\/yoast.com\/wordpress\/plugins\/seo\/ -->\n<title>O inverno \u00e9 branco - Andrea Simonetti<\/title>\n<meta name=\"robots\" content=\"index, follow, max-snippet:-1, max-image-preview:large, max-video-preview:-1\" \/>\n<link rel=\"canonical\" href=\"https:\/\/andreasimonetti.com.br\/blog\/o-inverno-e-branco\/\" \/>\n<meta property=\"og:locale\" content=\"pt_BR\" \/>\n<meta property=\"og:type\" content=\"article\" \/>\n<meta property=\"og:title\" content=\"O inverno \u00e9 branco - Andrea Simonetti\" \/>\n<meta property=\"og:description\" content=\"O inverno 2015 preparou uma variedade de op\u00e7\u00f5es de roupas na cor branca, s\u00e3o vestidos de tricot, blusas de l\u00e3, jaquetas de couro, len\u00e7os e botas. Considerada uma cor fria&hellip;\" \/>\n<meta property=\"og:url\" content=\"https:\/\/andreasimonetti.com.br\/blog\/o-inverno-e-branco\/\" \/>\n<meta property=\"og:site_name\" content=\"Andrea Simonetti\" \/>\n<meta property=\"article:publisher\" content=\"https:\/\/www.facebook.com\/blogdaandreasimonetti\/\" \/>\n<meta property=\"article:author\" content=\"https:\/\/www.facebook.com\/blogdaandreasimonetti\/\" \/>\n<meta property=\"article:published_time\" content=\"2015-06-06T13:13:24+00:00\" \/>\n<meta property=\"article:modified_time\" content=\"2015-06-06T13:18:36+00:00\" \/>\n<meta property=\"og:image\" content=\"https:\/\/andreasimonetti.com.br\/blog\/wp-content\/uploads\/2015\/06\/56489lis.jpg\" \/>\n\t<meta property=\"og:image:width\" content=\"1000\" \/>\n\t<meta property=\"og:image:height\" content=\"750\" \/>\n\t<meta property=\"og:image:type\" content=\"image\/jpeg\" \/>\n<meta name=\"author\" content=\"Andrea Simonetti\" \/>\n<meta name=\"twitter:card\" content=\"summary_large_image\" \/>\n<meta name=\"twitter:creator\" content=\"@https:\/\/twitter.com\/Andrea_Simoneti\" \/>\n<meta name=\"twitter:site\" content=\"@Andrea_Simoneti\" \/>\n<meta name=\"twitter:label1\" content=\"Escrito por\" \/>\n\t<meta name=\"twitter:data1\" content=\"Andrea Simonetti\" \/>\n\t<meta name=\"twitter:label2\" content=\"Est. tempo de leitura\" \/>\n\t<meta name=\"twitter:data2\" content=\"1 minuto\" \/>\n<!-- \/ Yoast SEO plugin. -->","yoast_head_json":{"title":"O inverno \u00e9 branco - Andrea Simonetti","robots":{"index":"index","follow":"follow","max-snippet":"max-snippet:-1","max-image-preview":"max-image-preview:large","max-video-preview":"max-video-preview:-1"},"canonical":"https:\/\/andreasimonetti.com.br\/blog\/o-inverno-e-branco\/","og_locale":"pt_BR","og_type":"article","og_title":"O inverno \u00e9 branco - Andrea Simonetti","og_description":"O inverno 2015 preparou uma variedade de op\u00e7\u00f5es de roupas na cor branca, s\u00e3o vestidos de tricot, blusas de l\u00e3, jaquetas de couro, len\u00e7os e botas. Considerada uma cor fria&hellip;","og_url":"https:\/\/andreasimonetti.com.br\/blog\/o-inverno-e-branco\/","og_site_name":"Andrea Simonetti","article_publisher":"https:\/\/www.facebook.com\/blogdaandreasimonetti\/","article_author":"https:\/\/www.facebook.com\/blogdaandreasimonetti\/","article_published_time":"2015-06-06T13:13:24+00:00","article_modified_time":"2015-06-06T13:18:36+00:00","og_image":[{"width":1000,"height":750,"url":"https:\/\/andreasimonetti.com.br\/blog\/wp-content\/uploads\/2015\/06\/56489lis.jpg","type":"image\/jpeg"}],"author":"Andrea Simonetti","twitter_card":"summary_large_image","twitter_creator":"@https:\/\/twitter.com\/Andrea_Simoneti","twitter_site":"@Andrea_Simoneti","twitter_misc":{"Escrito por":"Andrea Simonetti","Est. tempo de leitura":"1 minuto"},"schema":{"@context":"https:\/\/schema.org","@graph":[{"@type":"WebPage","@id":"https:\/\/andreasimonetti.com.br\/blog\/o-inverno-e-branco\/","url":"https:\/\/andreasimonetti.com.br\/blog\/o-inverno-e-branco\/","name":"O inverno \u00e9 branco - Andrea Simonetti","isPartOf":{"@id":"https:\/\/andreasimonetti.com.br\/blog\/#website"},"primaryImageOfPage":{"@id":"https:\/\/andreasimonetti.com.br\/blog\/o-inverno-e-branco\/#primaryimage"},"image":{"@id":"https:\/\/andreasimonetti.com.br\/blog\/o-inverno-e-branco\/#primaryimage"},"thumbnailUrl":"https:\/\/andreasimonetti.com.br\/blog\/wp-content\/uploads\/2015\/06\/56489lis.jpg","datePublished":"2015-06-06T13:13:24+00:00","dateModified":"2015-06-06T13:18:36+00:00","author":{"@id":"https:\/\/andreasimonetti.com.br\/blog\/#\/schema\/person\/254f763c24ac288e27ea738a7366ad2a"},"breadcrumb":{"@id":"https:\/\/andreasimonetti.com.br\/blog\/o-inverno-e-branco\/#breadcrumb"},"inLanguage":"pt-BR","potentialAction":[{"@type":"ReadAction","target":["https:\/\/andreasimonetti.com.br\/blog\/o-inverno-e-branco\/"]}]},{"@type":"ImageObject","inLanguage":"pt-BR","@id":"https:\/\/andreasimonetti.com.br\/blog\/o-inverno-e-branco\/#primaryimage","url":"https:\/\/andreasimonetti.com.br\/blog\/wp-content\/uploads\/2015\/06\/56489lis.jpg","contentUrl":"https:\/\/andreasimonetti.com.br\/blog\/wp-content\/uploads\/2015\/06\/56489lis.jpg","width":1000,"height":750},{"@type":"BreadcrumbList","@id":"https:\/\/andreasimonetti.com.br\/blog\/o-inverno-e-branco\/#breadcrumb","itemListElement":[{"@type":"ListItem","position":1,"name":"In\u00edcio","item":"https:\/\/andreasimonetti.com.br\/blog\/"},{"@type":"ListItem","position":2,"name":"O inverno \u00e9 branco"}]},{"@type":"WebSite","@id":"https:\/\/andreasimonetti.com.br\/blog\/#website","url":"https:\/\/andreasimonetti.com.br\/blog\/","name":"Andrea Simonetti","description":"","potentialAction":[{"@type":"SearchAction","target":{"@type":"EntryPoint","urlTemplate":"https:\/\/andreasimonetti.com.br\/blog\/?s={search_term_string}"},"query-input":{"@type":"PropertyValueSpecification","valueRequired":true,"valueName":"search_term_string"}}],"inLanguage":"pt-BR"},{"@type":"Person","@id":"https:\/\/andreasimonetti.com.br\/blog\/#\/schema\/person\/254f763c24ac288e27ea738a7366ad2a","name":"Andrea Simonetti","image":{"@type":"ImageObject","inLanguage":"pt-BR","@id":"https:\/\/andreasimonetti.com.br\/blog\/#\/schema\/person\/image\/","url":"https:\/\/andreasimonetti.com.br\/blog\/wp-content\/uploads\/2018\/04\/andrea-simonetti-96x96.png","contentUrl":"https:\/\/andreasimonetti.com.br\/blog\/wp-content\/uploads\/2018\/04\/andrea-simonetti-96x96.png","caption":"Andrea Simonetti"},"description":"Sou formada em Administra\u00e7\u00e3o de Empresas, Produ\u00e7\u00e3o de Moda pelo SENAC e Consultoria de Estilo. Sou fascinada por moda desde sempre, adoro ver as pessoas produzidas e de bem com a vida. Moda \u00e9 o meu assunto preferido. Comecei meu blog em 2011, ele cresceu e hoje \u00e9 um site bem mais abrangente, onde eu falo sobre moda e meu trabalho de consultora de estilo. E falo tamb\u00e9m sobre a minha experi\u00eancia de vida. Mas antes de tudo, acredito num Deus Soberano que nos guia e aben\u00e7oa, o tempo todo!","sameAs":["https:\/\/www.andreasimonetti.com.br\/","https:\/\/www.facebook.com\/blogdaandreasimonetti\/","https:\/\/www.instagram.com\/andrea_simonetti\/","https:\/\/br.pinterest.com\/BlogAndrea\/","https:\/\/x.com\/https:\/\/twitter.com\/Andrea_Simoneti"],"url":"https:\/\/andreasimonetti.com.br\/blog\/author\/andrea\/"}]}},"_links":{"self":[{"href":"https:\/\/andreasimonetti.com.br\/blog\/wp-json\/wp\/v2\/posts\/13523","targetHints":{"allow":["GET"]}}],"collection":[{"href":"https:\/\/andreasimonetti.com.br\/blog\/wp-json\/wp\/v2\/posts"}],"about":[{"href":"https:\/\/andreasimonetti.com.br\/blog\/wp-json\/wp\/v2\/types\/post"}],"author":[{"embeddable":true,"href":"https:\/\/andreasimonetti.com.br\/blog\/wp-json\/wp\/v2\/users\/7"}],"replies":[{"embeddable":true,"href":"https:\/\/andreasimonetti.com.br\/blog\/wp-json\/wp\/v2\/comments?post=13523"}],"version-history":[{"count":0,"href":"https:\/\/andreasimonetti.com.br\/blog\/wp-json\/wp\/v2\/posts\/13523\/revisions"}],"wp:featuredmedia":[{"embeddable":true,"href":"https:\/\/andreasimonetti.com.br\/blog\/wp-json\/wp\/v2\/media\/13524"}],"wp:attachment":[{"href":"https:\/\/andreasimonetti.com.br\/blog\/wp-json\/wp\/v2\/media?parent=13523"}],"wp:term":[{"taxonomy":"category","embeddable":true,"href":"https:\/\/andreasimonetti.com.br\/blog\/wp-json\/wp\/v2\/categories?post=13523"},{"taxonomy":"post_tag","embeddable":true,"href":"https:\/\/andreasimonetti.com.br\/blog\/wp-json\/wp\/v2\/tags?post=13523"}],"curies":[{"name":"wp","href":"https:\/\/api.w.org\/{rel}","templated":true}]}}