{"id":13507,"date":"2015-06-01T15:09:31","date_gmt":"2015-06-01T18:09:31","guid":{"rendered":"http:\/\/blogdaandreasimonetti.com.br\/?p=13507"},"modified":"2018-05-25T07:44:33","modified_gmt":"2018-05-25T10:44:33","slug":"a-chia-e-a-queima-de-gordura","status":"publish","type":"post","link":"https:\/\/andreasimonetti.com.br\/blog\/a-chia-e-a-queima-de-gordura\/","title":{"rendered":"A chia e a queima de gordura"},"content":{"rendered":"<div class=\"content\">\n<article id=\"post-4164\" class=\"post-4164 post type-post status-publish format-standard hentry category-artigo-destaque category-artigos tag-centro-nutricao-celular tag-chia tag-eliane-arena tag-eliane-petean tag-eliane-pettean tag-eliane-pettean-arena tag-emagrecer tag-nutricao tag-nutricao-celular tag-nutricionista\">\n<div class=\"entry-content\">\n<p style=\"text-align: justify;\">Conhecida como um superalimento, essa pequenina vem fazendo milagres por onde passa!<\/p>\n<p style=\"text-align: justify;\">Da fam\u00edlia das lamiaceas, de origem da Guatemala, mais conhecida como Chia, ela \u00e9 uma semente com propriedades nutricionais riqu\u00edssimas para a sa\u00fade.<\/p>\n<p><img loading=\"lazy\" decoding=\"async\" class=\"alignnone size-full wp-image-4165\" src=\"http:\/\/www.ncbauru.com.br\/wp-content\/uploads\/2015\/05\/0528-Artigo-A-chia-e-a-queima-de-gorduras-site.jpg\" alt=\"chia\" width=\"600\" height=\"400\" \/><\/p>\n<p style=\"text-align: justify;\">Um dos principais componentes da semente de Chia \u00e9 o \u00f4mega-3, alias a semente da chia \u00e9 uma das suas mais ricas fontes conhecidas, tanto animal quanto vegetal.<\/p>\n<blockquote>\n<h3>UM DOS PRINCIPAIS COMPONENTES DA SEMENTE DE CHIA \u00c9 O \u00d4MEGA-3<\/h3>\n<\/blockquote>\n<p style=\"text-align: justify;\">O c\u00e1lcio encontrado \u00e9 cinco vezes maior que a concentra\u00e7\u00e3o do mineral encontrada no leite de vaca. E em estudos recentes foi descoberto que ele ajuda a queimar a gordura do organismo.<\/p>\n<p style=\"text-align: justify;\">A chia possui altas concentra\u00e7\u00f5es de fibras alimentares, o que faz dela uma forte aliada nas dietas e na boa digest\u00e3o. Tem mais concentra\u00e7\u00e3o de magn\u00e9sio e mangan\u00eas dos que as nozes e o espinafre. Al\u00e9m disso, \u00e9 extremamente rica em vitaminas e minerais, sendo uma das fontes vegetais mais ricas que se tem conhecimento, at\u00e9 hoje.<\/p>\n<p style=\"text-align: justify;\">Sendo uma fonte de prote\u00edna completa, a chia fornece todos os amino\u00e1cidos essenciais necess\u00e1rios. Os \u00e1cidos cafeico e clorog\u00eanico presentes, prov\u00eam a chia com tr\u00eas vezes mais antioxidantes do que as famosas uvas-do-monte.<\/p>\n<blockquote>\n<h3 style=\"text-align: justify;\">SENDO UMA FONTE DE PROTE\u00cdNA COMPLETA, A CHIA FORNECE TODOS OS AMINO\u00c1CIDOS ESSENCIAIS NECESS\u00c1RIOS.<\/h3>\n<\/blockquote>\n<p style=\"text-align: justify;\">Em uma analise nutricional, em 100 gramas de chia, foram constatados 595 kcal de energia, 44g de carboidratos, 31g de lip\u00eddeos e 16g de prote\u00ednas.<\/p>\n<p style=\"text-align: justify;\">Hoje, como vivemos em busca da uma vida cheia de sa\u00fade e ainda por cima com um corpo bonito a chia, \u00e9 uma \u00f3tima aliada, dando uma for\u00e7a na dieta e ajudando a secar aquelas gordurinhas indesejadas. Ela tem fun\u00e7\u00f5es como de saciedade, visto que suas sementes s\u00e3o mucilaginosas, isso quer dizer ricas em fibras que, ao entrarem em contato com a agua, ir\u00e3o formar um gel no estomago, tornando a digest\u00e3o mais lenta e assim proporcionando uma sensa\u00e7\u00e3o de saciedade por um tempo mais longo.<\/p>\n<p style=\"text-align: justify;\">Como as fibras tem o poder de regularizar o intestino, a chia exerce tamb\u00e9m o papel de desintoxicar o organismo, deixando-o livre de tudo o que faz mal, al\u00e9m de combater a inflama\u00e7\u00e3o. Como sabemos, a gordura \u00e9 um processo inflamat\u00f3rio do organismo que deixa de enviar mensagens de saciedade ao c\u00e9rebro. O \u00f4mega-3 presente na chia combate essa inflama\u00e7\u00e3o, ajudando o corpo a recuperar o controle sobre o apetite.<\/p>\n<p style=\"text-align: justify;\">Segundo estudos ingleses publicados no <i>British Journal of Nutrition,<\/i> na Inglaterra, a semente de chia acelera o metabolismo e facilita a queima de gordura, especialmente na regi\u00e3o da barriga e cintura. O c\u00e1lcio, tamb\u00e9m encontrado em abund\u00e2ncia na semente, ajuda a eliminar a gordura ingerida na dieta. Ou seja: a chia \u00e9 uma \u00f3tima aliada para quem quer conquistar uma barriga chapada!<\/p>\n<blockquote>\n<h3 style=\"text-align: justify;\">A CHIA \u00c9 UMA \u00d3TIMA ALIADA PARA QUEM QUER CONQUISTAR UMA BARRIGA CHAPADA!<\/h3>\n<\/blockquote>\n<p style=\"text-align: justify;\">Quanto \u00e0 quantidade di\u00e1ria, n\u00e3o h\u00e1 uma especifica\u00e7\u00e3o estabelecida. Em testes obtiveram resultados positivos nas pessoas que consumiram ate 25g da semente, aproximadamente uma colher de sobremesa, lembrando que, sendo a chia cal\u00f3rica, o seu uso abusivo pode gerar um aumento de peso.<\/p>\n<p style=\"text-align: justify;\">Usada crua, triturada, em forma de gel ou na forma de \u00f3leo, a chia pode e ser adicionada nas mais diversas receitas do seu card\u00e1pio di\u00e1rio e at\u00e9 salpicada sobre saladas e recheio de sandu\u00edches.<\/p>\n<h6 style=\"text-align: justify;\"><\/h6>\n<\/div>\n<\/article>\n<\/div>\n<div id=\"sidebar\" class=\"widget-area\"><\/div>\n","protected":false},"excerpt":{"rendered":"<p>Conhecida como um superalimento, essa pequenina vem fazendo milagres por onde passa! Da fam\u00edlia das lamiaceas, de origem da Guatemala, mais conhecida como Chia, ela \u00e9 uma semente com propriedades&hellip;<\/p>\n","protected":false},"author":7,"featured_media":13514,"comment_status":"closed","ping_status":"closed","sticky":false,"template":"","format":"standard","meta":{"_monsterinsights_skip_tracking":false,"_monsterinsights_sitenote_active":false,"_monsterinsights_sitenote_note":"","_monsterinsights_sitenote_category":0,"footnotes":""},"categories":[2670],"tags":[2103],"class_list":["post-13507","post","type-post","status-publish","format-standard","has-post-thumbnail","hentry","category-bem-estar","tag-os-beneficios-da-chia"],"yoast_head":"<!-- This site is optimized with the Yoast SEO plugin v26.3 - https:\/\/yoast.com\/wordpress\/plugins\/seo\/ -->\n<title>A chia e a queima de gordura - Andrea Simonetti<\/title>\n<meta name=\"robots\" content=\"index, follow, max-snippet:-1, max-image-preview:large, max-video-preview:-1\" \/>\n<link rel=\"canonical\" href=\"https:\/\/andreasimonetti.com.br\/blog\/a-chia-e-a-queima-de-gordura\/\" \/>\n<meta property=\"og:locale\" content=\"pt_BR\" \/>\n<meta property=\"og:type\" content=\"article\" \/>\n<meta property=\"og:title\" content=\"A chia e a queima de gordura - Andrea Simonetti\" \/>\n<meta property=\"og:description\" content=\"Conhecida como um superalimento, essa pequenina vem fazendo milagres por onde passa! Da fam\u00edlia das lamiaceas, de origem da Guatemala, mais conhecida como Chia, ela \u00e9 uma semente com propriedades&hellip;\" \/>\n<meta property=\"og:url\" content=\"https:\/\/andreasimonetti.com.br\/blog\/a-chia-e-a-queima-de-gordura\/\" \/>\n<meta property=\"og:site_name\" content=\"Andrea Simonetti\" \/>\n<meta property=\"article:publisher\" content=\"https:\/\/www.facebook.com\/blogdaandreasimonetti\/\" \/>\n<meta property=\"article:author\" content=\"https:\/\/www.facebook.com\/blogdaandreasimonetti\/\" \/>\n<meta property=\"article:published_time\" content=\"2015-06-01T18:09:31+00:00\" \/>\n<meta property=\"article:modified_time\" content=\"2018-05-25T10:44:33+00:00\" \/>\n<meta property=\"og:image\" content=\"https:\/\/andreasimonetti.com.br\/blog\/wp-content\/uploads\/2015\/06\/0528-Artigo-A-chia-e-a-queima-de-gorduras-site.jpg\" \/>\n\t<meta property=\"og:image:width\" content=\"600\" \/>\n\t<meta property=\"og:image:height\" content=\"400\" \/>\n\t<meta property=\"og:image:type\" content=\"image\/jpeg\" \/>\n<meta name=\"author\" content=\"Andrea Simonetti\" \/>\n<meta name=\"twitter:card\" content=\"summary_large_image\" \/>\n<meta name=\"twitter:creator\" content=\"@https:\/\/twitter.com\/Andrea_Simoneti\" \/>\n<meta name=\"twitter:site\" content=\"@Andrea_Simoneti\" \/>\n<meta name=\"twitter:label1\" content=\"Escrito por\" \/>\n\t<meta name=\"twitter:data1\" content=\"Andrea Simonetti\" \/>\n\t<meta name=\"twitter:label2\" content=\"Est. tempo de leitura\" \/>\n\t<meta name=\"twitter:data2\" content=\"3 minutos\" \/>\n<!-- \/ Yoast SEO plugin. -->","yoast_head_json":{"title":"A chia e a queima de gordura - Andrea Simonetti","robots":{"index":"index","follow":"follow","max-snippet":"max-snippet:-1","max-image-preview":"max-image-preview:large","max-video-preview":"max-video-preview:-1"},"canonical":"https:\/\/andreasimonetti.com.br\/blog\/a-chia-e-a-queima-de-gordura\/","og_locale":"pt_BR","og_type":"article","og_title":"A chia e a queima de gordura - Andrea Simonetti","og_description":"Conhecida como um superalimento, essa pequenina vem fazendo milagres por onde passa! Da fam\u00edlia das lamiaceas, de origem da Guatemala, mais conhecida como Chia, ela \u00e9 uma semente com propriedades&hellip;","og_url":"https:\/\/andreasimonetti.com.br\/blog\/a-chia-e-a-queima-de-gordura\/","og_site_name":"Andrea Simonetti","article_publisher":"https:\/\/www.facebook.com\/blogdaandreasimonetti\/","article_author":"https:\/\/www.facebook.com\/blogdaandreasimonetti\/","article_published_time":"2015-06-01T18:09:31+00:00","article_modified_time":"2018-05-25T10:44:33+00:00","og_image":[{"width":600,"height":400,"url":"https:\/\/andreasimonetti.com.br\/blog\/wp-content\/uploads\/2015\/06\/0528-Artigo-A-chia-e-a-queima-de-gorduras-site.jpg","type":"image\/jpeg"}],"author":"Andrea Simonetti","twitter_card":"summary_large_image","twitter_creator":"@https:\/\/twitter.com\/Andrea_Simoneti","twitter_site":"@Andrea_Simoneti","twitter_misc":{"Escrito por":"Andrea Simonetti","Est. tempo de leitura":"3 minutos"},"schema":{"@context":"https:\/\/schema.org","@graph":[{"@type":"WebPage","@id":"https:\/\/andreasimonetti.com.br\/blog\/a-chia-e-a-queima-de-gordura\/","url":"https:\/\/andreasimonetti.com.br\/blog\/a-chia-e-a-queima-de-gordura\/","name":"A chia e a queima de gordura - Andrea Simonetti","isPartOf":{"@id":"https:\/\/andreasimonetti.com.br\/blog\/#website"},"primaryImageOfPage":{"@id":"https:\/\/andreasimonetti.com.br\/blog\/a-chia-e-a-queima-de-gordura\/#primaryimage"},"image":{"@id":"https:\/\/andreasimonetti.com.br\/blog\/a-chia-e-a-queima-de-gordura\/#primaryimage"},"thumbnailUrl":"https:\/\/andreasimonetti.com.br\/blog\/wp-content\/uploads\/2015\/06\/0528-Artigo-A-chia-e-a-queima-de-gorduras-site.jpg","datePublished":"2015-06-01T18:09:31+00:00","dateModified":"2018-05-25T10:44:33+00:00","author":{"@id":"https:\/\/andreasimonetti.com.br\/blog\/#\/schema\/person\/254f763c24ac288e27ea738a7366ad2a"},"breadcrumb":{"@id":"https:\/\/andreasimonetti.com.br\/blog\/a-chia-e-a-queima-de-gordura\/#breadcrumb"},"inLanguage":"pt-BR","potentialAction":[{"@type":"ReadAction","target":["https:\/\/andreasimonetti.com.br\/blog\/a-chia-e-a-queima-de-gordura\/"]}]},{"@type":"ImageObject","inLanguage":"pt-BR","@id":"https:\/\/andreasimonetti.com.br\/blog\/a-chia-e-a-queima-de-gordura\/#primaryimage","url":"https:\/\/andreasimonetti.com.br\/blog\/wp-content\/uploads\/2015\/06\/0528-Artigo-A-chia-e-a-queima-de-gorduras-site.jpg","contentUrl":"https:\/\/andreasimonetti.com.br\/blog\/wp-content\/uploads\/2015\/06\/0528-Artigo-A-chia-e-a-queima-de-gorduras-site.jpg","width":600,"height":400},{"@type":"BreadcrumbList","@id":"https:\/\/andreasimonetti.com.br\/blog\/a-chia-e-a-queima-de-gordura\/#breadcrumb","itemListElement":[{"@type":"ListItem","position":1,"name":"In\u00edcio","item":"https:\/\/andreasimonetti.com.br\/blog\/"},{"@type":"ListItem","position":2,"name":"A chia e a queima de gordura"}]},{"@type":"WebSite","@id":"https:\/\/andreasimonetti.com.br\/blog\/#website","url":"https:\/\/andreasimonetti.com.br\/blog\/","name":"Andrea Simonetti","description":"","potentialAction":[{"@type":"SearchAction","target":{"@type":"EntryPoint","urlTemplate":"https:\/\/andreasimonetti.com.br\/blog\/?s={search_term_string}"},"query-input":{"@type":"PropertyValueSpecification","valueRequired":true,"valueName":"search_term_string"}}],"inLanguage":"pt-BR"},{"@type":"Person","@id":"https:\/\/andreasimonetti.com.br\/blog\/#\/schema\/person\/254f763c24ac288e27ea738a7366ad2a","name":"Andrea Simonetti","image":{"@type":"ImageObject","inLanguage":"pt-BR","@id":"https:\/\/andreasimonetti.com.br\/blog\/#\/schema\/person\/image\/","url":"https:\/\/andreasimonetti.com.br\/blog\/wp-content\/uploads\/2018\/04\/andrea-simonetti-96x96.png","contentUrl":"https:\/\/andreasimonetti.com.br\/blog\/wp-content\/uploads\/2018\/04\/andrea-simonetti-96x96.png","caption":"Andrea Simonetti"},"description":"Sou formada em Administra\u00e7\u00e3o de Empresas, Produ\u00e7\u00e3o de Moda pelo SENAC e Consultoria de Estilo. Sou fascinada por moda desde sempre, adoro ver as pessoas produzidas e de bem com a vida. Moda \u00e9 o meu assunto preferido. Comecei meu blog em 2011, ele cresceu e hoje \u00e9 um site bem mais abrangente, onde eu falo sobre moda e meu trabalho de consultora de estilo. E falo tamb\u00e9m sobre a minha experi\u00eancia de vida. Mas antes de tudo, acredito num Deus Soberano que nos guia e aben\u00e7oa, o tempo todo!","sameAs":["https:\/\/www.andreasimonetti.com.br\/","https:\/\/www.facebook.com\/blogdaandreasimonetti\/","https:\/\/www.instagram.com\/andrea_simonetti\/","https:\/\/br.pinterest.com\/BlogAndrea\/","https:\/\/x.com\/https:\/\/twitter.com\/Andrea_Simoneti"],"url":"https:\/\/andreasimonetti.com.br\/blog\/author\/andrea\/"}]}},"_links":{"self":[{"href":"https:\/\/andreasimonetti.com.br\/blog\/wp-json\/wp\/v2\/posts\/13507","targetHints":{"allow":["GET"]}}],"collection":[{"href":"https:\/\/andreasimonetti.com.br\/blog\/wp-json\/wp\/v2\/posts"}],"about":[{"href":"https:\/\/andreasimonetti.com.br\/blog\/wp-json\/wp\/v2\/types\/post"}],"author":[{"embeddable":true,"href":"https:\/\/andreasimonetti.com.br\/blog\/wp-json\/wp\/v2\/users\/7"}],"replies":[{"embeddable":true,"href":"https:\/\/andreasimonetti.com.br\/blog\/wp-json\/wp\/v2\/comments?post=13507"}],"version-history":[{"count":0,"href":"https:\/\/andreasimonetti.com.br\/blog\/wp-json\/wp\/v2\/posts\/13507\/revisions"}],"wp:featuredmedia":[{"embeddable":true,"href":"https:\/\/andreasimonetti.com.br\/blog\/wp-json\/wp\/v2\/media\/13514"}],"wp:attachment":[{"href":"https:\/\/andreasimonetti.com.br\/blog\/wp-json\/wp\/v2\/media?parent=13507"}],"wp:term":[{"taxonomy":"category","embeddable":true,"href":"https:\/\/andreasimonetti.com.br\/blog\/wp-json\/wp\/v2\/categories?post=13507"},{"taxonomy":"post_tag","embeddable":true,"href":"https:\/\/andreasimonetti.com.br\/blog\/wp-json\/wp\/v2\/tags?post=13507"}],"curies":[{"name":"wp","href":"https:\/\/api.w.org\/{rel}","templated":true}]}}