{"id":13440,"date":"2015-05-20T17:28:03","date_gmt":"2015-05-20T20:28:03","guid":{"rendered":"http:\/\/blogdaandreasimonetti.com.br\/?p=13440"},"modified":"2018-05-25T07:44:33","modified_gmt":"2018-05-25T10:44:33","slug":"a-ameaca-da-anemia","status":"publish","type":"post","link":"https:\/\/andreasimonetti.com.br\/blog\/a-ameaca-da-anemia\/","title":{"rendered":"A amea\u00e7a da anemia"},"content":{"rendered":"<p>&nbsp;<\/p>\n<p style=\"text-align: justify;\">A anemia \u00e9 definida pela Organiza\u00e7\u00e3o Mundial de Sa\u00fade como uma condi\u00e7\u00e3o de sa\u00fade prec\u00e1ria na qual o conte\u00fado de hemoglobina no sangue est\u00e1 abaixo do normal. Segundo a pr\u00f3pria OMS, a anemia \u00e9 resultado da car\u00eancia de um ou mais nutrientes essenciais ao organismo.<\/p>\n<p style=\"text-align: justify;\">Quando a alimenta\u00e7\u00e3o tem defici\u00eancia de nutrientes como ferro, zinco, vitamina B12 e prote\u00ednas, o indiv\u00edduo pode vir a sofrer de anemia. Por\u00e9m, a anemia mais comum \u00e9 a chamada Anemia Ferropriva, doen\u00e7a causada por car\u00eancia de Ferro no organismo. O ferro \u00e9 um nutriente essencial para a vida e atua principalmente na s\u00edntese (fabrica\u00e7\u00e3o) das c\u00e9lulas vermelhas do sangue e no transporte do oxig\u00eanio para todas as c\u00e9lulas do corpo.<\/p>\n<p style=\"text-align: justify;\">Os sintomas da anemia nem sempre s\u00e3o espec\u00edficos, mas \u00e9 comum verificar a ocorr\u00eancia de cansa\u00e7o, fadiga, falta de apetite, palidez da pele e mucosas, apatia e falta de motiva\u00e7\u00e3o para estudar ou ate mesmo, para trabalhar. Sinais como esses devem ser investigados como potencias indicadores de anemia.<\/p>\n<p style=\"text-align: justify;\"><span style=\"color: #993366;\">Tratamentos nutricionais no combate a anemia<\/span><\/p>\n<p style=\"text-align: justify;\">O tratamento das anemias deve ser inicialmente dirigido \u00e0 elimina\u00e7\u00e3o da causa b\u00e1sica. Se o problema persistir, cabe ao m\u00e9dico escolher entre possibilidade de reposi\u00e7\u00e3o de sangue ou ferro, ao corpo.<\/p>\n<p style=\"text-align: justify;\">Quando n\u00e3o h\u00e1 comprometimentos hemodin\u00e2mico ou sintom\u00e1tico acentuados, deve-se corrigir a anemia atrav\u00e9s da reposi\u00e7\u00e3o das reservas de ferro. Isso pode ser feito mais rapidamente com o uso farmacol\u00f3gico de compostos de ferro ou atrav\u00e9s da alimenta\u00e7\u00e3o, que \u00e9 uma forte aliada no tratamento da anemia.<\/p>\n<p style=\"text-align: justify;\">No card\u00e1pio nutricional de combate a essa condi\u00e7\u00e3o, os alimentos de origem vegetal destacam-se como fonte de ferro. A\u00ed se incluem os vegetais folhosos, em tom verde-escuro, tais como o agri\u00e3o, a couve, o cheiro-verde, a taioba, com exce\u00e7\u00e3o do espinafre; as leguminosas (feij\u00f5es, fava, gr\u00e3o-de-bico, ervilha, lentilha); os gr\u00e3os integrais ou enriquecidos; as nozes e as castanhas, o melado de cana, a rapadura e o a\u00e7\u00facar mascavo.<\/p>\n<p style=\"text-align: justify;\">Existem hoje no mercado, alimentos enriquecidos com ferro, tais como farinhas de trigo e milho, cereais matinais, leite e outros mais. A vitamina C, presente em frutas c\u00edtricas e os alimentos ricos em prote\u00ednas, aumentam a chance de absor\u00e7\u00e3o do ferro no organismo.<\/p>\n<p style=\"text-align: justify;\"><a href=\"http:\/\/blogdaandreasimonetti.com.br\/wp-content\/uploads\/2015\/05\/saiba-como-prevenir-e-curar-a-anemia1.jpg\" data-rel=\"penci-gallery-image-content\" ><img loading=\"lazy\" decoding=\"async\" class=\"alignnone size-full wp-image-13441\" src=\"http:\/\/blogdaandreasimonetti.com.br\/wp-content\/uploads\/2015\/05\/saiba-como-prevenir-e-curar-a-anemia1.jpg\" alt=\"saiba-como-prevenir-e-curar-a-anemia1\" width=\"1024\" height=\"598\" srcset=\"https:\/\/andreasimonetti.com.br\/blog\/wp-content\/uploads\/2015\/05\/saiba-como-prevenir-e-curar-a-anemia1.jpg 1024w, https:\/\/andreasimonetti.com.br\/blog\/wp-content\/uploads\/2015\/05\/saiba-como-prevenir-e-curar-a-anemia1-300x175.jpg 300w\" sizes=\"auto, (max-width: 1024px) 100vw, 1024px\" \/><\/a><\/p>\n","protected":false},"excerpt":{"rendered":"<p>&nbsp; A anemia \u00e9 definida pela Organiza\u00e7\u00e3o Mundial de Sa\u00fade como uma condi\u00e7\u00e3o de sa\u00fade prec\u00e1ria na qual o conte\u00fado de hemoglobina no sangue est\u00e1 abaixo do normal. Segundo a&hellip;<\/p>\n","protected":false},"author":7,"featured_media":13441,"comment_status":"open","ping_status":"open","sticky":false,"template":"","format":"standard","meta":{"_monsterinsights_skip_tracking":false,"_monsterinsights_sitenote_active":false,"_monsterinsights_sitenote_note":"","_monsterinsights_sitenote_category":0,"footnotes":""},"categories":[2670,2013],"tags":[2092,2093],"class_list":["post-13440","post","type-post","status-publish","format-standard","has-post-thumbnail","hentry","category-bem-estar","category-lifestyle","tag-a-ameaca-da-anemia","tag-anemia"],"yoast_head":"<!-- This site is optimized with the Yoast SEO plugin v26.3 - https:\/\/yoast.com\/wordpress\/plugins\/seo\/ -->\n<title>A amea\u00e7a da anemia - Andrea Simonetti<\/title>\n<meta name=\"robots\" content=\"index, follow, max-snippet:-1, max-image-preview:large, max-video-preview:-1\" \/>\n<link rel=\"canonical\" href=\"https:\/\/andreasimonetti.com.br\/blog\/a-ameaca-da-anemia\/\" \/>\n<meta property=\"og:locale\" content=\"pt_BR\" \/>\n<meta property=\"og:type\" content=\"article\" \/>\n<meta property=\"og:title\" content=\"A amea\u00e7a da anemia - Andrea Simonetti\" \/>\n<meta property=\"og:description\" content=\"&nbsp; A anemia \u00e9 definida pela Organiza\u00e7\u00e3o Mundial de Sa\u00fade como uma condi\u00e7\u00e3o de sa\u00fade prec\u00e1ria na qual o conte\u00fado de hemoglobina no sangue est\u00e1 abaixo do normal. Segundo a&hellip;\" \/>\n<meta property=\"og:url\" content=\"https:\/\/andreasimonetti.com.br\/blog\/a-ameaca-da-anemia\/\" \/>\n<meta property=\"og:site_name\" content=\"Andrea Simonetti\" \/>\n<meta property=\"article:publisher\" content=\"https:\/\/www.facebook.com\/blogdaandreasimonetti\/\" \/>\n<meta property=\"article:author\" content=\"https:\/\/www.facebook.com\/blogdaandreasimonetti\/\" \/>\n<meta property=\"article:published_time\" content=\"2015-05-20T20:28:03+00:00\" \/>\n<meta property=\"article:modified_time\" content=\"2018-05-25T10:44:33+00:00\" \/>\n<meta property=\"og:image\" content=\"https:\/\/andreasimonetti.com.br\/blog\/wp-content\/uploads\/2015\/05\/saiba-como-prevenir-e-curar-a-anemia1.jpg\" \/>\n\t<meta property=\"og:image:width\" content=\"1024\" \/>\n\t<meta property=\"og:image:height\" content=\"598\" \/>\n\t<meta property=\"og:image:type\" content=\"image\/jpeg\" \/>\n<meta name=\"author\" content=\"Andrea Simonetti\" \/>\n<meta name=\"twitter:card\" content=\"summary_large_image\" \/>\n<meta name=\"twitter:creator\" content=\"@https:\/\/twitter.com\/Andrea_Simoneti\" \/>\n<meta name=\"twitter:site\" content=\"@Andrea_Simoneti\" \/>\n<meta name=\"twitter:label1\" content=\"Escrito por\" \/>\n\t<meta name=\"twitter:data1\" content=\"Andrea Simonetti\" \/>\n\t<meta name=\"twitter:label2\" content=\"Est. tempo de leitura\" \/>\n\t<meta name=\"twitter:data2\" content=\"2 minutos\" \/>\n<!-- \/ Yoast SEO plugin. -->","yoast_head_json":{"title":"A amea\u00e7a da anemia - Andrea Simonetti","robots":{"index":"index","follow":"follow","max-snippet":"max-snippet:-1","max-image-preview":"max-image-preview:large","max-video-preview":"max-video-preview:-1"},"canonical":"https:\/\/andreasimonetti.com.br\/blog\/a-ameaca-da-anemia\/","og_locale":"pt_BR","og_type":"article","og_title":"A amea\u00e7a da anemia - Andrea Simonetti","og_description":"&nbsp; A anemia \u00e9 definida pela Organiza\u00e7\u00e3o Mundial de Sa\u00fade como uma condi\u00e7\u00e3o de sa\u00fade prec\u00e1ria na qual o conte\u00fado de hemoglobina no sangue est\u00e1 abaixo do normal. Segundo a&hellip;","og_url":"https:\/\/andreasimonetti.com.br\/blog\/a-ameaca-da-anemia\/","og_site_name":"Andrea Simonetti","article_publisher":"https:\/\/www.facebook.com\/blogdaandreasimonetti\/","article_author":"https:\/\/www.facebook.com\/blogdaandreasimonetti\/","article_published_time":"2015-05-20T20:28:03+00:00","article_modified_time":"2018-05-25T10:44:33+00:00","og_image":[{"width":1024,"height":598,"url":"https:\/\/andreasimonetti.com.br\/blog\/wp-content\/uploads\/2015\/05\/saiba-como-prevenir-e-curar-a-anemia1.jpg","type":"image\/jpeg"}],"author":"Andrea Simonetti","twitter_card":"summary_large_image","twitter_creator":"@https:\/\/twitter.com\/Andrea_Simoneti","twitter_site":"@Andrea_Simoneti","twitter_misc":{"Escrito por":"Andrea Simonetti","Est. tempo de leitura":"2 minutos"},"schema":{"@context":"https:\/\/schema.org","@graph":[{"@type":"WebPage","@id":"https:\/\/andreasimonetti.com.br\/blog\/a-ameaca-da-anemia\/","url":"https:\/\/andreasimonetti.com.br\/blog\/a-ameaca-da-anemia\/","name":"A amea\u00e7a da anemia - Andrea Simonetti","isPartOf":{"@id":"https:\/\/andreasimonetti.com.br\/blog\/#website"},"primaryImageOfPage":{"@id":"https:\/\/andreasimonetti.com.br\/blog\/a-ameaca-da-anemia\/#primaryimage"},"image":{"@id":"https:\/\/andreasimonetti.com.br\/blog\/a-ameaca-da-anemia\/#primaryimage"},"thumbnailUrl":"https:\/\/andreasimonetti.com.br\/blog\/wp-content\/uploads\/2015\/05\/saiba-como-prevenir-e-curar-a-anemia1.jpg","datePublished":"2015-05-20T20:28:03+00:00","dateModified":"2018-05-25T10:44:33+00:00","author":{"@id":"https:\/\/andreasimonetti.com.br\/blog\/#\/schema\/person\/254f763c24ac288e27ea738a7366ad2a"},"breadcrumb":{"@id":"https:\/\/andreasimonetti.com.br\/blog\/a-ameaca-da-anemia\/#breadcrumb"},"inLanguage":"pt-BR","potentialAction":[{"@type":"ReadAction","target":["https:\/\/andreasimonetti.com.br\/blog\/a-ameaca-da-anemia\/"]}]},{"@type":"ImageObject","inLanguage":"pt-BR","@id":"https:\/\/andreasimonetti.com.br\/blog\/a-ameaca-da-anemia\/#primaryimage","url":"https:\/\/andreasimonetti.com.br\/blog\/wp-content\/uploads\/2015\/05\/saiba-como-prevenir-e-curar-a-anemia1.jpg","contentUrl":"https:\/\/andreasimonetti.com.br\/blog\/wp-content\/uploads\/2015\/05\/saiba-como-prevenir-e-curar-a-anemia1.jpg","width":1024,"height":598},{"@type":"BreadcrumbList","@id":"https:\/\/andreasimonetti.com.br\/blog\/a-ameaca-da-anemia\/#breadcrumb","itemListElement":[{"@type":"ListItem","position":1,"name":"In\u00edcio","item":"https:\/\/andreasimonetti.com.br\/blog\/"},{"@type":"ListItem","position":2,"name":"A amea\u00e7a da anemia"}]},{"@type":"WebSite","@id":"https:\/\/andreasimonetti.com.br\/blog\/#website","url":"https:\/\/andreasimonetti.com.br\/blog\/","name":"Andrea Simonetti","description":"","potentialAction":[{"@type":"SearchAction","target":{"@type":"EntryPoint","urlTemplate":"https:\/\/andreasimonetti.com.br\/blog\/?s={search_term_string}"},"query-input":{"@type":"PropertyValueSpecification","valueRequired":true,"valueName":"search_term_string"}}],"inLanguage":"pt-BR"},{"@type":"Person","@id":"https:\/\/andreasimonetti.com.br\/blog\/#\/schema\/person\/254f763c24ac288e27ea738a7366ad2a","name":"Andrea Simonetti","image":{"@type":"ImageObject","inLanguage":"pt-BR","@id":"https:\/\/andreasimonetti.com.br\/blog\/#\/schema\/person\/image\/","url":"https:\/\/andreasimonetti.com.br\/blog\/wp-content\/uploads\/2018\/04\/andrea-simonetti-96x96.png","contentUrl":"https:\/\/andreasimonetti.com.br\/blog\/wp-content\/uploads\/2018\/04\/andrea-simonetti-96x96.png","caption":"Andrea Simonetti"},"description":"Sou formada em Administra\u00e7\u00e3o de Empresas, Produ\u00e7\u00e3o de Moda pelo SENAC e Consultoria de Estilo. Sou fascinada por moda desde sempre, adoro ver as pessoas produzidas e de bem com a vida. Moda \u00e9 o meu assunto preferido. Comecei meu blog em 2011, ele cresceu e hoje \u00e9 um site bem mais abrangente, onde eu falo sobre moda e meu trabalho de consultora de estilo. E falo tamb\u00e9m sobre a minha experi\u00eancia de vida. Mas antes de tudo, acredito num Deus Soberano que nos guia e aben\u00e7oa, o tempo todo!","sameAs":["https:\/\/www.andreasimonetti.com.br\/","https:\/\/www.facebook.com\/blogdaandreasimonetti\/","https:\/\/www.instagram.com\/andrea_simonetti\/","https:\/\/br.pinterest.com\/BlogAndrea\/","https:\/\/x.com\/https:\/\/twitter.com\/Andrea_Simoneti"],"url":"https:\/\/andreasimonetti.com.br\/blog\/author\/andrea\/"}]}},"_links":{"self":[{"href":"https:\/\/andreasimonetti.com.br\/blog\/wp-json\/wp\/v2\/posts\/13440","targetHints":{"allow":["GET"]}}],"collection":[{"href":"https:\/\/andreasimonetti.com.br\/blog\/wp-json\/wp\/v2\/posts"}],"about":[{"href":"https:\/\/andreasimonetti.com.br\/blog\/wp-json\/wp\/v2\/types\/post"}],"author":[{"embeddable":true,"href":"https:\/\/andreasimonetti.com.br\/blog\/wp-json\/wp\/v2\/users\/7"}],"replies":[{"embeddable":true,"href":"https:\/\/andreasimonetti.com.br\/blog\/wp-json\/wp\/v2\/comments?post=13440"}],"version-history":[{"count":0,"href":"https:\/\/andreasimonetti.com.br\/blog\/wp-json\/wp\/v2\/posts\/13440\/revisions"}],"wp:featuredmedia":[{"embeddable":true,"href":"https:\/\/andreasimonetti.com.br\/blog\/wp-json\/wp\/v2\/media\/13441"}],"wp:attachment":[{"href":"https:\/\/andreasimonetti.com.br\/blog\/wp-json\/wp\/v2\/media?parent=13440"}],"wp:term":[{"taxonomy":"category","embeddable":true,"href":"https:\/\/andreasimonetti.com.br\/blog\/wp-json\/wp\/v2\/categories?post=13440"},{"taxonomy":"post_tag","embeddable":true,"href":"https:\/\/andreasimonetti.com.br\/blog\/wp-json\/wp\/v2\/tags?post=13440"}],"curies":[{"name":"wp","href":"https:\/\/api.w.org\/{rel}","templated":true}]}}