{"id":13166,"date":"2015-03-29T14:26:25","date_gmt":"2015-03-29T17:26:25","guid":{"rendered":"http:\/\/blogdaandreasimonetti.com.br\/?p=13166"},"modified":"2018-05-25T08:52:09","modified_gmt":"2018-05-25T11:52:09","slug":"fast-news-7","status":"publish","type":"post","link":"https:\/\/andreasimonetti.com.br\/blog\/fast-news-7\/","title":{"rendered":"Fast News !!!"},"content":{"rendered":"<div id=\"attachment_12995\" style=\"width: 710px\" class=\"wp-caption aligncenter\"><a href=\"http:\/\/blogdaandreasimonetti.com.br\/wp-content\/uploads\/2015\/03\/extravagance.jpg\" data-rel=\"penci-gallery-image-content\" ><img loading=\"lazy\" decoding=\"async\" aria-describedby=\"caption-attachment-12995\" class=\"wp-image-12995\" src=\"http:\/\/blogdaandreasimonetti.com.br\/wp-content\/uploads\/2015\/03\/extravagance.jpg\" alt=\"extravagance\" width=\"700\" height=\"1048\" \/><\/a><p id=\"caption-attachment-12995\" class=\"wp-caption-text\">A Loja Extravagance lan\u00e7ou sua cole\u00e7\u00e3o outono inverno 2015 com um desfile de modas.<\/p><\/div>\n<div id=\"attachment_13006\" style=\"width: 710px\" class=\"wp-caption aligncenter\"><a href=\"http:\/\/blogdaandreasimonetti.com.br\/wp-content\/uploads\/2015\/03\/carmen-steffens.jpg\" data-rel=\"penci-gallery-image-content\" ><img loading=\"lazy\" decoding=\"async\" aria-describedby=\"caption-attachment-13006\" class=\"wp-image-13006\" src=\"http:\/\/blogdaandreasimonetti.com.br\/wp-content\/uploads\/2015\/03\/carmen-steffens.jpg\" alt=\"carmen steffens\" width=\"700\" height=\"1048\" \/><\/a><p id=\"caption-attachment-13006\" class=\"wp-caption-text\">Para lan\u00e7ar seu outono inverno a Carmen Steffens reuniu muita gente bonita.<\/p><\/div>\n<div id=\"attachment_12996\" style=\"width: 710px\" class=\"wp-caption aligncenter\"><a href=\"http:\/\/blogdaandreasimonetti.com.br\/wp-content\/uploads\/2015\/03\/page.jpg\" data-rel=\"penci-gallery-image-content\" ><img loading=\"lazy\" decoding=\"async\" aria-describedby=\"caption-attachment-12996\" class=\"wp-image-12996 size-full\" src=\"http:\/\/blogdaandreasimonetti.com.br\/wp-content\/uploads\/2015\/03\/page.jpg\" alt=\"page\" width=\"700\" height=\"600\" \/><\/a><p id=\"caption-attachment-12996\" class=\"wp-caption-text\">Brigitte Acess\u00f3rios que agora est\u00e1 sob a dire\u00e7\u00e3o de Priscilla Meneghetti lan\u00e7ou sua cole\u00e7\u00e3o com um lindo desfile.<\/p><\/div>\n<div id=\"attachment_12997\" style=\"width: 710px\" class=\"wp-caption aligncenter\"><a href=\"http:\/\/blogdaandreasimonetti.com.br\/wp-content\/uploads\/2015\/03\/page1.jpg\" data-rel=\"penci-gallery-image-content\" ><img loading=\"lazy\" decoding=\"async\" aria-describedby=\"caption-attachment-12997\" class=\"wp-image-12997 size-full\" src=\"http:\/\/blogdaandreasimonetti.com.br\/wp-content\/uploads\/2015\/03\/page1.jpg\" alt=\"page\" width=\"700\" height=\"600\" \/><\/a><p id=\"caption-attachment-12997\" class=\"wp-caption-text\">A Cavalera do Boulevard Shopping lan\u00e7ou sua cole\u00e7\u00e3o outono inverno , na foto Israel kempa, consultor de estilo da loja.<\/p><\/div>\n<div id=\"attachment_12998\" style=\"width: 710px\" class=\"wp-caption aligncenter\"><a href=\"http:\/\/blogdaandreasimonetti.com.br\/wp-content\/uploads\/2015\/03\/pedagio.jpg\" data-rel=\"penci-gallery-image-content\" ><img loading=\"lazy\" decoding=\"async\" aria-describedby=\"caption-attachment-12998\" class=\"wp-image-12998\" src=\"http:\/\/blogdaandreasimonetti.com.br\/wp-content\/uploads\/2015\/03\/pedagio.jpg\" alt=\"pedagio\" width=\"700\" height=\"700\" \/><\/a><p id=\"caption-attachment-12998\" class=\"wp-caption-text\">A Loja Ped\u00e1gio lan\u00e7ou sua cole\u00e7\u00e3o de outono inverno com um delicioso Ch\u00e1 da Tarde. Na foto o blogger Gustavo Barreto gerente da loja.<\/p><\/div>\n<div id=\"attachment_12999\" style=\"width: 710px\" class=\"wp-caption aligncenter\"><a href=\"http:\/\/blogdaandreasimonetti.com.br\/wp-content\/uploads\/2015\/03\/salambo.jpg\" data-rel=\"penci-gallery-image-content\" ><img loading=\"lazy\" decoding=\"async\" aria-describedby=\"caption-attachment-12999\" class=\"wp-image-12999\" src=\"http:\/\/blogdaandreasimonetti.com.br\/wp-content\/uploads\/2015\/03\/salambo.jpg\" alt=\"salambo\" width=\"700\" height=\"700\" \/><\/a><p id=\"caption-attachment-12999\" class=\"wp-caption-text\">A linda Karin da Salammb\u00f4 Cal\u00e7ados recebeu suas convidadas na ter\u00e7a-feira para lan\u00e7ar a cole\u00e7\u00e3o outono inverno das marcas: Coven, Cavage, Luiza Barcelos, Paula Bahia e Zeferino.<\/p><\/div>\n<div id=\"attachment_13000\" style=\"width: 710px\" class=\"wp-caption aligncenter\"><a href=\"http:\/\/blogdaandreasimonetti.com.br\/wp-content\/uploads\/2015\/03\/apas.jpg\" data-rel=\"penci-gallery-image-content\" ><img loading=\"lazy\" decoding=\"async\" aria-describedby=\"caption-attachment-13000\" class=\"wp-image-13000\" src=\"http:\/\/blogdaandreasimonetti.com.br\/wp-content\/uploads\/2015\/03\/apas.jpg\" alt=\"apas\" width=\"700\" height=\"1048\" \/><\/a><p id=\"caption-attachment-13000\" class=\"wp-caption-text\">Acompanhei meu marido Rog\u00e9rio Franco no jantar da APAS &#8211; Associa\u00e7\u00e3o Paulista de Supermercados.<\/p><\/div>\n","protected":false},"excerpt":{"rendered":"","protected":false},"author":7,"featured_media":0,"comment_status":"open","ping_status":"open","sticky":false,"template":"","format":"standard","meta":{"_monsterinsights_skip_tracking":false,"_monsterinsights_sitenote_active":false,"_monsterinsights_sitenote_note":"","_monsterinsights_sitenote_category":0,"footnotes":""},"categories":[1508],"tags":[2331],"class_list":["post-13166","post","type-post","status-publish","format-standard","hentry","category-destaque","tag-fast-news"],"yoast_head":"<!-- This site is optimized with the Yoast SEO plugin v26.3 - https:\/\/yoast.com\/wordpress\/plugins\/seo\/ -->\n<title>Fast News !!! - Andrea Simonetti<\/title>\n<meta name=\"robots\" content=\"index, follow, max-snippet:-1, max-image-preview:large, max-video-preview:-1\" \/>\n<link rel=\"canonical\" href=\"https:\/\/andreasimonetti.com.br\/blog\/fast-news-7\/\" \/>\n<meta property=\"og:locale\" content=\"pt_BR\" \/>\n<meta property=\"og:type\" content=\"article\" \/>\n<meta property=\"og:title\" content=\"Fast News !!! - Andrea Simonetti\" \/>\n<meta property=\"og:url\" content=\"https:\/\/andreasimonetti.com.br\/blog\/fast-news-7\/\" \/>\n<meta property=\"og:site_name\" content=\"Andrea Simonetti\" \/>\n<meta property=\"article:publisher\" content=\"https:\/\/www.facebook.com\/blogdaandreasimonetti\/\" \/>\n<meta property=\"article:author\" content=\"https:\/\/www.facebook.com\/blogdaandreasimonetti\/\" \/>\n<meta property=\"article:published_time\" content=\"2015-03-29T17:26:25+00:00\" \/>\n<meta property=\"article:modified_time\" content=\"2018-05-25T11:52:09+00:00\" \/>\n<meta property=\"og:image\" content=\"http:\/\/blogdaandreasimonetti.com.br\/wp-content\/uploads\/2015\/03\/extravagance.jpg\" \/>\n<meta name=\"author\" content=\"Andrea Simonetti\" \/>\n<meta name=\"twitter:card\" content=\"summary_large_image\" \/>\n<meta name=\"twitter:creator\" content=\"@https:\/\/twitter.com\/Andrea_Simoneti\" \/>\n<meta name=\"twitter:site\" content=\"@Andrea_Simoneti\" \/>\n<meta name=\"twitter:label1\" content=\"Escrito por\" \/>\n\t<meta name=\"twitter:data1\" content=\"Andrea Simonetti\" \/>\n\t<meta name=\"twitter:label2\" content=\"Est. tempo de leitura\" \/>\n\t<meta name=\"twitter:data2\" content=\"1 minuto\" \/>\n<!-- \/ Yoast SEO plugin. -->","yoast_head_json":{"title":"Fast News !!! - Andrea Simonetti","robots":{"index":"index","follow":"follow","max-snippet":"max-snippet:-1","max-image-preview":"max-image-preview:large","max-video-preview":"max-video-preview:-1"},"canonical":"https:\/\/andreasimonetti.com.br\/blog\/fast-news-7\/","og_locale":"pt_BR","og_type":"article","og_title":"Fast News !!! - Andrea Simonetti","og_url":"https:\/\/andreasimonetti.com.br\/blog\/fast-news-7\/","og_site_name":"Andrea Simonetti","article_publisher":"https:\/\/www.facebook.com\/blogdaandreasimonetti\/","article_author":"https:\/\/www.facebook.com\/blogdaandreasimonetti\/","article_published_time":"2015-03-29T17:26:25+00:00","article_modified_time":"2018-05-25T11:52:09+00:00","og_image":[{"url":"http:\/\/blogdaandreasimonetti.com.br\/wp-content\/uploads\/2015\/03\/extravagance.jpg","type":"","width":"","height":""}],"author":"Andrea Simonetti","twitter_card":"summary_large_image","twitter_creator":"@https:\/\/twitter.com\/Andrea_Simoneti","twitter_site":"@Andrea_Simoneti","twitter_misc":{"Escrito por":"Andrea Simonetti","Est. tempo de leitura":"1 minuto"},"schema":{"@context":"https:\/\/schema.org","@graph":[{"@type":"WebPage","@id":"https:\/\/andreasimonetti.com.br\/blog\/fast-news-7\/","url":"https:\/\/andreasimonetti.com.br\/blog\/fast-news-7\/","name":"Fast News !!! - Andrea Simonetti","isPartOf":{"@id":"https:\/\/andreasimonetti.com.br\/blog\/#website"},"primaryImageOfPage":{"@id":"https:\/\/andreasimonetti.com.br\/blog\/fast-news-7\/#primaryimage"},"image":{"@id":"https:\/\/andreasimonetti.com.br\/blog\/fast-news-7\/#primaryimage"},"thumbnailUrl":"http:\/\/blogdaandreasimonetti.com.br\/wp-content\/uploads\/2015\/03\/extravagance.jpg","datePublished":"2015-03-29T17:26:25+00:00","dateModified":"2018-05-25T11:52:09+00:00","author":{"@id":"https:\/\/andreasimonetti.com.br\/blog\/#\/schema\/person\/254f763c24ac288e27ea738a7366ad2a"},"breadcrumb":{"@id":"https:\/\/andreasimonetti.com.br\/blog\/fast-news-7\/#breadcrumb"},"inLanguage":"pt-BR","potentialAction":[{"@type":"ReadAction","target":["https:\/\/andreasimonetti.com.br\/blog\/fast-news-7\/"]}]},{"@type":"ImageObject","inLanguage":"pt-BR","@id":"https:\/\/andreasimonetti.com.br\/blog\/fast-news-7\/#primaryimage","url":"http:\/\/blogdaandreasimonetti.com.br\/wp-content\/uploads\/2015\/03\/extravagance.jpg","contentUrl":"http:\/\/blogdaandreasimonetti.com.br\/wp-content\/uploads\/2015\/03\/extravagance.jpg"},{"@type":"BreadcrumbList","@id":"https:\/\/andreasimonetti.com.br\/blog\/fast-news-7\/#breadcrumb","itemListElement":[{"@type":"ListItem","position":1,"name":"In\u00edcio","item":"https:\/\/andreasimonetti.com.br\/blog\/"},{"@type":"ListItem","position":2,"name":"Fast News !!!"}]},{"@type":"WebSite","@id":"https:\/\/andreasimonetti.com.br\/blog\/#website","url":"https:\/\/andreasimonetti.com.br\/blog\/","name":"Andrea Simonetti","description":"","potentialAction":[{"@type":"SearchAction","target":{"@type":"EntryPoint","urlTemplate":"https:\/\/andreasimonetti.com.br\/blog\/?s={search_term_string}"},"query-input":{"@type":"PropertyValueSpecification","valueRequired":true,"valueName":"search_term_string"}}],"inLanguage":"pt-BR"},{"@type":"Person","@id":"https:\/\/andreasimonetti.com.br\/blog\/#\/schema\/person\/254f763c24ac288e27ea738a7366ad2a","name":"Andrea Simonetti","image":{"@type":"ImageObject","inLanguage":"pt-BR","@id":"https:\/\/andreasimonetti.com.br\/blog\/#\/schema\/person\/image\/","url":"https:\/\/andreasimonetti.com.br\/blog\/wp-content\/uploads\/2018\/04\/andrea-simonetti-96x96.png","contentUrl":"https:\/\/andreasimonetti.com.br\/blog\/wp-content\/uploads\/2018\/04\/andrea-simonetti-96x96.png","caption":"Andrea Simonetti"},"description":"Sou formada em Administra\u00e7\u00e3o de Empresas, Produ\u00e7\u00e3o de Moda pelo SENAC e Consultoria de Estilo. Sou fascinada por moda desde sempre, adoro ver as pessoas produzidas e de bem com a vida. Moda \u00e9 o meu assunto preferido. Comecei meu blog em 2011, ele cresceu e hoje \u00e9 um site bem mais abrangente, onde eu falo sobre moda e meu trabalho de consultora de estilo. E falo tamb\u00e9m sobre a minha experi\u00eancia de vida. Mas antes de tudo, acredito num Deus Soberano que nos guia e aben\u00e7oa, o tempo todo!","sameAs":["https:\/\/www.andreasimonetti.com.br\/","https:\/\/www.facebook.com\/blogdaandreasimonetti\/","https:\/\/www.instagram.com\/andrea_simonetti\/","https:\/\/br.pinterest.com\/BlogAndrea\/","https:\/\/x.com\/https:\/\/twitter.com\/Andrea_Simoneti"],"url":"https:\/\/andreasimonetti.com.br\/blog\/author\/andrea\/"}]}},"_links":{"self":[{"href":"https:\/\/andreasimonetti.com.br\/blog\/wp-json\/wp\/v2\/posts\/13166","targetHints":{"allow":["GET"]}}],"collection":[{"href":"https:\/\/andreasimonetti.com.br\/blog\/wp-json\/wp\/v2\/posts"}],"about":[{"href":"https:\/\/andreasimonetti.com.br\/blog\/wp-json\/wp\/v2\/types\/post"}],"author":[{"embeddable":true,"href":"https:\/\/andreasimonetti.com.br\/blog\/wp-json\/wp\/v2\/users\/7"}],"replies":[{"embeddable":true,"href":"https:\/\/andreasimonetti.com.br\/blog\/wp-json\/wp\/v2\/comments?post=13166"}],"version-history":[{"count":0,"href":"https:\/\/andreasimonetti.com.br\/blog\/wp-json\/wp\/v2\/posts\/13166\/revisions"}],"wp:attachment":[{"href":"https:\/\/andreasimonetti.com.br\/blog\/wp-json\/wp\/v2\/media?parent=13166"}],"wp:term":[{"taxonomy":"category","embeddable":true,"href":"https:\/\/andreasimonetti.com.br\/blog\/wp-json\/wp\/v2\/categories?post=13166"},{"taxonomy":"post_tag","embeddable":true,"href":"https:\/\/andreasimonetti.com.br\/blog\/wp-json\/wp\/v2\/tags?post=13166"}],"curies":[{"name":"wp","href":"https:\/\/api.w.org\/{rel}","templated":true}]}}