{"id":13138,"date":"2015-03-08T19:26:55","date_gmt":"2015-03-08T22:26:55","guid":{"rendered":"http:\/\/blogdaandreasimonetti.com.br\/?p=13138"},"modified":"2018-05-25T08:52:09","modified_gmt":"2018-05-25T11:52:09","slug":"fast-news-4","status":"publish","type":"post","link":"https:\/\/andreasimonetti.com.br\/blog\/fast-news-4\/","title":{"rendered":"Fast News!"},"content":{"rendered":"<p>&nbsp;<\/p>\n<h3>Os atores Chris Evans, o Capit\u00e3o Am\u00e9rica, e Chris Pratt visitaram o hospital infantil Seattle Children&#8217;s nos Estados Unidos e fizeram a festa dos pequenos.<br \/>\n<a href=\"http:\/\/diversao.terra.com.br\/gente\/como-capitao-america-chris-evans-visita-hospital-infantil,aaf205307bafb410VgnVCM10000098cceb0aRCRD.html\">Clique aqui<\/a>.<br \/>\n<a href=\"http:\/\/blogdaandreasimonetti.com.br\/wp-content\/uploads\/2015\/03\/ca.jpg\" data-rel=\"penci-gallery-image-content\" ><img loading=\"lazy\" decoding=\"async\" class=\"aligncenter wp-image-12854\" src=\"http:\/\/blogdaandreasimonetti.com.br\/wp-content\/uploads\/2015\/03\/ca.jpg\" alt=\"ca\" width=\"700\" height=\"466\" \/><\/a><\/h3>\n<h3>Modelagens amplas e sobreposi\u00e7\u00f5es dominam o desfile da maison Kenzo, durante a Semana de Moda de Paris.<br \/>\n<a href=\"http:\/\/mulher.uol.com.br\/moda\/album\/2015\/03\/04\/veja-as-tendencias-para-o-inverno-2015-nas-passarelas-da-semana-de-moda-de-paris.htm?abrefoto=44\">Clique aqui.<\/a><\/h3>\n<p><a href=\"http:\/\/blogdaandreasimonetti.com.br\/wp-content\/uploads\/2015\/03\/kenzo.jpg\" data-rel=\"penci-gallery-image-content\" ><img loading=\"lazy\" decoding=\"async\" class=\"aligncenter wp-image-12855\" src=\"http:\/\/blogdaandreasimonetti.com.br\/wp-content\/uploads\/2015\/03\/kenzo.jpg\" alt=\"kenzo\" width=\"700\" height=\"1052\" \/><\/a><\/p>\n<h3>NK lan\u00e7a linha de roupas para C&amp;A a partir do dia 10 voc\u00ea encontra em lojas selecionadas.<br \/>\n<a href=\"http:\/\/chic.uol.com.br\/salvar-foto\/nova-linha-da-plataforma-collection-nk-para-c-a-chega-as-lojas-em-todo-brasil-saiba-o-que-voce-vai-encontrar-nas-araras\/250628\">Clique aqui<\/a>.<\/h3>\n<p><a href=\"http:\/\/blogdaandreasimonetti.com.br\/wp-content\/uploads\/2015\/03\/nk-c-a-suki-waterhouse.jpg\" data-rel=\"penci-gallery-image-content\" ><img loading=\"lazy\" decoding=\"async\" class=\"aligncenter wp-image-12856\" src=\"http:\/\/blogdaandreasimonetti.com.br\/wp-content\/uploads\/2015\/03\/nk-c-a-suki-waterhouse.jpg\" alt=\"nk-c-a-suki-waterhouse\" width=\"700\" height=\"508\" \/><\/a><\/p>\n<h3>L&#8217;OR\u00c9AL lan\u00e7a produto que apaga rugas de efeito imediato.<br \/>\n<a href=\"http:\/\/ffw.com.br\/noticias\/beleza\/loreal-lanca-produto-que-apaga-rugas-juliana-paes-e-apresentada-como-porta-voz\/\">Clique aqui<\/a>.<br \/>\n<a href=\"http:\/\/blogdaandreasimonetti.com.br\/wp-content\/uploads\/2015\/03\/loreal-paris-revitalift-blur-magico-juliana-paes-porta-voz.jpg\" data-rel=\"penci-gallery-image-content\" ><img loading=\"lazy\" decoding=\"async\" class=\"aligncenter wp-image-12857\" src=\"http:\/\/blogdaandreasimonetti.com.br\/wp-content\/uploads\/2015\/03\/loreal-paris-revitalift-blur-magico-juliana-paes-porta-voz.jpg\" alt=\"loreal-paris-revitalift-blur-magico-juliana-paes-porta-voz\" width=\"700\" height=\"467\" \/><\/a><\/h3>\n<p>&nbsp;<\/p>\n<h3>Alexandre Birman apresentou sua cole\u00e7\u00e3o em Paris, as pe\u00e7as chegam ao Brasil somente em maio.<br \/>\n<a href=\"http:\/\/vogue.globo.com\/moda\/moda-news\/noticia\/2015\/03\/alexandre-birman-apresenta-colercao-de-inverno-sexy-e-seventies-em-paris.html\">Veja mais aqui<\/a>.<\/h3>\n<p><a href=\"http:\/\/blogdaandreasimonetti.com.br\/wp-content\/uploads\/2015\/03\/alexa.jpg\" data-rel=\"penci-gallery-image-content\" ><img loading=\"lazy\" decoding=\"async\" class=\"aligncenter size-full wp-image-12853\" src=\"http:\/\/blogdaandreasimonetti.com.br\/wp-content\/uploads\/2015\/03\/alexa.jpg\" alt=\"alexa\" width=\"870\" height=\"918\" \/><\/a><\/p>\n","protected":false},"excerpt":{"rendered":"<p>&nbsp; Os atores Chris Evans, o Capit\u00e3o Am\u00e9rica, e Chris Pratt visitaram o hospital infantil Seattle Children&#8217;s nos Estados Unidos e fizeram a festa dos pequenos. Clique aqui. Modelagens amplas&hellip;<\/p>\n","protected":false},"author":7,"featured_media":0,"comment_status":"open","ping_status":"open","sticky":false,"template":"","format":"standard","meta":{"_monsterinsights_skip_tracking":false,"_monsterinsights_sitenote_active":false,"_monsterinsights_sitenote_note":"","_monsterinsights_sitenote_category":0,"footnotes":""},"categories":[1508],"tags":[2029,2030,2331,1195,2031],"class_list":["post-13138","post","type-post","status-publish","format-standard","hentry","category-destaque","tag-alexandre-birman","tag-capitao-america","tag-fast-news","tag-kenzo","tag-nk"],"yoast_head":"<!-- This site is optimized with the Yoast SEO plugin v26.3 - https:\/\/yoast.com\/wordpress\/plugins\/seo\/ -->\n<title>Fast News! - Andrea Simonetti<\/title>\n<meta name=\"robots\" content=\"index, follow, max-snippet:-1, max-image-preview:large, max-video-preview:-1\" \/>\n<link rel=\"canonical\" href=\"https:\/\/andreasimonetti.com.br\/blog\/fast-news-4\/\" \/>\n<meta property=\"og:locale\" content=\"pt_BR\" \/>\n<meta property=\"og:type\" content=\"article\" \/>\n<meta property=\"og:title\" content=\"Fast News! - Andrea Simonetti\" \/>\n<meta property=\"og:description\" content=\"&nbsp; Os atores Chris Evans, o Capit\u00e3o Am\u00e9rica, e Chris Pratt visitaram o hospital infantil Seattle Children&#8217;s nos Estados Unidos e fizeram a festa dos pequenos. Clique aqui. Modelagens amplas&hellip;\" \/>\n<meta property=\"og:url\" content=\"https:\/\/andreasimonetti.com.br\/blog\/fast-news-4\/\" \/>\n<meta property=\"og:site_name\" content=\"Andrea Simonetti\" \/>\n<meta property=\"article:publisher\" content=\"https:\/\/www.facebook.com\/blogdaandreasimonetti\/\" \/>\n<meta property=\"article:author\" content=\"https:\/\/www.facebook.com\/blogdaandreasimonetti\/\" \/>\n<meta property=\"article:published_time\" content=\"2015-03-08T22:26:55+00:00\" \/>\n<meta property=\"article:modified_time\" content=\"2018-05-25T11:52:09+00:00\" \/>\n<meta property=\"og:image\" content=\"http:\/\/blogdaandreasimonetti.com.br\/wp-content\/uploads\/2015\/03\/ca.jpg\" \/>\n<meta name=\"author\" content=\"Andrea Simonetti\" \/>\n<meta name=\"twitter:card\" content=\"summary_large_image\" \/>\n<meta name=\"twitter:creator\" content=\"@https:\/\/twitter.com\/Andrea_Simoneti\" \/>\n<meta name=\"twitter:site\" content=\"@Andrea_Simoneti\" \/>\n<meta name=\"twitter:label1\" content=\"Escrito por\" \/>\n\t<meta name=\"twitter:data1\" content=\"Andrea Simonetti\" \/>\n\t<meta name=\"twitter:label2\" content=\"Est. tempo de leitura\" \/>\n\t<meta name=\"twitter:data2\" content=\"1 minuto\" \/>\n<!-- \/ Yoast SEO plugin. -->","yoast_head_json":{"title":"Fast News! - Andrea Simonetti","robots":{"index":"index","follow":"follow","max-snippet":"max-snippet:-1","max-image-preview":"max-image-preview:large","max-video-preview":"max-video-preview:-1"},"canonical":"https:\/\/andreasimonetti.com.br\/blog\/fast-news-4\/","og_locale":"pt_BR","og_type":"article","og_title":"Fast News! - Andrea Simonetti","og_description":"&nbsp; Os atores Chris Evans, o Capit\u00e3o Am\u00e9rica, e Chris Pratt visitaram o hospital infantil Seattle Children&#8217;s nos Estados Unidos e fizeram a festa dos pequenos. Clique aqui. Modelagens amplas&hellip;","og_url":"https:\/\/andreasimonetti.com.br\/blog\/fast-news-4\/","og_site_name":"Andrea Simonetti","article_publisher":"https:\/\/www.facebook.com\/blogdaandreasimonetti\/","article_author":"https:\/\/www.facebook.com\/blogdaandreasimonetti\/","article_published_time":"2015-03-08T22:26:55+00:00","article_modified_time":"2018-05-25T11:52:09+00:00","og_image":[{"url":"http:\/\/blogdaandreasimonetti.com.br\/wp-content\/uploads\/2015\/03\/ca.jpg","type":"","width":"","height":""}],"author":"Andrea Simonetti","twitter_card":"summary_large_image","twitter_creator":"@https:\/\/twitter.com\/Andrea_Simoneti","twitter_site":"@Andrea_Simoneti","twitter_misc":{"Escrito por":"Andrea Simonetti","Est. tempo de leitura":"1 minuto"},"schema":{"@context":"https:\/\/schema.org","@graph":[{"@type":"WebPage","@id":"https:\/\/andreasimonetti.com.br\/blog\/fast-news-4\/","url":"https:\/\/andreasimonetti.com.br\/blog\/fast-news-4\/","name":"Fast News! - Andrea Simonetti","isPartOf":{"@id":"https:\/\/andreasimonetti.com.br\/blog\/#website"},"primaryImageOfPage":{"@id":"https:\/\/andreasimonetti.com.br\/blog\/fast-news-4\/#primaryimage"},"image":{"@id":"https:\/\/andreasimonetti.com.br\/blog\/fast-news-4\/#primaryimage"},"thumbnailUrl":"http:\/\/blogdaandreasimonetti.com.br\/wp-content\/uploads\/2015\/03\/ca.jpg","datePublished":"2015-03-08T22:26:55+00:00","dateModified":"2018-05-25T11:52:09+00:00","author":{"@id":"https:\/\/andreasimonetti.com.br\/blog\/#\/schema\/person\/254f763c24ac288e27ea738a7366ad2a"},"breadcrumb":{"@id":"https:\/\/andreasimonetti.com.br\/blog\/fast-news-4\/#breadcrumb"},"inLanguage":"pt-BR","potentialAction":[{"@type":"ReadAction","target":["https:\/\/andreasimonetti.com.br\/blog\/fast-news-4\/"]}]},{"@type":"ImageObject","inLanguage":"pt-BR","@id":"https:\/\/andreasimonetti.com.br\/blog\/fast-news-4\/#primaryimage","url":"http:\/\/blogdaandreasimonetti.com.br\/wp-content\/uploads\/2015\/03\/ca.jpg","contentUrl":"http:\/\/blogdaandreasimonetti.com.br\/wp-content\/uploads\/2015\/03\/ca.jpg"},{"@type":"BreadcrumbList","@id":"https:\/\/andreasimonetti.com.br\/blog\/fast-news-4\/#breadcrumb","itemListElement":[{"@type":"ListItem","position":1,"name":"In\u00edcio","item":"https:\/\/andreasimonetti.com.br\/blog\/"},{"@type":"ListItem","position":2,"name":"Fast News!"}]},{"@type":"WebSite","@id":"https:\/\/andreasimonetti.com.br\/blog\/#website","url":"https:\/\/andreasimonetti.com.br\/blog\/","name":"Andrea Simonetti","description":"","potentialAction":[{"@type":"SearchAction","target":{"@type":"EntryPoint","urlTemplate":"https:\/\/andreasimonetti.com.br\/blog\/?s={search_term_string}"},"query-input":{"@type":"PropertyValueSpecification","valueRequired":true,"valueName":"search_term_string"}}],"inLanguage":"pt-BR"},{"@type":"Person","@id":"https:\/\/andreasimonetti.com.br\/blog\/#\/schema\/person\/254f763c24ac288e27ea738a7366ad2a","name":"Andrea Simonetti","image":{"@type":"ImageObject","inLanguage":"pt-BR","@id":"https:\/\/andreasimonetti.com.br\/blog\/#\/schema\/person\/image\/","url":"https:\/\/andreasimonetti.com.br\/blog\/wp-content\/uploads\/2018\/04\/andrea-simonetti-96x96.png","contentUrl":"https:\/\/andreasimonetti.com.br\/blog\/wp-content\/uploads\/2018\/04\/andrea-simonetti-96x96.png","caption":"Andrea Simonetti"},"description":"Sou formada em Administra\u00e7\u00e3o de Empresas, Produ\u00e7\u00e3o de Moda pelo SENAC e Consultoria de Estilo. Sou fascinada por moda desde sempre, adoro ver as pessoas produzidas e de bem com a vida. Moda \u00e9 o meu assunto preferido. Comecei meu blog em 2011, ele cresceu e hoje \u00e9 um site bem mais abrangente, onde eu falo sobre moda e meu trabalho de consultora de estilo. E falo tamb\u00e9m sobre a minha experi\u00eancia de vida. Mas antes de tudo, acredito num Deus Soberano que nos guia e aben\u00e7oa, o tempo todo!","sameAs":["https:\/\/www.andreasimonetti.com.br\/","https:\/\/www.facebook.com\/blogdaandreasimonetti\/","https:\/\/www.instagram.com\/andrea_simonetti\/","https:\/\/br.pinterest.com\/BlogAndrea\/","https:\/\/x.com\/https:\/\/twitter.com\/Andrea_Simoneti"],"url":"https:\/\/andreasimonetti.com.br\/blog\/author\/andrea\/"}]}},"_links":{"self":[{"href":"https:\/\/andreasimonetti.com.br\/blog\/wp-json\/wp\/v2\/posts\/13138","targetHints":{"allow":["GET"]}}],"collection":[{"href":"https:\/\/andreasimonetti.com.br\/blog\/wp-json\/wp\/v2\/posts"}],"about":[{"href":"https:\/\/andreasimonetti.com.br\/blog\/wp-json\/wp\/v2\/types\/post"}],"author":[{"embeddable":true,"href":"https:\/\/andreasimonetti.com.br\/blog\/wp-json\/wp\/v2\/users\/7"}],"replies":[{"embeddable":true,"href":"https:\/\/andreasimonetti.com.br\/blog\/wp-json\/wp\/v2\/comments?post=13138"}],"version-history":[{"count":0,"href":"https:\/\/andreasimonetti.com.br\/blog\/wp-json\/wp\/v2\/posts\/13138\/revisions"}],"wp:attachment":[{"href":"https:\/\/andreasimonetti.com.br\/blog\/wp-json\/wp\/v2\/media?parent=13138"}],"wp:term":[{"taxonomy":"category","embeddable":true,"href":"https:\/\/andreasimonetti.com.br\/blog\/wp-json\/wp\/v2\/categories?post=13138"},{"taxonomy":"post_tag","embeddable":true,"href":"https:\/\/andreasimonetti.com.br\/blog\/wp-json\/wp\/v2\/tags?post=13138"}],"curies":[{"name":"wp","href":"https:\/\/api.w.org\/{rel}","templated":true}]}}