{"id":12693,"date":"2015-02-20T14:48:16","date_gmt":"2015-02-20T16:48:16","guid":{"rendered":"http:\/\/blogdaandreasimonetti.com.br\/?p=12693"},"modified":"2018-05-25T07:44:33","modified_gmt":"2018-05-25T10:44:33","slug":"os-beneficios-da-canela","status":"publish","type":"post","link":"https:\/\/andreasimonetti.com.br\/blog\/os-beneficios-da-canela\/","title":{"rendered":"Os benef\u00edcios da canela"},"content":{"rendered":"<h3><strong>Conhe\u00e7a os 5 \u00a0motivos para voc\u00ea adicionar canela \u00e0s suas receitas:<\/strong><\/h3>\n<p><strong>\u00a0<\/strong><\/p>\n<p>1: Tem propriedades anti-fungos, antibacterianas e anti-parasitas. A canela \u00e9 eficaz contra a candid\u00edase vaginal, candid\u00edase oral, \u00falceras estomacais e piolhos.<\/p>\n<p>2: Possui propriedades anti-inflamat\u00f3rias, ou seja, auxilia na redu\u00e7\u00e3o de ocasi\u00f5es dos ataques do cora\u00e7\u00e3o, dos movimentos e da doen\u00e7a card\u00edaca.<\/p>\n<p>3: Ajuda a diminuir o colesterol LDL, o colesterol total e os triglic\u00e9rides (\u00e1cidos graxos no sangue).<br \/>\n4: \u00c9 uma fonte excelente de mangan\u00eas, de ferro e de c\u00e1lcio. A combina\u00e7\u00e3o de c\u00e1lcio e de fibra pode ajudar a n\u00e3o utilizar a b\u00edlis, que previne dano \u00e0s c\u00e9lulas.<br \/>\n5: Alguns estudos em andamento sugerem que ao cheirar canela melhora a mem\u00f3ria.<\/p>\n<p><a href=\"http:\/\/blogdaandreasimonetti.com.br\/wp-content\/uploads\/2015\/02\/receita-b\u00e1sica-com-canela.jpg\" data-rel=\"penci-gallery-image-content\" ><img loading=\"lazy\" decoding=\"async\" class=\"aligncenter size-full wp-image-12695\" src=\"http:\/\/blogdaandreasimonetti.com.br\/wp-content\/uploads\/2015\/02\/receita-b\u00e1sica-com-canela.jpg\" alt=\"receita-b\u00e1sica-com-canela\" width=\"600\" height=\"400\" srcset=\"https:\/\/andreasimonetti.com.br\/blog\/wp-content\/uploads\/2015\/02\/receita-b\u00e1sica-com-canela.jpg 600w, https:\/\/andreasimonetti.com.br\/blog\/wp-content\/uploads\/2015\/02\/receita-b\u00e1sica-com-canela-300x200.jpg 300w\" sizes=\"auto, (max-width: 600px) 100vw, 600px\" \/><\/a><\/p>\n","protected":false},"excerpt":{"rendered":"<p>Conhe\u00e7a os 5 \u00a0motivos para voc\u00ea adicionar canela \u00e0s suas receitas: \u00a0 1: Tem propriedades anti-fungos, antibacterianas e anti-parasitas. A canela \u00e9 eficaz contra a candid\u00edase vaginal, candid\u00edase oral, \u00falceras&hellip;<\/p>\n","protected":false},"author":7,"featured_media":0,"comment_status":"open","ping_status":"open","sticky":false,"template":"","format":"standard","meta":{"_monsterinsights_skip_tracking":false,"_monsterinsights_sitenote_active":false,"_monsterinsights_sitenote_note":"","_monsterinsights_sitenote_category":0,"footnotes":""},"categories":[2670,2013],"tags":[2010],"class_list":["post-12693","post","type-post","status-publish","format-standard","hentry","category-bem-estar","category-lifestyle","tag-os-beneficios-da-canela"],"yoast_head":"<!-- This site is optimized with the Yoast SEO plugin v26.3 - https:\/\/yoast.com\/wordpress\/plugins\/seo\/ -->\n<title>Os benef\u00edcios da canela - Andrea Simonetti<\/title>\n<meta name=\"robots\" content=\"index, follow, max-snippet:-1, max-image-preview:large, max-video-preview:-1\" \/>\n<link rel=\"canonical\" href=\"https:\/\/andreasimonetti.com.br\/blog\/os-beneficios-da-canela\/\" \/>\n<meta property=\"og:locale\" content=\"pt_BR\" \/>\n<meta property=\"og:type\" content=\"article\" \/>\n<meta property=\"og:title\" content=\"Os benef\u00edcios da canela - Andrea Simonetti\" \/>\n<meta property=\"og:description\" content=\"Conhe\u00e7a os 5 \u00a0motivos para voc\u00ea adicionar canela \u00e0s suas receitas: \u00a0 1: Tem propriedades anti-fungos, antibacterianas e anti-parasitas. A canela \u00e9 eficaz contra a candid\u00edase vaginal, candid\u00edase oral, \u00falceras&hellip;\" \/>\n<meta property=\"og:url\" content=\"https:\/\/andreasimonetti.com.br\/blog\/os-beneficios-da-canela\/\" \/>\n<meta property=\"og:site_name\" content=\"Andrea Simonetti\" \/>\n<meta property=\"article:publisher\" content=\"https:\/\/www.facebook.com\/blogdaandreasimonetti\/\" \/>\n<meta property=\"article:author\" content=\"https:\/\/www.facebook.com\/blogdaandreasimonetti\/\" \/>\n<meta property=\"article:published_time\" content=\"2015-02-20T16:48:16+00:00\" \/>\n<meta property=\"article:modified_time\" content=\"2018-05-25T10:44:33+00:00\" \/>\n<meta name=\"author\" content=\"Andrea Simonetti\" \/>\n<meta name=\"twitter:card\" content=\"summary_large_image\" \/>\n<meta name=\"twitter:creator\" content=\"@https:\/\/twitter.com\/Andrea_Simoneti\" \/>\n<meta name=\"twitter:site\" content=\"@Andrea_Simoneti\" \/>\n<meta name=\"twitter:label1\" content=\"Escrito por\" \/>\n\t<meta name=\"twitter:data1\" content=\"Andrea Simonetti\" \/>\n\t<meta name=\"twitter:label2\" content=\"Est. tempo de leitura\" \/>\n\t<meta name=\"twitter:data2\" content=\"1 minuto\" \/>\n<!-- \/ Yoast SEO plugin. -->","yoast_head_json":{"title":"Os benef\u00edcios da canela - Andrea Simonetti","robots":{"index":"index","follow":"follow","max-snippet":"max-snippet:-1","max-image-preview":"max-image-preview:large","max-video-preview":"max-video-preview:-1"},"canonical":"https:\/\/andreasimonetti.com.br\/blog\/os-beneficios-da-canela\/","og_locale":"pt_BR","og_type":"article","og_title":"Os benef\u00edcios da canela - Andrea Simonetti","og_description":"Conhe\u00e7a os 5 \u00a0motivos para voc\u00ea adicionar canela \u00e0s suas receitas: \u00a0 1: Tem propriedades anti-fungos, antibacterianas e anti-parasitas. A canela \u00e9 eficaz contra a candid\u00edase vaginal, candid\u00edase oral, \u00falceras&hellip;","og_url":"https:\/\/andreasimonetti.com.br\/blog\/os-beneficios-da-canela\/","og_site_name":"Andrea Simonetti","article_publisher":"https:\/\/www.facebook.com\/blogdaandreasimonetti\/","article_author":"https:\/\/www.facebook.com\/blogdaandreasimonetti\/","article_published_time":"2015-02-20T16:48:16+00:00","article_modified_time":"2018-05-25T10:44:33+00:00","author":"Andrea Simonetti","twitter_card":"summary_large_image","twitter_creator":"@https:\/\/twitter.com\/Andrea_Simoneti","twitter_site":"@Andrea_Simoneti","twitter_misc":{"Escrito por":"Andrea Simonetti","Est. tempo de leitura":"1 minuto"},"schema":{"@context":"https:\/\/schema.org","@graph":[{"@type":"WebPage","@id":"https:\/\/andreasimonetti.com.br\/blog\/os-beneficios-da-canela\/","url":"https:\/\/andreasimonetti.com.br\/blog\/os-beneficios-da-canela\/","name":"Os benef\u00edcios da canela - Andrea Simonetti","isPartOf":{"@id":"https:\/\/andreasimonetti.com.br\/blog\/#website"},"datePublished":"2015-02-20T16:48:16+00:00","dateModified":"2018-05-25T10:44:33+00:00","author":{"@id":"https:\/\/andreasimonetti.com.br\/blog\/#\/schema\/person\/254f763c24ac288e27ea738a7366ad2a"},"breadcrumb":{"@id":"https:\/\/andreasimonetti.com.br\/blog\/os-beneficios-da-canela\/#breadcrumb"},"inLanguage":"pt-BR","potentialAction":[{"@type":"ReadAction","target":["https:\/\/andreasimonetti.com.br\/blog\/os-beneficios-da-canela\/"]}]},{"@type":"BreadcrumbList","@id":"https:\/\/andreasimonetti.com.br\/blog\/os-beneficios-da-canela\/#breadcrumb","itemListElement":[{"@type":"ListItem","position":1,"name":"In\u00edcio","item":"https:\/\/andreasimonetti.com.br\/blog\/"},{"@type":"ListItem","position":2,"name":"Os benef\u00edcios da canela"}]},{"@type":"WebSite","@id":"https:\/\/andreasimonetti.com.br\/blog\/#website","url":"https:\/\/andreasimonetti.com.br\/blog\/","name":"Andrea Simonetti","description":"","potentialAction":[{"@type":"SearchAction","target":{"@type":"EntryPoint","urlTemplate":"https:\/\/andreasimonetti.com.br\/blog\/?s={search_term_string}"},"query-input":{"@type":"PropertyValueSpecification","valueRequired":true,"valueName":"search_term_string"}}],"inLanguage":"pt-BR"},{"@type":"Person","@id":"https:\/\/andreasimonetti.com.br\/blog\/#\/schema\/person\/254f763c24ac288e27ea738a7366ad2a","name":"Andrea Simonetti","image":{"@type":"ImageObject","inLanguage":"pt-BR","@id":"https:\/\/andreasimonetti.com.br\/blog\/#\/schema\/person\/image\/","url":"https:\/\/andreasimonetti.com.br\/blog\/wp-content\/uploads\/2018\/04\/andrea-simonetti-96x96.png","contentUrl":"https:\/\/andreasimonetti.com.br\/blog\/wp-content\/uploads\/2018\/04\/andrea-simonetti-96x96.png","caption":"Andrea Simonetti"},"description":"Sou formada em Administra\u00e7\u00e3o de Empresas, Produ\u00e7\u00e3o de Moda pelo SENAC e Consultoria de Estilo. Sou fascinada por moda desde sempre, adoro ver as pessoas produzidas e de bem com a vida. Moda \u00e9 o meu assunto preferido. Comecei meu blog em 2011, ele cresceu e hoje \u00e9 um site bem mais abrangente, onde eu falo sobre moda e meu trabalho de consultora de estilo. E falo tamb\u00e9m sobre a minha experi\u00eancia de vida. Mas antes de tudo, acredito num Deus Soberano que nos guia e aben\u00e7oa, o tempo todo!","sameAs":["https:\/\/www.andreasimonetti.com.br\/","https:\/\/www.facebook.com\/blogdaandreasimonetti\/","https:\/\/www.instagram.com\/andrea_simonetti\/","https:\/\/br.pinterest.com\/BlogAndrea\/","https:\/\/x.com\/https:\/\/twitter.com\/Andrea_Simoneti"],"url":"https:\/\/andreasimonetti.com.br\/blog\/author\/andrea\/"}]}},"_links":{"self":[{"href":"https:\/\/andreasimonetti.com.br\/blog\/wp-json\/wp\/v2\/posts\/12693","targetHints":{"allow":["GET"]}}],"collection":[{"href":"https:\/\/andreasimonetti.com.br\/blog\/wp-json\/wp\/v2\/posts"}],"about":[{"href":"https:\/\/andreasimonetti.com.br\/blog\/wp-json\/wp\/v2\/types\/post"}],"author":[{"embeddable":true,"href":"https:\/\/andreasimonetti.com.br\/blog\/wp-json\/wp\/v2\/users\/7"}],"replies":[{"embeddable":true,"href":"https:\/\/andreasimonetti.com.br\/blog\/wp-json\/wp\/v2\/comments?post=12693"}],"version-history":[{"count":0,"href":"https:\/\/andreasimonetti.com.br\/blog\/wp-json\/wp\/v2\/posts\/12693\/revisions"}],"wp:attachment":[{"href":"https:\/\/andreasimonetti.com.br\/blog\/wp-json\/wp\/v2\/media?parent=12693"}],"wp:term":[{"taxonomy":"category","embeddable":true,"href":"https:\/\/andreasimonetti.com.br\/blog\/wp-json\/wp\/v2\/categories?post=12693"},{"taxonomy":"post_tag","embeddable":true,"href":"https:\/\/andreasimonetti.com.br\/blog\/wp-json\/wp\/v2\/tags?post=12693"}],"curies":[{"name":"wp","href":"https:\/\/api.w.org\/{rel}","templated":true}]}}