{"id":12296,"date":"2014-12-30T09:10:47","date_gmt":"2014-12-30T11:10:47","guid":{"rendered":"http:\/\/blogdaandreasimonetti.com.br\/?p=12296"},"modified":"2015-03-25T12:07:29","modified_gmt":"2015-03-25T15:07:29","slug":"feliz-2015","status":"publish","type":"post","link":"https:\/\/andreasimonetti.com.br\/blog\/feliz-2015\/","title":{"rendered":"Feliz 2015!!!"},"content":{"rendered":"<h1>FELIZ 2015!!!<\/h1>\n<p><em><br \/>\n<a href=\"http:\/\/blogdaandreasimonetti.com.br\/wp-content\/uploads\/2014\/12\/DSC0110.jpg\" data-rel=\"penci-gallery-image-content\" ><img loading=\"lazy\" decoding=\"async\" class=\"aligncenter size-full wp-image-12309\" src=\"http:\/\/blogdaandreasimonetti.com.br\/wp-content\/uploads\/2014\/12\/DSC0110.jpg\" alt=\"_DSC0110\" width=\"1024\" height=\"681\" srcset=\"https:\/\/andreasimonetti.com.br\/blog\/wp-content\/uploads\/2014\/12\/DSC0110.jpg 1024w, https:\/\/andreasimonetti.com.br\/blog\/wp-content\/uploads\/2014\/12\/DSC0110-300x199.jpg 300w\" sizes=\"auto, (max-width: 1024px) 100vw, 1024px\" \/><\/a><\/em><\/p>\n<p><strong>O que desejar para o ano de 2015?<\/strong><br \/>\nSempre fico em d\u00favida nisso pois parece que j\u00e1 tenho tudo o que preciso e seria injusto pedir mais alguma coisa para <strong>Deus.<\/strong><br \/>\nPor outro lado, costumo comentar com meu marido, em nossas conversas ao cair da noite : como posso me sentir totalmente feliz quando vejo pessoas t\u00e3o pr\u00f3ximas com problemas, muitos dos quais imposs\u00edveis de serem resolvidos ? S\u00e3o pessoas queridas enfrentando graves doen\u00e7as f\u00edsicas ou ref\u00e9ns de pris\u00f5es emocionais com todo o sofrimento resultante que se abate sobre elas, suas fam\u00edlias e amigos. Assim, pe\u00e7o a cada dia somente sa\u00fade para poder levantar e realizar os meus projetos e para 2015 pretendo estar mais pr\u00f3xima dos que precisam, mesmo que apenas ouvindo os seus desabafos e olhando diretamente nos seus olhos.<br \/>\nConfesso que o ano de 2014 foi um dos mais tristes e libertadores da minha vida, parece que tudo o que estava oculto foi revelado (Lucas 8: 17 18); mas a decep\u00e7\u00e3o faz a gente acordar !<br \/>\nE desde a doen\u00e7a e morte do meu amado pai tenho aprendido a dar valor ao que realmente importa nessa vida : estar perto de quem amamos e ajudar os que mais precisam.<br \/>\n\u00c9 natural jogarmos muitas expectativas no ano que se aproxima, mas \u00e9 melhor n\u00e3o se iludir achando que tudo ser\u00e1 f\u00e1cil e bonito. O mais importante \u00e9 ter f\u00e9 para que em 2015 possamos ser melhores com o pr\u00f3ximo, exemplo de vida onde trabalhamos, e fonte de alegria e compreens\u00e3o para nossos filhos e amigos.<\/p>\n<p><a href=\"http:\/\/blogdaandreasimonetti.com.br\/wp-content\/uploads\/2014\/12\/blog.jpg\" data-rel=\"penci-gallery-image-content\" ><img loading=\"lazy\" decoding=\"async\" class=\"aligncenter size-full wp-image-12297\" src=\"http:\/\/blogdaandreasimonetti.com.br\/wp-content\/uploads\/2014\/12\/blog.jpg\" alt=\"blog\" width=\"800\" height=\"750\" srcset=\"https:\/\/andreasimonetti.com.br\/blog\/wp-content\/uploads\/2014\/12\/blog.jpg 800w, https:\/\/andreasimonetti.com.br\/blog\/wp-content\/uploads\/2014\/12\/blog-300x281.jpg 300w\" sizes=\"auto, (max-width: 800px) 100vw, 800px\" \/><\/a><\/p>\n<p><strong>Aqui est\u00e1 um pedacinho da minha fam\u00edlia!<\/strong><\/p>\n","protected":false},"excerpt":{"rendered":"<p>FELIZ 2015!!! O que desejar para o ano de 2015? Sempre fico em d\u00favida nisso pois parece que j\u00e1 tenho tudo o que preciso e seria injusto pedir mais alguma&hellip;<\/p>\n","protected":false},"author":7,"featured_media":0,"comment_status":"open","ping_status":"open","sticky":false,"template":"","format":"standard","meta":{"_monsterinsights_skip_tracking":false,"_monsterinsights_sitenote_active":false,"_monsterinsights_sitenote_note":"","_monsterinsights_sitenote_category":0,"footnotes":""},"categories":[1508],"tags":[1959,143],"class_list":["post-12296","post","type-post","status-publish","format-standard","hentry","category-destaque","tag-feliz-2015","tag-feliz-ano-novo"],"yoast_head":"<!-- This site is optimized with the Yoast SEO plugin v26.3 - https:\/\/yoast.com\/wordpress\/plugins\/seo\/ -->\n<title>Feliz 2015!!! - Andrea Simonetti<\/title>\n<meta name=\"robots\" content=\"index, follow, max-snippet:-1, max-image-preview:large, max-video-preview:-1\" \/>\n<link rel=\"canonical\" href=\"https:\/\/andreasimonetti.com.br\/blog\/feliz-2015\/\" \/>\n<meta property=\"og:locale\" content=\"pt_BR\" \/>\n<meta property=\"og:type\" content=\"article\" \/>\n<meta property=\"og:title\" content=\"Feliz 2015!!! - Andrea Simonetti\" \/>\n<meta property=\"og:description\" content=\"FELIZ 2015!!! O que desejar para o ano de 2015? Sempre fico em d\u00favida nisso pois parece que j\u00e1 tenho tudo o que preciso e seria injusto pedir mais alguma&hellip;\" \/>\n<meta property=\"og:url\" content=\"https:\/\/andreasimonetti.com.br\/blog\/feliz-2015\/\" \/>\n<meta property=\"og:site_name\" content=\"Andrea Simonetti\" \/>\n<meta property=\"article:publisher\" content=\"https:\/\/www.facebook.com\/blogdaandreasimonetti\/\" \/>\n<meta property=\"article:author\" content=\"https:\/\/www.facebook.com\/blogdaandreasimonetti\/\" \/>\n<meta property=\"article:published_time\" content=\"2014-12-30T11:10:47+00:00\" \/>\n<meta property=\"article:modified_time\" content=\"2015-03-25T15:07:29+00:00\" \/>\n<meta property=\"og:image\" content=\"https:\/\/andreasimonetti.com.br\/blog\/wp-content\/uploads\/2014\/12\/DSC0110.jpg\" \/>\n\t<meta property=\"og:image:width\" content=\"1024\" \/>\n\t<meta property=\"og:image:height\" content=\"681\" \/>\n\t<meta property=\"og:image:type\" content=\"image\/jpeg\" \/>\n<meta name=\"author\" content=\"Andrea Simonetti\" \/>\n<meta name=\"twitter:card\" content=\"summary_large_image\" \/>\n<meta name=\"twitter:creator\" content=\"@https:\/\/twitter.com\/Andrea_Simoneti\" \/>\n<meta name=\"twitter:site\" content=\"@Andrea_Simoneti\" \/>\n<meta name=\"twitter:label1\" content=\"Escrito por\" \/>\n\t<meta name=\"twitter:data1\" content=\"Andrea Simonetti\" \/>\n\t<meta name=\"twitter:label2\" content=\"Est. tempo de leitura\" \/>\n\t<meta name=\"twitter:data2\" content=\"1 minuto\" \/>\n<!-- \/ Yoast SEO plugin. -->","yoast_head_json":{"title":"Feliz 2015!!! - Andrea Simonetti","robots":{"index":"index","follow":"follow","max-snippet":"max-snippet:-1","max-image-preview":"max-image-preview:large","max-video-preview":"max-video-preview:-1"},"canonical":"https:\/\/andreasimonetti.com.br\/blog\/feliz-2015\/","og_locale":"pt_BR","og_type":"article","og_title":"Feliz 2015!!! - Andrea Simonetti","og_description":"FELIZ 2015!!! O que desejar para o ano de 2015? Sempre fico em d\u00favida nisso pois parece que j\u00e1 tenho tudo o que preciso e seria injusto pedir mais alguma&hellip;","og_url":"https:\/\/andreasimonetti.com.br\/blog\/feliz-2015\/","og_site_name":"Andrea Simonetti","article_publisher":"https:\/\/www.facebook.com\/blogdaandreasimonetti\/","article_author":"https:\/\/www.facebook.com\/blogdaandreasimonetti\/","article_published_time":"2014-12-30T11:10:47+00:00","article_modified_time":"2015-03-25T15:07:29+00:00","og_image":[{"width":1024,"height":681,"url":"https:\/\/andreasimonetti.com.br\/blog\/wp-content\/uploads\/2014\/12\/DSC0110.jpg","type":"image\/jpeg"}],"author":"Andrea Simonetti","twitter_card":"summary_large_image","twitter_creator":"@https:\/\/twitter.com\/Andrea_Simoneti","twitter_site":"@Andrea_Simoneti","twitter_misc":{"Escrito por":"Andrea Simonetti","Est. tempo de leitura":"1 minuto"},"schema":{"@context":"https:\/\/schema.org","@graph":[{"@type":"WebPage","@id":"https:\/\/andreasimonetti.com.br\/blog\/feliz-2015\/","url":"https:\/\/andreasimonetti.com.br\/blog\/feliz-2015\/","name":"Feliz 2015!!! - Andrea Simonetti","isPartOf":{"@id":"https:\/\/andreasimonetti.com.br\/blog\/#website"},"primaryImageOfPage":{"@id":"https:\/\/andreasimonetti.com.br\/blog\/feliz-2015\/#primaryimage"},"image":{"@id":"https:\/\/andreasimonetti.com.br\/blog\/feliz-2015\/#primaryimage"},"thumbnailUrl":"http:\/\/blogdaandreasimonetti.com.br\/wp-content\/uploads\/2014\/12\/DSC0110.jpg","datePublished":"2014-12-30T11:10:47+00:00","dateModified":"2015-03-25T15:07:29+00:00","author":{"@id":"https:\/\/andreasimonetti.com.br\/blog\/#\/schema\/person\/254f763c24ac288e27ea738a7366ad2a"},"breadcrumb":{"@id":"https:\/\/andreasimonetti.com.br\/blog\/feliz-2015\/#breadcrumb"},"inLanguage":"pt-BR","potentialAction":[{"@type":"ReadAction","target":["https:\/\/andreasimonetti.com.br\/blog\/feliz-2015\/"]}]},{"@type":"ImageObject","inLanguage":"pt-BR","@id":"https:\/\/andreasimonetti.com.br\/blog\/feliz-2015\/#primaryimage","url":"http:\/\/blogdaandreasimonetti.com.br\/wp-content\/uploads\/2014\/12\/DSC0110.jpg","contentUrl":"http:\/\/blogdaandreasimonetti.com.br\/wp-content\/uploads\/2014\/12\/DSC0110.jpg"},{"@type":"BreadcrumbList","@id":"https:\/\/andreasimonetti.com.br\/blog\/feliz-2015\/#breadcrumb","itemListElement":[{"@type":"ListItem","position":1,"name":"In\u00edcio","item":"https:\/\/andreasimonetti.com.br\/blog\/"},{"@type":"ListItem","position":2,"name":"Feliz 2015!!!"}]},{"@type":"WebSite","@id":"https:\/\/andreasimonetti.com.br\/blog\/#website","url":"https:\/\/andreasimonetti.com.br\/blog\/","name":"Andrea Simonetti","description":"","potentialAction":[{"@type":"SearchAction","target":{"@type":"EntryPoint","urlTemplate":"https:\/\/andreasimonetti.com.br\/blog\/?s={search_term_string}"},"query-input":{"@type":"PropertyValueSpecification","valueRequired":true,"valueName":"search_term_string"}}],"inLanguage":"pt-BR"},{"@type":"Person","@id":"https:\/\/andreasimonetti.com.br\/blog\/#\/schema\/person\/254f763c24ac288e27ea738a7366ad2a","name":"Andrea Simonetti","image":{"@type":"ImageObject","inLanguage":"pt-BR","@id":"https:\/\/andreasimonetti.com.br\/blog\/#\/schema\/person\/image\/","url":"https:\/\/andreasimonetti.com.br\/blog\/wp-content\/uploads\/2018\/04\/andrea-simonetti-96x96.png","contentUrl":"https:\/\/andreasimonetti.com.br\/blog\/wp-content\/uploads\/2018\/04\/andrea-simonetti-96x96.png","caption":"Andrea Simonetti"},"description":"Sou formada em Administra\u00e7\u00e3o de Empresas, Produ\u00e7\u00e3o de Moda pelo SENAC e Consultoria de Estilo. Sou fascinada por moda desde sempre, adoro ver as pessoas produzidas e de bem com a vida. Moda \u00e9 o meu assunto preferido. Comecei meu blog em 2011, ele cresceu e hoje \u00e9 um site bem mais abrangente, onde eu falo sobre moda e meu trabalho de consultora de estilo. E falo tamb\u00e9m sobre a minha experi\u00eancia de vida. Mas antes de tudo, acredito num Deus Soberano que nos guia e aben\u00e7oa, o tempo todo!","sameAs":["https:\/\/www.andreasimonetti.com.br\/","https:\/\/www.facebook.com\/blogdaandreasimonetti\/","https:\/\/www.instagram.com\/andrea_simonetti\/","https:\/\/br.pinterest.com\/BlogAndrea\/","https:\/\/x.com\/https:\/\/twitter.com\/Andrea_Simoneti"],"url":"https:\/\/andreasimonetti.com.br\/blog\/author\/andrea\/"}]}},"_links":{"self":[{"href":"https:\/\/andreasimonetti.com.br\/blog\/wp-json\/wp\/v2\/posts\/12296","targetHints":{"allow":["GET"]}}],"collection":[{"href":"https:\/\/andreasimonetti.com.br\/blog\/wp-json\/wp\/v2\/posts"}],"about":[{"href":"https:\/\/andreasimonetti.com.br\/blog\/wp-json\/wp\/v2\/types\/post"}],"author":[{"embeddable":true,"href":"https:\/\/andreasimonetti.com.br\/blog\/wp-json\/wp\/v2\/users\/7"}],"replies":[{"embeddable":true,"href":"https:\/\/andreasimonetti.com.br\/blog\/wp-json\/wp\/v2\/comments?post=12296"}],"version-history":[{"count":0,"href":"https:\/\/andreasimonetti.com.br\/blog\/wp-json\/wp\/v2\/posts\/12296\/revisions"}],"wp:attachment":[{"href":"https:\/\/andreasimonetti.com.br\/blog\/wp-json\/wp\/v2\/media?parent=12296"}],"wp:term":[{"taxonomy":"category","embeddable":true,"href":"https:\/\/andreasimonetti.com.br\/blog\/wp-json\/wp\/v2\/categories?post=12296"},{"taxonomy":"post_tag","embeddable":true,"href":"https:\/\/andreasimonetti.com.br\/blog\/wp-json\/wp\/v2\/tags?post=12296"}],"curies":[{"name":"wp","href":"https:\/\/api.w.org\/{rel}","templated":true}]}}