{"id":12005,"date":"2014-11-25T17:13:44","date_gmt":"2014-11-25T19:13:44","guid":{"rendered":"http:\/\/blogdaandreasimonetti.com.br\/?p=12005"},"modified":"2018-05-25T08:52:10","modified_gmt":"2018-05-25T11:52:10","slug":"fast-news-2","status":"publish","type":"post","link":"https:\/\/andreasimonetti.com.br\/blog\/fast-news-2\/","title":{"rendered":"Fast News !!"},"content":{"rendered":"<p>Candice Swanepoel (Musa da barriga negativa) aparece com tatuagens tempor\u00e1rias no bra\u00e7o e strass no rosto, usando um corset branco, suti\u00e3 bordado com flores e meias at\u00e9 o meio da coxa. Reconhece o look? Totalmente inspirado em anima\u00e7\u00f5es japonesas.<\/p>\n<p><a href=\"http:\/\/blogdaandreasimonetti.com.br\/wp-content\/uploads\/2014\/11\/candice_swanepoel_anime-jerome-duran.png\" data-rel=\"penci-gallery-image-content\" ><img loading=\"lazy\" decoding=\"async\" class=\"aligncenter wp-image-12006 size-full\" src=\"http:\/\/blogdaandreasimonetti.com.br\/wp-content\/uploads\/2014\/11\/candice_swanepoel_anime-jerome-duran.png\" alt=\"candice_swanepoel_anime-jerome-duran\" width=\"769\" height=\"768\" srcset=\"https:\/\/andreasimonetti.com.br\/blog\/wp-content\/uploads\/2014\/11\/candice_swanepoel_anime-jerome-duran.png 769w, https:\/\/andreasimonetti.com.br\/blog\/wp-content\/uploads\/2014\/11\/candice_swanepoel_anime-jerome-duran-150x150.png 150w, https:\/\/andreasimonetti.com.br\/blog\/wp-content\/uploads\/2014\/11\/candice_swanepoel_anime-jerome-duran-300x300.png 300w\" sizes=\"auto, (max-width: 769px) 100vw, 769px\" \/><\/a><\/p>\n<p>BR.Ecoera evento idealizado pela consultora Chiara Gadaleta chega a sua 5\u00ba edi\u00e7\u00e3o. O evento consiste em mobilizar quest\u00f5es sociais e ambientais no mercado de moda, design e beleza. De 03 a 06 de dezembro. <a href=\"http:\/\/ffw.com.br\/noticias\/moda\/sp-ecoera-chega-a-5a-edicao-com-programacao-simultanea-e-vira-br-ecoera-357\/\">Clique aqui para mais informa\u00e7\u00f5es.<\/a><\/p>\n<p><a href=\"http:\/\/blogdaandreasimonetti.com.br\/wp-content\/uploads\/2014\/11\/sp-ecoera-br-ecoera-chiara-gadaleta-moda-sustentavel.jpg\" data-rel=\"penci-gallery-image-content\" ><img loading=\"lazy\" decoding=\"async\" class=\"aligncenter wp-image-12009 size-full\" src=\"http:\/\/blogdaandreasimonetti.com.br\/wp-content\/uploads\/2014\/11\/sp-ecoera-br-ecoera-chiara-gadaleta-moda-sustentavel.jpg\" alt=\"sp-ecoera-br-ecoera-chiara-gadaleta-moda-sustentavel\" width=\"641\" height=\"1024\" srcset=\"https:\/\/andreasimonetti.com.br\/blog\/wp-content\/uploads\/2014\/11\/sp-ecoera-br-ecoera-chiara-gadaleta-moda-sustentavel.jpg 641w, https:\/\/andreasimonetti.com.br\/blog\/wp-content\/uploads\/2014\/11\/sp-ecoera-br-ecoera-chiara-gadaleta-moda-sustentavel-187x300.jpg 187w\" sizes=\"auto, (max-width: 641px) 100vw, 641px\" \/><\/a><\/p>\n<p>O modelo Marlon Teixeira e a atriz Bruna Marquezine teriam sido vistos em clima de romance nesse final de semana, no badalado 1826 Restaurant &amp; Lounge, em Miami Beach. Eles se conheceram durante uma sess\u00e3o de fotos para a Coca-Cola Clothing eng.  Ser\u00e1 que rola?<\/p>\n<p><a href=\"http:\/\/blogdaandreasimonetti.com.br\/wp-content\/uploads\/2014\/11\/bruna.jpg\" data-rel=\"penci-gallery-image-content\" ><img loading=\"lazy\" decoding=\"async\" class=\"aligncenter size-full wp-image-12012\" src=\"http:\/\/blogdaandreasimonetti.com.br\/wp-content\/uploads\/2014\/11\/bruna.jpg\" alt=\"bruna\" width=\"768\" height=\"768\" srcset=\"https:\/\/andreasimonetti.com.br\/blog\/wp-content\/uploads\/2014\/11\/bruna.jpg 768w, https:\/\/andreasimonetti.com.br\/blog\/wp-content\/uploads\/2014\/11\/bruna-150x150.jpg 150w, https:\/\/andreasimonetti.com.br\/blog\/wp-content\/uploads\/2014\/11\/bruna-300x300.jpg 300w\" sizes=\"auto, (max-width: 768px) 100vw, 768px\" \/><\/a><\/p>\n<p>Daslu desfila alto ver\u00e3o, recheado de caft\u00e3s e looks brancos para o R\u00e9veillon.<a href=\"http:\/\/vogue.globo.com\/moda\/noticia\/2014\/11\/daslu-desfila-alto-verao-recheado-de-caftas-e-looks-brancos-para-o-reveillon.html\"> Clique aqui para ver a cole\u00e7\u00e3o<\/a>.<\/p>\n<p><a href=\"http:\/\/blogdaandreasimonetti.com.br\/wp-content\/uploads\/2014\/11\/daslu_color_0304.jpg\" data-rel=\"penci-gallery-image-content\" ><img loading=\"lazy\" decoding=\"async\" src=\"http:\/\/blogdaandreasimonetti.com.br\/wp-content\/uploads\/2014\/11\/daslu_color_0304.jpg\" alt=\"daslu_color_0304\" width=\"768\" height=\"960\" class=\"aligncenter size-full wp-image-12013\" srcset=\"https:\/\/andreasimonetti.com.br\/blog\/wp-content\/uploads\/2014\/11\/daslu_color_0304.jpg 768w, https:\/\/andreasimonetti.com.br\/blog\/wp-content\/uploads\/2014\/11\/daslu_color_0304-240x300.jpg 240w\" sizes=\"auto, (max-width: 768px) 100vw, 768px\" \/><\/a><\/p>\n","protected":false},"excerpt":{"rendered":"<p>Candice Swanepoel (Musa da barriga negativa) aparece com tatuagens tempor\u00e1rias no bra\u00e7o e strass no rosto, usando um corset branco, suti\u00e3 bordado com flores e meias at\u00e9 o meio da&hellip;<\/p>\n","protected":false},"author":7,"featured_media":0,"comment_status":"open","ping_status":"open","sticky":false,"template":"","format":"standard","meta":{"_monsterinsights_skip_tracking":false,"_monsterinsights_sitenote_active":false,"_monsterinsights_sitenote_note":"","_monsterinsights_sitenote_category":0,"footnotes":""},"categories":[1508],"tags":[1898,2331],"class_list":["post-12005","post","type-post","status-publish","format-standard","hentry","category-destaque","tag-daslu","tag-fast-news"],"yoast_head":"<!-- This site is optimized with the Yoast SEO plugin v26.3 - https:\/\/yoast.com\/wordpress\/plugins\/seo\/ -->\n<title>Fast News !! - Andrea Simonetti<\/title>\n<meta name=\"robots\" content=\"index, follow, max-snippet:-1, max-image-preview:large, max-video-preview:-1\" \/>\n<link rel=\"canonical\" href=\"https:\/\/andreasimonetti.com.br\/blog\/fast-news-2\/\" \/>\n<meta property=\"og:locale\" content=\"pt_BR\" \/>\n<meta property=\"og:type\" content=\"article\" \/>\n<meta property=\"og:title\" content=\"Fast News !! - Andrea Simonetti\" \/>\n<meta property=\"og:description\" content=\"Candice Swanepoel (Musa da barriga negativa) aparece com tatuagens tempor\u00e1rias no bra\u00e7o e strass no rosto, usando um corset branco, suti\u00e3 bordado com flores e meias at\u00e9 o meio da&hellip;\" \/>\n<meta property=\"og:url\" content=\"https:\/\/andreasimonetti.com.br\/blog\/fast-news-2\/\" \/>\n<meta property=\"og:site_name\" content=\"Andrea Simonetti\" \/>\n<meta property=\"article:publisher\" content=\"https:\/\/www.facebook.com\/blogdaandreasimonetti\/\" \/>\n<meta property=\"article:author\" content=\"https:\/\/www.facebook.com\/blogdaandreasimonetti\/\" \/>\n<meta property=\"article:published_time\" content=\"2014-11-25T19:13:44+00:00\" \/>\n<meta property=\"article:modified_time\" content=\"2018-05-25T11:52:10+00:00\" \/>\n<meta property=\"og:image\" content=\"http:\/\/blogdaandreasimonetti.com.br\/wp-content\/uploads\/2014\/11\/candice_swanepoel_anime-jerome-duran.png\" \/>\n<meta name=\"author\" content=\"Andrea Simonetti\" \/>\n<meta name=\"twitter:card\" content=\"summary_large_image\" \/>\n<meta name=\"twitter:creator\" content=\"@https:\/\/twitter.com\/Andrea_Simoneti\" \/>\n<meta name=\"twitter:site\" content=\"@Andrea_Simoneti\" \/>\n<meta name=\"twitter:label1\" content=\"Escrito por\" \/>\n\t<meta name=\"twitter:data1\" content=\"Andrea Simonetti\" \/>\n\t<meta name=\"twitter:label2\" content=\"Est. tempo de leitura\" \/>\n\t<meta name=\"twitter:data2\" content=\"1 minuto\" \/>\n<!-- \/ Yoast SEO plugin. -->","yoast_head_json":{"title":"Fast News !! - Andrea Simonetti","robots":{"index":"index","follow":"follow","max-snippet":"max-snippet:-1","max-image-preview":"max-image-preview:large","max-video-preview":"max-video-preview:-1"},"canonical":"https:\/\/andreasimonetti.com.br\/blog\/fast-news-2\/","og_locale":"pt_BR","og_type":"article","og_title":"Fast News !! - Andrea Simonetti","og_description":"Candice Swanepoel (Musa da barriga negativa) aparece com tatuagens tempor\u00e1rias no bra\u00e7o e strass no rosto, usando um corset branco, suti\u00e3 bordado com flores e meias at\u00e9 o meio da&hellip;","og_url":"https:\/\/andreasimonetti.com.br\/blog\/fast-news-2\/","og_site_name":"Andrea Simonetti","article_publisher":"https:\/\/www.facebook.com\/blogdaandreasimonetti\/","article_author":"https:\/\/www.facebook.com\/blogdaandreasimonetti\/","article_published_time":"2014-11-25T19:13:44+00:00","article_modified_time":"2018-05-25T11:52:10+00:00","og_image":[{"url":"http:\/\/blogdaandreasimonetti.com.br\/wp-content\/uploads\/2014\/11\/candice_swanepoel_anime-jerome-duran.png","type":"","width":"","height":""}],"author":"Andrea Simonetti","twitter_card":"summary_large_image","twitter_creator":"@https:\/\/twitter.com\/Andrea_Simoneti","twitter_site":"@Andrea_Simoneti","twitter_misc":{"Escrito por":"Andrea Simonetti","Est. tempo de leitura":"1 minuto"},"schema":{"@context":"https:\/\/schema.org","@graph":[{"@type":"WebPage","@id":"https:\/\/andreasimonetti.com.br\/blog\/fast-news-2\/","url":"https:\/\/andreasimonetti.com.br\/blog\/fast-news-2\/","name":"Fast News !! - Andrea Simonetti","isPartOf":{"@id":"https:\/\/andreasimonetti.com.br\/blog\/#website"},"primaryImageOfPage":{"@id":"https:\/\/andreasimonetti.com.br\/blog\/fast-news-2\/#primaryimage"},"image":{"@id":"https:\/\/andreasimonetti.com.br\/blog\/fast-news-2\/#primaryimage"},"thumbnailUrl":"http:\/\/blogdaandreasimonetti.com.br\/wp-content\/uploads\/2014\/11\/candice_swanepoel_anime-jerome-duran.png","datePublished":"2014-11-25T19:13:44+00:00","dateModified":"2018-05-25T11:52:10+00:00","author":{"@id":"https:\/\/andreasimonetti.com.br\/blog\/#\/schema\/person\/254f763c24ac288e27ea738a7366ad2a"},"breadcrumb":{"@id":"https:\/\/andreasimonetti.com.br\/blog\/fast-news-2\/#breadcrumb"},"inLanguage":"pt-BR","potentialAction":[{"@type":"ReadAction","target":["https:\/\/andreasimonetti.com.br\/blog\/fast-news-2\/"]}]},{"@type":"ImageObject","inLanguage":"pt-BR","@id":"https:\/\/andreasimonetti.com.br\/blog\/fast-news-2\/#primaryimage","url":"http:\/\/blogdaandreasimonetti.com.br\/wp-content\/uploads\/2014\/11\/candice_swanepoel_anime-jerome-duran.png","contentUrl":"http:\/\/blogdaandreasimonetti.com.br\/wp-content\/uploads\/2014\/11\/candice_swanepoel_anime-jerome-duran.png"},{"@type":"BreadcrumbList","@id":"https:\/\/andreasimonetti.com.br\/blog\/fast-news-2\/#breadcrumb","itemListElement":[{"@type":"ListItem","position":1,"name":"In\u00edcio","item":"https:\/\/andreasimonetti.com.br\/blog\/"},{"@type":"ListItem","position":2,"name":"Fast News !!"}]},{"@type":"WebSite","@id":"https:\/\/andreasimonetti.com.br\/blog\/#website","url":"https:\/\/andreasimonetti.com.br\/blog\/","name":"Andrea Simonetti","description":"","potentialAction":[{"@type":"SearchAction","target":{"@type":"EntryPoint","urlTemplate":"https:\/\/andreasimonetti.com.br\/blog\/?s={search_term_string}"},"query-input":{"@type":"PropertyValueSpecification","valueRequired":true,"valueName":"search_term_string"}}],"inLanguage":"pt-BR"},{"@type":"Person","@id":"https:\/\/andreasimonetti.com.br\/blog\/#\/schema\/person\/254f763c24ac288e27ea738a7366ad2a","name":"Andrea Simonetti","image":{"@type":"ImageObject","inLanguage":"pt-BR","@id":"https:\/\/andreasimonetti.com.br\/blog\/#\/schema\/person\/image\/","url":"https:\/\/andreasimonetti.com.br\/blog\/wp-content\/uploads\/2018\/04\/andrea-simonetti-96x96.png","contentUrl":"https:\/\/andreasimonetti.com.br\/blog\/wp-content\/uploads\/2018\/04\/andrea-simonetti-96x96.png","caption":"Andrea Simonetti"},"description":"Sou formada em Administra\u00e7\u00e3o de Empresas, Produ\u00e7\u00e3o de Moda pelo SENAC e Consultoria de Estilo. Sou fascinada por moda desde sempre, adoro ver as pessoas produzidas e de bem com a vida. Moda \u00e9 o meu assunto preferido. Comecei meu blog em 2011, ele cresceu e hoje \u00e9 um site bem mais abrangente, onde eu falo sobre moda e meu trabalho de consultora de estilo. E falo tamb\u00e9m sobre a minha experi\u00eancia de vida. Mas antes de tudo, acredito num Deus Soberano que nos guia e aben\u00e7oa, o tempo todo!","sameAs":["https:\/\/www.andreasimonetti.com.br\/","https:\/\/www.facebook.com\/blogdaandreasimonetti\/","https:\/\/www.instagram.com\/andrea_simonetti\/","https:\/\/br.pinterest.com\/BlogAndrea\/","https:\/\/x.com\/https:\/\/twitter.com\/Andrea_Simoneti"],"url":"https:\/\/andreasimonetti.com.br\/blog\/author\/andrea\/"}]}},"_links":{"self":[{"href":"https:\/\/andreasimonetti.com.br\/blog\/wp-json\/wp\/v2\/posts\/12005","targetHints":{"allow":["GET"]}}],"collection":[{"href":"https:\/\/andreasimonetti.com.br\/blog\/wp-json\/wp\/v2\/posts"}],"about":[{"href":"https:\/\/andreasimonetti.com.br\/blog\/wp-json\/wp\/v2\/types\/post"}],"author":[{"embeddable":true,"href":"https:\/\/andreasimonetti.com.br\/blog\/wp-json\/wp\/v2\/users\/7"}],"replies":[{"embeddable":true,"href":"https:\/\/andreasimonetti.com.br\/blog\/wp-json\/wp\/v2\/comments?post=12005"}],"version-history":[{"count":0,"href":"https:\/\/andreasimonetti.com.br\/blog\/wp-json\/wp\/v2\/posts\/12005\/revisions"}],"wp:attachment":[{"href":"https:\/\/andreasimonetti.com.br\/blog\/wp-json\/wp\/v2\/media?parent=12005"}],"wp:term":[{"taxonomy":"category","embeddable":true,"href":"https:\/\/andreasimonetti.com.br\/blog\/wp-json\/wp\/v2\/categories?post=12005"},{"taxonomy":"post_tag","embeddable":true,"href":"https:\/\/andreasimonetti.com.br\/blog\/wp-json\/wp\/v2\/tags?post=12005"}],"curies":[{"name":"wp","href":"https:\/\/api.w.org\/{rel}","templated":true}]}}