{"id":11873,"date":"2014-11-04T07:00:35","date_gmt":"2014-11-04T09:00:35","guid":{"rendered":"http:\/\/blogdaandreasimonetti.com.br\/?p=11873"},"modified":"2018-05-25T08:52:11","modified_gmt":"2018-05-25T11:52:11","slug":"tecnologia-em-nosso-dna","status":"publish","type":"post","link":"https:\/\/andreasimonetti.com.br\/blog\/tecnologia-em-nosso-dna\/","title":{"rendered":"Tecnologia em nosso DNA!"},"content":{"rendered":"<p><a href=\"http:\/\/blogdaandreasimonetti.com.br\/wp-content\/uploads\/2014\/11\/1.jpg\" data-rel=\"penci-gallery-image-content\" ><img loading=\"lazy\" decoding=\"async\" src=\"http:\/\/blogdaandreasimonetti.com.br\/wp-content\/uploads\/2014\/11\/1.jpg\" alt=\"1\" width=\"720\" height=\"332\" class=\"aligncenter size-full wp-image-11874\" srcset=\"https:\/\/andreasimonetti.com.br\/blog\/wp-content\/uploads\/2014\/11\/1.jpg 720w, https:\/\/andreasimonetti.com.br\/blog\/wp-content\/uploads\/2014\/11\/1-300x138.jpg 300w\" sizes=\"auto, (max-width: 720px) 100vw, 720px\" \/><\/a><br \/>\nRespirar tecnologia em nosso dia a dia j\u00e1 \u00e9 algo praticamente vital e todos j\u00e1 se acostumaram com as facilidades que ela nos oferece. A cada dia mais, o mercado tecnol\u00f3gico vem crescendo em um percentual dif\u00edcil de ser acompanhado muitas vezes at\u00e9 pelo nosso c\u00e9rebro.<br \/>\nMas a quem diga que o ser humano tende a criar sem escr\u00fapulos para que seus dias sejam um tanto mais pr\u00e1ticos e f\u00e1ceis de lidar, pois n\u00e3o temos muito tempo para nada e quando vemos o ano j\u00e1 acabou.<br \/>\nAs ind\u00fastrias da tecnologia possibilitam sempre cria\u00e7\u00f5es inusitadas para o mercado e produtos que muitas vezes nem conseguimos nem imaginar.<br \/>\nOs dispositivos s\u00e3o desenvolvidos todos com um \u00fanico objetivo sempre, trazer praticidade as pessoas e pontualidade em pesquisas de alguns seguimentos espec\u00edficos.<br \/>\nHoje trouxe a voc\u00eas alguns lan\u00e7amentos criativos que j\u00e1 est\u00e3o sendo testados e novos aplicativos para facilitar a correria de sua vida. Espero que gostem!!!<\/p>\n<p><strong>Lentes de contato inteligentes<\/strong><br \/>\nAs lentes de contato s\u00e3o compostas por um chip wireless e sensores de LED\u2019s capazes de emitir sinais ao usu\u00e1rio. A mesma controla a Diabetes e atrav\u00e9s das l\u00e1grimas monitora n\u00edveis de glicose.<br \/>\n<a href=\"http:\/\/blogdaandreasimonetti.com.br\/wp-content\/uploads\/2014\/11\/Lente-Inteligente.jpg\" data-rel=\"penci-gallery-image-content\" ><img loading=\"lazy\" decoding=\"async\" src=\"http:\/\/blogdaandreasimonetti.com.br\/wp-content\/uploads\/2014\/11\/Lente-Inteligente.jpg\" alt=\"Lente Inteligente\" width=\"720\" height=\"400\" class=\"aligncenter size-full wp-image-11875\" srcset=\"https:\/\/andreasimonetti.com.br\/blog\/wp-content\/uploads\/2014\/11\/Lente-Inteligente.jpg 720w, https:\/\/andreasimonetti.com.br\/blog\/wp-content\/uploads\/2014\/11\/Lente-Inteligente-300x166.jpg 300w\" sizes=\"auto, (max-width: 720px) 100vw, 720px\" \/><\/a><\/p>\n<p><strong>SuperShoes<\/strong><br \/>\nAs palmilhas inteligentes mostram o trajeto com uma esp\u00e9cie de GPS interno. Ela pode se conectar a um smartphone e dar instru\u00e7\u00f5es de seu destino atrav\u00e9s de vibra\u00e7\u00f5es transmitidas em seus p\u00e9s te indicando a dire\u00e7\u00e3o correta. Voc\u00ea instala um aplicativo em seu celular chamado Shoe Central e ele te guiar\u00e1 indicando os passeios de sua prefer\u00eancia.<br \/>\n<a href=\"http:\/\/blogdaandreasimonetti.com.br\/wp-content\/uploads\/2014\/11\/SuperShoes.jpg\" data-rel=\"penci-gallery-image-content\" ><img loading=\"lazy\" decoding=\"async\" src=\"http:\/\/blogdaandreasimonetti.com.br\/wp-content\/uploads\/2014\/11\/SuperShoes.jpg\" alt=\"SuperShoes\" width=\"720\" height=\"400\" class=\"aligncenter size-full wp-image-11876\" srcset=\"https:\/\/andreasimonetti.com.br\/blog\/wp-content\/uploads\/2014\/11\/SuperShoes.jpg 720w, https:\/\/andreasimonetti.com.br\/blog\/wp-content\/uploads\/2014\/11\/SuperShoes-300x166.jpg 300w\" sizes=\"auto, (max-width: 720px) 100vw, 720px\" \/><\/a><\/p>\n<p><strong>Soft Exosuit<\/strong><br \/>\nEste exoesqueleto al\u00e9m de ser confort\u00e1vel ao usu\u00e1rio por ser leve, ele utiliza a for\u00e7a muscular para ajudar o mesmo a caminhar com mais for\u00e7a nas pernas facilitando a vida de pessoas idosas ou que possuem dificuldade de movimenta\u00e7\u00e3o causada por algum trauma ou acidente.<br \/>\n<a href=\"http:\/\/blogdaandreasimonetti.com.br\/wp-content\/uploads\/2014\/11\/Soft-Exosuit.jpg\" data-rel=\"penci-gallery-image-content\" ><img loading=\"lazy\" decoding=\"async\" src=\"http:\/\/blogdaandreasimonetti.com.br\/wp-content\/uploads\/2014\/11\/Soft-Exosuit.jpg\" alt=\"Soft Exosuit\" width=\"720\" height=\"400\" class=\"aligncenter size-full wp-image-11877\" srcset=\"https:\/\/andreasimonetti.com.br\/blog\/wp-content\/uploads\/2014\/11\/Soft-Exosuit.jpg 720w, https:\/\/andreasimonetti.com.br\/blog\/wp-content\/uploads\/2014\/11\/Soft-Exosuit-300x166.jpg 300w\" sizes=\"auto, (max-width: 720px) 100vw, 720px\" \/><\/a><\/p>\n<p><strong>Eyes-On Glasses<\/strong><br \/>\nEstes \u00f3culos foram desenvolvidos para m\u00e9dicos. O mesmo tem a capacidade de atrav\u00e9s de um sistema de raio-X identificar c\u00e9lulas cancer\u00edgenas, facilitando at\u00e9 em uma opera\u00e7\u00e3o. Isso acontece porque o \u00f3culos \u00e9 capaz de coletar imagens multiespectrais em tr\u00eas dimens\u00f5es com diferentes frequ\u00eancias de infravermelhos. Al\u00e9m de captar dados biom\u00e9tricos o \u00f3culos \u00e9 capaz de transmitir as informa\u00e7\u00f5es atrav\u00e9s de Wi-Fi.<br \/>\n<a href=\"http:\/\/blogdaandreasimonetti.com.br\/wp-content\/uploads\/2014\/11\/Eyes-On-Glasses.jpg\" data-rel=\"penci-gallery-image-content\" ><img loading=\"lazy\" decoding=\"async\" src=\"http:\/\/blogdaandreasimonetti.com.br\/wp-content\/uploads\/2014\/11\/Eyes-On-Glasses.jpg\" alt=\"Eyes-On-Glasses\" width=\"720\" height=\"400\" class=\"aligncenter size-full wp-image-11878\" srcset=\"https:\/\/andreasimonetti.com.br\/blog\/wp-content\/uploads\/2014\/11\/Eyes-On-Glasses.jpg 720w, https:\/\/andreasimonetti.com.br\/blog\/wp-content\/uploads\/2014\/11\/Eyes-On-Glasses-300x166.jpg 300w\" sizes=\"auto, (max-width: 720px) 100vw, 720px\" \/><\/a><\/p>\n<p><strong>Aplicativo: Onde Parei<\/strong><br \/>\nO aplicativo perfeito para os perdidos de plant\u00e3o. Ele nos ajuda a marcar o local onde voc\u00ea estacionou seu carro e depois mostra a posi\u00e7\u00e3o do mesmo em um mapa. Al\u00e9m disso, permite configurar um alarme para tocar depois de um tempo especificado, principalmente pra quem precisa marcar a hora que vence a zona azul. Dispon\u00edvel para <a href=\"https:\/\/play.google.com\/store\/apps\/details?id=br.com.mobilevel.android.ondeparei&#038;hl=pt_BR\">Android<\/a> e <a href=\"https:\/\/itunes.apple.com\/br\/app\/onde-parei\/id470526459?mt=8\">iOS<\/a>.<br \/>\n<a href=\"http:\/\/blogdaandreasimonetti.com.br\/wp-content\/uploads\/2014\/11\/Onde-Perei.jpg\" data-rel=\"penci-gallery-image-content\" ><img loading=\"lazy\" decoding=\"async\" src=\"http:\/\/blogdaandreasimonetti.com.br\/wp-content\/uploads\/2014\/11\/Onde-Perei.jpg\" alt=\"Onde Perei\" width=\"720\" height=\"500\" class=\"aligncenter size-full wp-image-11879\" srcset=\"https:\/\/andreasimonetti.com.br\/blog\/wp-content\/uploads\/2014\/11\/Onde-Perei.jpg 720w, https:\/\/andreasimonetti.com.br\/blog\/wp-content\/uploads\/2014\/11\/Onde-Perei-300x208.jpg 300w\" sizes=\"auto, (max-width: 720px) 100vw, 720px\" \/><\/a><\/p>\n<p><strong>Aplicativo: Hostelworld<\/strong><br \/>\nAplicativo desenvolvido para a galera que ama viajar como eu. O mesmo mostra mais de 30 mil estabelecimentos entre hot\u00e9is, pousadas e albergues em 180 pa\u00edses diferentes para se hospedar e ainda pode verificar avalia\u00e7\u00f5es e j\u00e1 efetuar sua reserva dentro dele. Dispon\u00edvel para <a href=\"https:\/\/play.google.com\/store\/apps\/details?id=com.hostelworld.app&#038;hl=pt_br\">Android<\/a> e <a href=\" https:\/\/itunes.apple.com\/br\/app\/hostelworld.com\/id348890820\">iOS<\/a>.<br \/>\n<a href=\"http:\/\/blogdaandreasimonetti.com.br\/wp-content\/uploads\/2014\/11\/Hostelworld.jpg\" data-rel=\"penci-gallery-image-content\" ><img loading=\"lazy\" decoding=\"async\" src=\"http:\/\/blogdaandreasimonetti.com.br\/wp-content\/uploads\/2014\/11\/Hostelworld.jpg\" alt=\"Hostelworld\" width=\"720\" height=\"500\" class=\"aligncenter size-full wp-image-11880\" srcset=\"https:\/\/andreasimonetti.com.br\/blog\/wp-content\/uploads\/2014\/11\/Hostelworld.jpg 720w, https:\/\/andreasimonetti.com.br\/blog\/wp-content\/uploads\/2014\/11\/Hostelworld-300x208.jpg 300w\" sizes=\"auto, (max-width: 720px) 100vw, 720px\" \/><\/a><\/p>\n<p><strong>Aplicativo: Skype Qik<\/strong><br \/>\nAplicativo desenvolvido pelo Skype para facilitar o envio de v\u00eddeos a seus amigos de sua agenda telef\u00f4nica como se fosse o WhatsApp. O aplicativo \u00e9 independente do Skype possibilitando v\u00eddeos curtos de at\u00e9 cinco segundos para respostas r\u00e1pidas de conversa. O mesmo est\u00e1 dispon\u00edvel para <a href=\"https:\/\/play.google.com\/store\/apps\/details?id=com.skype.android.qik\">Android<\/a>, <a href=\"https:\/\/itunes.apple.com\/us\/app\/skype-qik-group-video-messaging\/id893994044?mt=8\">iOS<\/a> e <a href=\"http:\/\/www.windowsphone.com\/pt-br\/store\/app\/skype-qik\/e145af3f-2aab-4e78-8699-ce948e26d27f\">Windows Phone<\/a>.<br \/>\n<a href=\"http:\/\/blogdaandreasimonetti.com.br\/wp-content\/uploads\/2014\/11\/Skype-Qik.jpg\" data-rel=\"penci-gallery-image-content\" ><img loading=\"lazy\" decoding=\"async\" src=\"http:\/\/blogdaandreasimonetti.com.br\/wp-content\/uploads\/2014\/11\/Skype-Qik.jpg\" alt=\"Skype Qik\" width=\"720\" height=\"500\" class=\"aligncenter size-full wp-image-11881\" srcset=\"https:\/\/andreasimonetti.com.br\/blog\/wp-content\/uploads\/2014\/11\/Skype-Qik.jpg 720w, https:\/\/andreasimonetti.com.br\/blog\/wp-content\/uploads\/2014\/11\/Skype-Qik-300x208.jpg 300w\" sizes=\"auto, (max-width: 720px) 100vw, 720px\" \/><\/a><\/p>\n","protected":false},"excerpt":{"rendered":"<p>Respirar tecnologia em nosso dia a dia j\u00e1 \u00e9 algo praticamente vital e todos j\u00e1 se acostumaram com as facilidades que ela nos oferece. A cada dia mais, o mercado&hellip;<\/p>\n","protected":false},"author":7,"featured_media":0,"comment_status":"open","ping_status":"open","sticky":false,"template":"","format":"standard","meta":{"_monsterinsights_skip_tracking":false,"_monsterinsights_sitenote_active":false,"_monsterinsights_sitenote_note":"","_monsterinsights_sitenote_category":0,"footnotes":""},"categories":[1508,3],"tags":[462,1866,1867,590,1870,1862,1868,1869,1864,1871,1865,1863,2324],"class_list":["post-11873","post","type-post","status-publish","format-standard","hentry","category-destaque","category-moda","tag-aplicativos","tag-exoesqueleto","tag-eyes-on-glasses","tag-gadgets","tag-hostelworld","tag-lentes-de-contato-inteligentes","tag-oculos-para-medicos","tag-onde-parei","tag-palmilhas-inteligentes","tag-skype-qik","tag-soft-exosuit","tag-supershoes","tag-tecnologia"],"yoast_head":"<!-- This site is optimized with the Yoast SEO plugin v26.3 - https:\/\/yoast.com\/wordpress\/plugins\/seo\/ -->\n<title>Tecnologia em nosso DNA! - Andrea Simonetti<\/title>\n<meta name=\"robots\" content=\"index, follow, max-snippet:-1, max-image-preview:large, max-video-preview:-1\" \/>\n<link rel=\"canonical\" href=\"https:\/\/andreasimonetti.com.br\/blog\/tecnologia-em-nosso-dna\/\" \/>\n<meta property=\"og:locale\" content=\"pt_BR\" \/>\n<meta property=\"og:type\" content=\"article\" \/>\n<meta property=\"og:title\" content=\"Tecnologia em nosso DNA! - Andrea Simonetti\" \/>\n<meta property=\"og:description\" content=\"Respirar tecnologia em nosso dia a dia j\u00e1 \u00e9 algo praticamente vital e todos j\u00e1 se acostumaram com as facilidades que ela nos oferece. A cada dia mais, o mercado&hellip;\" \/>\n<meta property=\"og:url\" content=\"https:\/\/andreasimonetti.com.br\/blog\/tecnologia-em-nosso-dna\/\" \/>\n<meta property=\"og:site_name\" content=\"Andrea Simonetti\" \/>\n<meta property=\"article:publisher\" content=\"https:\/\/www.facebook.com\/blogdaandreasimonetti\/\" \/>\n<meta property=\"article:author\" content=\"https:\/\/www.facebook.com\/blogdaandreasimonetti\/\" \/>\n<meta property=\"article:published_time\" content=\"2014-11-04T09:00:35+00:00\" \/>\n<meta property=\"article:modified_time\" content=\"2018-05-25T11:52:11+00:00\" \/>\n<meta property=\"og:image\" content=\"http:\/\/blogdaandreasimonetti.com.br\/wp-content\/uploads\/2014\/11\/1.jpg\" \/>\n<meta name=\"author\" content=\"Andrea Simonetti\" \/>\n<meta name=\"twitter:card\" content=\"summary_large_image\" \/>\n<meta name=\"twitter:creator\" content=\"@https:\/\/twitter.com\/Andrea_Simoneti\" \/>\n<meta name=\"twitter:site\" content=\"@Andrea_Simoneti\" \/>\n<meta name=\"twitter:label1\" content=\"Escrito por\" \/>\n\t<meta name=\"twitter:data1\" content=\"Andrea Simonetti\" \/>\n\t<meta name=\"twitter:label2\" content=\"Est. tempo de leitura\" \/>\n\t<meta name=\"twitter:data2\" content=\"3 minutos\" \/>\n<!-- \/ Yoast SEO plugin. -->","yoast_head_json":{"title":"Tecnologia em nosso DNA! - Andrea Simonetti","robots":{"index":"index","follow":"follow","max-snippet":"max-snippet:-1","max-image-preview":"max-image-preview:large","max-video-preview":"max-video-preview:-1"},"canonical":"https:\/\/andreasimonetti.com.br\/blog\/tecnologia-em-nosso-dna\/","og_locale":"pt_BR","og_type":"article","og_title":"Tecnologia em nosso DNA! - Andrea Simonetti","og_description":"Respirar tecnologia em nosso dia a dia j\u00e1 \u00e9 algo praticamente vital e todos j\u00e1 se acostumaram com as facilidades que ela nos oferece. A cada dia mais, o mercado&hellip;","og_url":"https:\/\/andreasimonetti.com.br\/blog\/tecnologia-em-nosso-dna\/","og_site_name":"Andrea Simonetti","article_publisher":"https:\/\/www.facebook.com\/blogdaandreasimonetti\/","article_author":"https:\/\/www.facebook.com\/blogdaandreasimonetti\/","article_published_time":"2014-11-04T09:00:35+00:00","article_modified_time":"2018-05-25T11:52:11+00:00","og_image":[{"url":"http:\/\/blogdaandreasimonetti.com.br\/wp-content\/uploads\/2014\/11\/1.jpg","type":"","width":"","height":""}],"author":"Andrea Simonetti","twitter_card":"summary_large_image","twitter_creator":"@https:\/\/twitter.com\/Andrea_Simoneti","twitter_site":"@Andrea_Simoneti","twitter_misc":{"Escrito por":"Andrea Simonetti","Est. tempo de leitura":"3 minutos"},"schema":{"@context":"https:\/\/schema.org","@graph":[{"@type":"WebPage","@id":"https:\/\/andreasimonetti.com.br\/blog\/tecnologia-em-nosso-dna\/","url":"https:\/\/andreasimonetti.com.br\/blog\/tecnologia-em-nosso-dna\/","name":"Tecnologia em nosso DNA! - Andrea Simonetti","isPartOf":{"@id":"https:\/\/andreasimonetti.com.br\/blog\/#website"},"primaryImageOfPage":{"@id":"https:\/\/andreasimonetti.com.br\/blog\/tecnologia-em-nosso-dna\/#primaryimage"},"image":{"@id":"https:\/\/andreasimonetti.com.br\/blog\/tecnologia-em-nosso-dna\/#primaryimage"},"thumbnailUrl":"http:\/\/blogdaandreasimonetti.com.br\/wp-content\/uploads\/2014\/11\/1.jpg","datePublished":"2014-11-04T09:00:35+00:00","dateModified":"2018-05-25T11:52:11+00:00","author":{"@id":"https:\/\/andreasimonetti.com.br\/blog\/#\/schema\/person\/254f763c24ac288e27ea738a7366ad2a"},"breadcrumb":{"@id":"https:\/\/andreasimonetti.com.br\/blog\/tecnologia-em-nosso-dna\/#breadcrumb"},"inLanguage":"pt-BR","potentialAction":[{"@type":"ReadAction","target":["https:\/\/andreasimonetti.com.br\/blog\/tecnologia-em-nosso-dna\/"]}]},{"@type":"ImageObject","inLanguage":"pt-BR","@id":"https:\/\/andreasimonetti.com.br\/blog\/tecnologia-em-nosso-dna\/#primaryimage","url":"http:\/\/blogdaandreasimonetti.com.br\/wp-content\/uploads\/2014\/11\/1.jpg","contentUrl":"http:\/\/blogdaandreasimonetti.com.br\/wp-content\/uploads\/2014\/11\/1.jpg"},{"@type":"BreadcrumbList","@id":"https:\/\/andreasimonetti.com.br\/blog\/tecnologia-em-nosso-dna\/#breadcrumb","itemListElement":[{"@type":"ListItem","position":1,"name":"In\u00edcio","item":"https:\/\/andreasimonetti.com.br\/blog\/"},{"@type":"ListItem","position":2,"name":"Tecnologia em nosso DNA!"}]},{"@type":"WebSite","@id":"https:\/\/andreasimonetti.com.br\/blog\/#website","url":"https:\/\/andreasimonetti.com.br\/blog\/","name":"Andrea Simonetti","description":"","potentialAction":[{"@type":"SearchAction","target":{"@type":"EntryPoint","urlTemplate":"https:\/\/andreasimonetti.com.br\/blog\/?s={search_term_string}"},"query-input":{"@type":"PropertyValueSpecification","valueRequired":true,"valueName":"search_term_string"}}],"inLanguage":"pt-BR"},{"@type":"Person","@id":"https:\/\/andreasimonetti.com.br\/blog\/#\/schema\/person\/254f763c24ac288e27ea738a7366ad2a","name":"Andrea Simonetti","image":{"@type":"ImageObject","inLanguage":"pt-BR","@id":"https:\/\/andreasimonetti.com.br\/blog\/#\/schema\/person\/image\/","url":"https:\/\/andreasimonetti.com.br\/blog\/wp-content\/uploads\/2018\/04\/andrea-simonetti-96x96.png","contentUrl":"https:\/\/andreasimonetti.com.br\/blog\/wp-content\/uploads\/2018\/04\/andrea-simonetti-96x96.png","caption":"Andrea Simonetti"},"description":"Sou formada em Administra\u00e7\u00e3o de Empresas, Produ\u00e7\u00e3o de Moda pelo SENAC e Consultoria de Estilo. Sou fascinada por moda desde sempre, adoro ver as pessoas produzidas e de bem com a vida. Moda \u00e9 o meu assunto preferido. Comecei meu blog em 2011, ele cresceu e hoje \u00e9 um site bem mais abrangente, onde eu falo sobre moda e meu trabalho de consultora de estilo. E falo tamb\u00e9m sobre a minha experi\u00eancia de vida. Mas antes de tudo, acredito num Deus Soberano que nos guia e aben\u00e7oa, o tempo todo!","sameAs":["https:\/\/www.andreasimonetti.com.br\/","https:\/\/www.facebook.com\/blogdaandreasimonetti\/","https:\/\/www.instagram.com\/andrea_simonetti\/","https:\/\/br.pinterest.com\/BlogAndrea\/","https:\/\/x.com\/https:\/\/twitter.com\/Andrea_Simoneti"],"url":"https:\/\/andreasimonetti.com.br\/blog\/author\/andrea\/"}]}},"_links":{"self":[{"href":"https:\/\/andreasimonetti.com.br\/blog\/wp-json\/wp\/v2\/posts\/11873","targetHints":{"allow":["GET"]}}],"collection":[{"href":"https:\/\/andreasimonetti.com.br\/blog\/wp-json\/wp\/v2\/posts"}],"about":[{"href":"https:\/\/andreasimonetti.com.br\/blog\/wp-json\/wp\/v2\/types\/post"}],"author":[{"embeddable":true,"href":"https:\/\/andreasimonetti.com.br\/blog\/wp-json\/wp\/v2\/users\/7"}],"replies":[{"embeddable":true,"href":"https:\/\/andreasimonetti.com.br\/blog\/wp-json\/wp\/v2\/comments?post=11873"}],"version-history":[{"count":0,"href":"https:\/\/andreasimonetti.com.br\/blog\/wp-json\/wp\/v2\/posts\/11873\/revisions"}],"wp:attachment":[{"href":"https:\/\/andreasimonetti.com.br\/blog\/wp-json\/wp\/v2\/media?parent=11873"}],"wp:term":[{"taxonomy":"category","embeddable":true,"href":"https:\/\/andreasimonetti.com.br\/blog\/wp-json\/wp\/v2\/categories?post=11873"},{"taxonomy":"post_tag","embeddable":true,"href":"https:\/\/andreasimonetti.com.br\/blog\/wp-json\/wp\/v2\/tags?post=11873"}],"curies":[{"name":"wp","href":"https:\/\/api.w.org\/{rel}","templated":true}]}}