{"id":11784,"date":"2014-10-23T09:51:47","date_gmt":"2014-10-23T11:51:47","guid":{"rendered":"http:\/\/blogdaandreasimonetti.com.br\/?p=11784"},"modified":"2018-05-08T16:37:08","modified_gmt":"2018-05-08T19:37:08","slug":"sneakers-poderosos","status":"publish","type":"post","link":"https:\/\/andreasimonetti.com.br\/blog\/sneakers-poderosos\/","title":{"rendered":"Sneakers poderosos !"},"content":{"rendered":"<p>A Cravo &#038; Canela e a Casa de Criadores lan\u00e7am uma cole\u00e7\u00e3o composta por 15 modelos exclusivos de sneakers femininos criados por 15 marcas do evento de moda. Ale Brito, Anderson Tomaz, Arnaldo Ventura, Danilo Costa, Fernando Cozendey, Gefferson Vila Nova, Gralias, Gustavo Carvalho, Igor Dadona, Jadson Raniere, Karin Feller, Kau\u00ea Bueno, Nosotros, Rafael Caetano e Tarc\u00edsio Brand\u00e3o s\u00e3o os nomes dessa parceria, que procurou traduzir a est\u00e9tica de cada participante.<br \/>\nDispon\u00edveis em tr\u00eas op\u00e7\u00f5es de cores cada, com pre\u00e7os de R$ 215 a R$ 420, os modelos poder\u00e3o ser comprados online no hotsite casacravocanela.com.br \u00e0 partir do dia 27 de outubro. <\/p>\n<p>Veja abaixo as fotos da cole\u00e7\u00e3o:<\/p>\n<p><a href=\"http:\/\/blogdaandreasimonetti.com.br\/wp-content\/uploads\/2014\/10\/Sneakers-22-10-14.jpg\" data-rel=\"penci-gallery-image-content\" ><img loading=\"lazy\" decoding=\"async\" class=\"aligncenter size-full wp-image-11785\" src=\"http:\/\/blogdaandreasimonetti.com.br\/wp-content\/uploads\/2014\/10\/Sneakers-22-10-14.jpg\" alt=\"Sneakers 22-10-14\" width=\"720\" height=\"3200\" \/><\/a><\/p>\n<p><strong>Fonte &#8211; Site FFW<\/strong><\/p>\n","protected":false},"excerpt":{"rendered":"<p>A Cravo &#038; Canela e a Casa de Criadores lan\u00e7am uma cole\u00e7\u00e3o composta por 15 modelos exclusivos de sneakers femininos criados por 15 marcas do evento de moda. Ale Brito,&hellip;<\/p>\n","protected":false},"author":7,"featured_media":0,"comment_status":"closed","ping_status":"open","sticky":false,"template":"","format":"standard","meta":{"_monsterinsights_skip_tracking":false,"_monsterinsights_sitenote_active":false,"_monsterinsights_sitenote_note":"","_monsterinsights_sitenote_category":0,"footnotes":""},"categories":[1508,3],"tags":[1845,1844],"class_list":["post-11784","post","type-post","status-publish","format-standard","hentry","category-destaque","category-moda","tag-cravo-e-canela","tag-sneakers"],"yoast_head":"<!-- This site is optimized with the Yoast SEO plugin v26.3 - https:\/\/yoast.com\/wordpress\/plugins\/seo\/ -->\n<title>Sneakers poderosos ! - Andrea Simonetti<\/title>\n<meta name=\"robots\" content=\"index, follow, max-snippet:-1, max-image-preview:large, max-video-preview:-1\" \/>\n<link rel=\"canonical\" href=\"https:\/\/andreasimonetti.com.br\/blog\/sneakers-poderosos\/\" \/>\n<meta property=\"og:locale\" content=\"pt_BR\" \/>\n<meta property=\"og:type\" content=\"article\" \/>\n<meta property=\"og:title\" content=\"Sneakers poderosos ! - Andrea Simonetti\" \/>\n<meta property=\"og:description\" content=\"A Cravo &#038; Canela e a Casa de Criadores lan\u00e7am uma cole\u00e7\u00e3o composta por 15 modelos exclusivos de sneakers femininos criados por 15 marcas do evento de moda. Ale Brito,&hellip;\" \/>\n<meta property=\"og:url\" content=\"https:\/\/andreasimonetti.com.br\/blog\/sneakers-poderosos\/\" \/>\n<meta property=\"og:site_name\" content=\"Andrea Simonetti\" \/>\n<meta property=\"article:publisher\" content=\"https:\/\/www.facebook.com\/blogdaandreasimonetti\/\" \/>\n<meta property=\"article:author\" content=\"https:\/\/www.facebook.com\/blogdaandreasimonetti\/\" \/>\n<meta property=\"article:published_time\" content=\"2014-10-23T11:51:47+00:00\" \/>\n<meta property=\"article:modified_time\" content=\"2018-05-08T19:37:08+00:00\" \/>\n<meta property=\"og:image\" content=\"http:\/\/blogdaandreasimonetti.com.br\/wp-content\/uploads\/2014\/10\/Sneakers-22-10-14.jpg\" \/>\n<meta name=\"author\" content=\"Andrea Simonetti\" \/>\n<meta name=\"twitter:card\" content=\"summary_large_image\" \/>\n<meta name=\"twitter:creator\" content=\"@https:\/\/twitter.com\/Andrea_Simoneti\" \/>\n<meta name=\"twitter:site\" content=\"@Andrea_Simoneti\" \/>\n<meta name=\"twitter:label1\" content=\"Escrito por\" \/>\n\t<meta name=\"twitter:data1\" content=\"Andrea Simonetti\" \/>\n\t<meta name=\"twitter:label2\" content=\"Est. tempo de leitura\" \/>\n\t<meta name=\"twitter:data2\" content=\"1 minuto\" \/>\n<!-- \/ Yoast SEO plugin. -->","yoast_head_json":{"title":"Sneakers poderosos ! - Andrea Simonetti","robots":{"index":"index","follow":"follow","max-snippet":"max-snippet:-1","max-image-preview":"max-image-preview:large","max-video-preview":"max-video-preview:-1"},"canonical":"https:\/\/andreasimonetti.com.br\/blog\/sneakers-poderosos\/","og_locale":"pt_BR","og_type":"article","og_title":"Sneakers poderosos ! - Andrea Simonetti","og_description":"A Cravo &#038; Canela e a Casa de Criadores lan\u00e7am uma cole\u00e7\u00e3o composta por 15 modelos exclusivos de sneakers femininos criados por 15 marcas do evento de moda. Ale Brito,&hellip;","og_url":"https:\/\/andreasimonetti.com.br\/blog\/sneakers-poderosos\/","og_site_name":"Andrea Simonetti","article_publisher":"https:\/\/www.facebook.com\/blogdaandreasimonetti\/","article_author":"https:\/\/www.facebook.com\/blogdaandreasimonetti\/","article_published_time":"2014-10-23T11:51:47+00:00","article_modified_time":"2018-05-08T19:37:08+00:00","og_image":[{"url":"http:\/\/blogdaandreasimonetti.com.br\/wp-content\/uploads\/2014\/10\/Sneakers-22-10-14.jpg","type":"","width":"","height":""}],"author":"Andrea Simonetti","twitter_card":"summary_large_image","twitter_creator":"@https:\/\/twitter.com\/Andrea_Simoneti","twitter_site":"@Andrea_Simoneti","twitter_misc":{"Escrito por":"Andrea Simonetti","Est. tempo de leitura":"1 minuto"},"schema":{"@context":"https:\/\/schema.org","@graph":[{"@type":"WebPage","@id":"https:\/\/andreasimonetti.com.br\/blog\/sneakers-poderosos\/","url":"https:\/\/andreasimonetti.com.br\/blog\/sneakers-poderosos\/","name":"Sneakers poderosos ! - Andrea Simonetti","isPartOf":{"@id":"https:\/\/andreasimonetti.com.br\/blog\/#website"},"primaryImageOfPage":{"@id":"https:\/\/andreasimonetti.com.br\/blog\/sneakers-poderosos\/#primaryimage"},"image":{"@id":"https:\/\/andreasimonetti.com.br\/blog\/sneakers-poderosos\/#primaryimage"},"thumbnailUrl":"http:\/\/blogdaandreasimonetti.com.br\/wp-content\/uploads\/2014\/10\/Sneakers-22-10-14.jpg","datePublished":"2014-10-23T11:51:47+00:00","dateModified":"2018-05-08T19:37:08+00:00","author":{"@id":"https:\/\/andreasimonetti.com.br\/blog\/#\/schema\/person\/254f763c24ac288e27ea738a7366ad2a"},"breadcrumb":{"@id":"https:\/\/andreasimonetti.com.br\/blog\/sneakers-poderosos\/#breadcrumb"},"inLanguage":"pt-BR","potentialAction":[{"@type":"ReadAction","target":["https:\/\/andreasimonetti.com.br\/blog\/sneakers-poderosos\/"]}]},{"@type":"ImageObject","inLanguage":"pt-BR","@id":"https:\/\/andreasimonetti.com.br\/blog\/sneakers-poderosos\/#primaryimage","url":"http:\/\/blogdaandreasimonetti.com.br\/wp-content\/uploads\/2014\/10\/Sneakers-22-10-14.jpg","contentUrl":"http:\/\/blogdaandreasimonetti.com.br\/wp-content\/uploads\/2014\/10\/Sneakers-22-10-14.jpg"},{"@type":"BreadcrumbList","@id":"https:\/\/andreasimonetti.com.br\/blog\/sneakers-poderosos\/#breadcrumb","itemListElement":[{"@type":"ListItem","position":1,"name":"In\u00edcio","item":"https:\/\/andreasimonetti.com.br\/blog\/"},{"@type":"ListItem","position":2,"name":"Sneakers poderosos !"}]},{"@type":"WebSite","@id":"https:\/\/andreasimonetti.com.br\/blog\/#website","url":"https:\/\/andreasimonetti.com.br\/blog\/","name":"Andrea Simonetti","description":"","potentialAction":[{"@type":"SearchAction","target":{"@type":"EntryPoint","urlTemplate":"https:\/\/andreasimonetti.com.br\/blog\/?s={search_term_string}"},"query-input":{"@type":"PropertyValueSpecification","valueRequired":true,"valueName":"search_term_string"}}],"inLanguage":"pt-BR"},{"@type":"Person","@id":"https:\/\/andreasimonetti.com.br\/blog\/#\/schema\/person\/254f763c24ac288e27ea738a7366ad2a","name":"Andrea Simonetti","image":{"@type":"ImageObject","inLanguage":"pt-BR","@id":"https:\/\/andreasimonetti.com.br\/blog\/#\/schema\/person\/image\/","url":"https:\/\/andreasimonetti.com.br\/blog\/wp-content\/uploads\/2018\/04\/andrea-simonetti-96x96.png","contentUrl":"https:\/\/andreasimonetti.com.br\/blog\/wp-content\/uploads\/2018\/04\/andrea-simonetti-96x96.png","caption":"Andrea Simonetti"},"description":"Sou formada em Administra\u00e7\u00e3o de Empresas, Produ\u00e7\u00e3o de Moda pelo SENAC e Consultoria de Estilo. Sou fascinada por moda desde sempre, adoro ver as pessoas produzidas e de bem com a vida. Moda \u00e9 o meu assunto preferido. Comecei meu blog em 2011, ele cresceu e hoje \u00e9 um site bem mais abrangente, onde eu falo sobre moda e meu trabalho de consultora de estilo. E falo tamb\u00e9m sobre a minha experi\u00eancia de vida. Mas antes de tudo, acredito num Deus Soberano que nos guia e aben\u00e7oa, o tempo todo!","sameAs":["https:\/\/www.andreasimonetti.com.br\/","https:\/\/www.facebook.com\/blogdaandreasimonetti\/","https:\/\/www.instagram.com\/andrea_simonetti\/","https:\/\/br.pinterest.com\/BlogAndrea\/","https:\/\/x.com\/https:\/\/twitter.com\/Andrea_Simoneti"],"url":"https:\/\/andreasimonetti.com.br\/blog\/author\/andrea\/"}]}},"_links":{"self":[{"href":"https:\/\/andreasimonetti.com.br\/blog\/wp-json\/wp\/v2\/posts\/11784","targetHints":{"allow":["GET"]}}],"collection":[{"href":"https:\/\/andreasimonetti.com.br\/blog\/wp-json\/wp\/v2\/posts"}],"about":[{"href":"https:\/\/andreasimonetti.com.br\/blog\/wp-json\/wp\/v2\/types\/post"}],"author":[{"embeddable":true,"href":"https:\/\/andreasimonetti.com.br\/blog\/wp-json\/wp\/v2\/users\/7"}],"replies":[{"embeddable":true,"href":"https:\/\/andreasimonetti.com.br\/blog\/wp-json\/wp\/v2\/comments?post=11784"}],"version-history":[{"count":0,"href":"https:\/\/andreasimonetti.com.br\/blog\/wp-json\/wp\/v2\/posts\/11784\/revisions"}],"wp:attachment":[{"href":"https:\/\/andreasimonetti.com.br\/blog\/wp-json\/wp\/v2\/media?parent=11784"}],"wp:term":[{"taxonomy":"category","embeddable":true,"href":"https:\/\/andreasimonetti.com.br\/blog\/wp-json\/wp\/v2\/categories?post=11784"},{"taxonomy":"post_tag","embeddable":true,"href":"https:\/\/andreasimonetti.com.br\/blog\/wp-json\/wp\/v2\/tags?post=11784"}],"curies":[{"name":"wp","href":"https:\/\/api.w.org\/{rel}","templated":true}]}}