{"id":11756,"date":"2014-10-23T09:47:56","date_gmt":"2014-10-23T11:47:56","guid":{"rendered":"http:\/\/blogdaandreasimonetti.com.br\/?p=11756"},"modified":"2018-05-25T08:30:25","modified_gmt":"2018-05-25T11:30:25","slug":"meu-look-body-preto","status":"publish","type":"post","link":"https:\/\/andreasimonetti.com.br\/blog\/meu-look-body-preto\/","title":{"rendered":"Meu Look : Body preto"},"content":{"rendered":"<p>O body \u00e9 uma pe\u00e7a que pode deixar o look despojado ou sexy. A cor preta e o detalhe do ziper na frente criam um ar sexy do look, refor\u00e7ado pela estampa da saia.<br \/>\nO cabelo preso deu um ar de sofistica\u00e7\u00e3o, era isso que eu queria para quebrar o sexy do body.<br \/>\nAcess\u00f3rios : apenas um bracelete.<\/p>\n<p><a href=\"http:\/\/blogdaandreasimonetti.com.br\/wp-content\/uploads\/2014\/10\/SBFS-LOOK-ANDREA-copy.jpg\" data-rel=\"penci-gallery-image-content\" ><img loading=\"lazy\" decoding=\"async\" src=\"http:\/\/blogdaandreasimonetti.com.br\/wp-content\/uploads\/2014\/10\/SBFS-LOOK-ANDREA-copy.jpg\" alt=\"SBFS LOOK ANDREA copy\" width=\"720\" height=\"3700\" class=\"aligncenter size-full wp-image-11757\" srcset=\"https:\/\/andreasimonetti.com.br\/blog\/wp-content\/uploads\/2014\/10\/SBFS-LOOK-ANDREA-copy.jpg 720w, https:\/\/andreasimonetti.com.br\/blog\/wp-content\/uploads\/2014\/10\/SBFS-LOOK-ANDREA-copy-199x1024.jpg 199w\" sizes=\"auto, (max-width: 720px) 100vw, 720px\" \/><\/a><\/p>\n<p>Cr\u00e9ditos &#8211; Body(Carmen Steffens) Saia (Caos) Sand\u00e1lia e bolsa (Carmen Steffens)<br \/>\nMake e hair &#8211; Dinard`s Hair Fashion<br \/>\nFotos &#8211; Renan Casal<\/p>\n","protected":false},"excerpt":{"rendered":"<p>O body \u00e9 uma pe\u00e7a que pode deixar o look despojado ou sexy. A cor preta e o detalhe do ziper na frente criam um ar sexy do look, refor\u00e7ado&hellip;<\/p>\n","protected":false},"author":7,"featured_media":0,"comment_status":"open","ping_status":"open","sticky":false,"template":"","format":"standard","meta":{"_monsterinsights_skip_tracking":false,"_monsterinsights_sitenote_active":false,"_monsterinsights_sitenote_note":"","_monsterinsights_sitenote_category":0,"footnotes":""},"categories":[1508,3],"tags":[781,116,1843],"class_list":["post-11756","post","type-post","status-publish","format-standard","hentry","category-destaque","category-moda","tag-caos-moda","tag-meu-look-2","tag-meu-look-body-preto"],"yoast_head":"<!-- This site is optimized with the Yoast SEO plugin v26.3 - https:\/\/yoast.com\/wordpress\/plugins\/seo\/ -->\n<title>Meu Look : Body preto - Andrea Simonetti<\/title>\n<meta name=\"robots\" content=\"index, follow, max-snippet:-1, max-image-preview:large, max-video-preview:-1\" \/>\n<link rel=\"canonical\" href=\"https:\/\/andreasimonetti.com.br\/blog\/meu-look-body-preto\/\" \/>\n<meta property=\"og:locale\" content=\"pt_BR\" \/>\n<meta property=\"og:type\" content=\"article\" \/>\n<meta property=\"og:title\" content=\"Meu Look : Body preto - Andrea Simonetti\" \/>\n<meta property=\"og:description\" content=\"O body \u00e9 uma pe\u00e7a que pode deixar o look despojado ou sexy. A cor preta e o detalhe do ziper na frente criam um ar sexy do look, refor\u00e7ado&hellip;\" \/>\n<meta property=\"og:url\" content=\"https:\/\/andreasimonetti.com.br\/blog\/meu-look-body-preto\/\" \/>\n<meta property=\"og:site_name\" content=\"Andrea Simonetti\" \/>\n<meta property=\"article:publisher\" content=\"https:\/\/www.facebook.com\/blogdaandreasimonetti\/\" \/>\n<meta property=\"article:author\" content=\"https:\/\/www.facebook.com\/blogdaandreasimonetti\/\" \/>\n<meta property=\"article:published_time\" content=\"2014-10-23T11:47:56+00:00\" \/>\n<meta property=\"article:modified_time\" content=\"2018-05-25T11:30:25+00:00\" \/>\n<meta property=\"og:image\" content=\"https:\/\/andreasimonetti.com.br\/blog\/wp-content\/uploads\/2014\/10\/SBFS-LOOK-ANDREA-copy.jpg\" \/>\n\t<meta property=\"og:image:width\" content=\"720\" \/>\n\t<meta property=\"og:image:height\" content=\"3700\" \/>\n\t<meta property=\"og:image:type\" content=\"image\/jpeg\" \/>\n<meta name=\"author\" content=\"Andrea Simonetti\" \/>\n<meta name=\"twitter:card\" content=\"summary_large_image\" \/>\n<meta name=\"twitter:creator\" content=\"@https:\/\/twitter.com\/Andrea_Simoneti\" \/>\n<meta name=\"twitter:site\" content=\"@Andrea_Simoneti\" \/>\n<meta name=\"twitter:label1\" content=\"Escrito por\" \/>\n\t<meta name=\"twitter:data1\" content=\"Andrea Simonetti\" \/>\n<!-- \/ Yoast SEO plugin. -->","yoast_head_json":{"title":"Meu Look : Body preto - Andrea Simonetti","robots":{"index":"index","follow":"follow","max-snippet":"max-snippet:-1","max-image-preview":"max-image-preview:large","max-video-preview":"max-video-preview:-1"},"canonical":"https:\/\/andreasimonetti.com.br\/blog\/meu-look-body-preto\/","og_locale":"pt_BR","og_type":"article","og_title":"Meu Look : Body preto - Andrea Simonetti","og_description":"O body \u00e9 uma pe\u00e7a que pode deixar o look despojado ou sexy. A cor preta e o detalhe do ziper na frente criam um ar sexy do look, refor\u00e7ado&hellip;","og_url":"https:\/\/andreasimonetti.com.br\/blog\/meu-look-body-preto\/","og_site_name":"Andrea Simonetti","article_publisher":"https:\/\/www.facebook.com\/blogdaandreasimonetti\/","article_author":"https:\/\/www.facebook.com\/blogdaandreasimonetti\/","article_published_time":"2014-10-23T11:47:56+00:00","article_modified_time":"2018-05-25T11:30:25+00:00","og_image":[{"width":720,"height":3700,"url":"https:\/\/andreasimonetti.com.br\/blog\/wp-content\/uploads\/2014\/10\/SBFS-LOOK-ANDREA-copy.jpg","type":"image\/jpeg"}],"author":"Andrea Simonetti","twitter_card":"summary_large_image","twitter_creator":"@https:\/\/twitter.com\/Andrea_Simoneti","twitter_site":"@Andrea_Simoneti","twitter_misc":{"Escrito por":"Andrea Simonetti"},"schema":{"@context":"https:\/\/schema.org","@graph":[{"@type":"WebPage","@id":"https:\/\/andreasimonetti.com.br\/blog\/meu-look-body-preto\/","url":"https:\/\/andreasimonetti.com.br\/blog\/meu-look-body-preto\/","name":"Meu Look : Body preto - Andrea Simonetti","isPartOf":{"@id":"https:\/\/andreasimonetti.com.br\/blog\/#website"},"primaryImageOfPage":{"@id":"https:\/\/andreasimonetti.com.br\/blog\/meu-look-body-preto\/#primaryimage"},"image":{"@id":"https:\/\/andreasimonetti.com.br\/blog\/meu-look-body-preto\/#primaryimage"},"thumbnailUrl":"http:\/\/blogdaandreasimonetti.com.br\/wp-content\/uploads\/2014\/10\/SBFS-LOOK-ANDREA-copy.jpg","datePublished":"2014-10-23T11:47:56+00:00","dateModified":"2018-05-25T11:30:25+00:00","author":{"@id":"https:\/\/andreasimonetti.com.br\/blog\/#\/schema\/person\/254f763c24ac288e27ea738a7366ad2a"},"breadcrumb":{"@id":"https:\/\/andreasimonetti.com.br\/blog\/meu-look-body-preto\/#breadcrumb"},"inLanguage":"pt-BR","potentialAction":[{"@type":"ReadAction","target":["https:\/\/andreasimonetti.com.br\/blog\/meu-look-body-preto\/"]}]},{"@type":"ImageObject","inLanguage":"pt-BR","@id":"https:\/\/andreasimonetti.com.br\/blog\/meu-look-body-preto\/#primaryimage","url":"http:\/\/blogdaandreasimonetti.com.br\/wp-content\/uploads\/2014\/10\/SBFS-LOOK-ANDREA-copy.jpg","contentUrl":"http:\/\/blogdaandreasimonetti.com.br\/wp-content\/uploads\/2014\/10\/SBFS-LOOK-ANDREA-copy.jpg"},{"@type":"BreadcrumbList","@id":"https:\/\/andreasimonetti.com.br\/blog\/meu-look-body-preto\/#breadcrumb","itemListElement":[{"@type":"ListItem","position":1,"name":"In\u00edcio","item":"https:\/\/andreasimonetti.com.br\/blog\/"},{"@type":"ListItem","position":2,"name":"Meu Look : Body preto"}]},{"@type":"WebSite","@id":"https:\/\/andreasimonetti.com.br\/blog\/#website","url":"https:\/\/andreasimonetti.com.br\/blog\/","name":"Andrea Simonetti","description":"","potentialAction":[{"@type":"SearchAction","target":{"@type":"EntryPoint","urlTemplate":"https:\/\/andreasimonetti.com.br\/blog\/?s={search_term_string}"},"query-input":{"@type":"PropertyValueSpecification","valueRequired":true,"valueName":"search_term_string"}}],"inLanguage":"pt-BR"},{"@type":"Person","@id":"https:\/\/andreasimonetti.com.br\/blog\/#\/schema\/person\/254f763c24ac288e27ea738a7366ad2a","name":"Andrea Simonetti","image":{"@type":"ImageObject","inLanguage":"pt-BR","@id":"https:\/\/andreasimonetti.com.br\/blog\/#\/schema\/person\/image\/","url":"https:\/\/andreasimonetti.com.br\/blog\/wp-content\/uploads\/2018\/04\/andrea-simonetti-96x96.png","contentUrl":"https:\/\/andreasimonetti.com.br\/blog\/wp-content\/uploads\/2018\/04\/andrea-simonetti-96x96.png","caption":"Andrea Simonetti"},"description":"Sou formada em Administra\u00e7\u00e3o de Empresas, Produ\u00e7\u00e3o de Moda pelo SENAC e Consultoria de Estilo. Sou fascinada por moda desde sempre, adoro ver as pessoas produzidas e de bem com a vida. Moda \u00e9 o meu assunto preferido. Comecei meu blog em 2011, ele cresceu e hoje \u00e9 um site bem mais abrangente, onde eu falo sobre moda e meu trabalho de consultora de estilo. E falo tamb\u00e9m sobre a minha experi\u00eancia de vida. Mas antes de tudo, acredito num Deus Soberano que nos guia e aben\u00e7oa, o tempo todo!","sameAs":["https:\/\/www.andreasimonetti.com.br\/","https:\/\/www.facebook.com\/blogdaandreasimonetti\/","https:\/\/www.instagram.com\/andrea_simonetti\/","https:\/\/br.pinterest.com\/BlogAndrea\/","https:\/\/x.com\/https:\/\/twitter.com\/Andrea_Simoneti"],"url":"https:\/\/andreasimonetti.com.br\/blog\/author\/andrea\/"}]}},"_links":{"self":[{"href":"https:\/\/andreasimonetti.com.br\/blog\/wp-json\/wp\/v2\/posts\/11756","targetHints":{"allow":["GET"]}}],"collection":[{"href":"https:\/\/andreasimonetti.com.br\/blog\/wp-json\/wp\/v2\/posts"}],"about":[{"href":"https:\/\/andreasimonetti.com.br\/blog\/wp-json\/wp\/v2\/types\/post"}],"author":[{"embeddable":true,"href":"https:\/\/andreasimonetti.com.br\/blog\/wp-json\/wp\/v2\/users\/7"}],"replies":[{"embeddable":true,"href":"https:\/\/andreasimonetti.com.br\/blog\/wp-json\/wp\/v2\/comments?post=11756"}],"version-history":[{"count":0,"href":"https:\/\/andreasimonetti.com.br\/blog\/wp-json\/wp\/v2\/posts\/11756\/revisions"}],"wp:attachment":[{"href":"https:\/\/andreasimonetti.com.br\/blog\/wp-json\/wp\/v2\/media?parent=11756"}],"wp:term":[{"taxonomy":"category","embeddable":true,"href":"https:\/\/andreasimonetti.com.br\/blog\/wp-json\/wp\/v2\/categories?post=11756"},{"taxonomy":"post_tag","embeddable":true,"href":"https:\/\/andreasimonetti.com.br\/blog\/wp-json\/wp\/v2\/tags?post=11756"}],"curies":[{"name":"wp","href":"https:\/\/api.w.org\/{rel}","templated":true}]}}