{"id":11520,"date":"2014-09-27T21:35:30","date_gmt":"2014-09-28T00:35:30","guid":{"rendered":"http:\/\/blogdaandreasimonetti.com.br\/?p=11520"},"modified":"2018-05-25T08:48:24","modified_gmt":"2018-05-25T11:48:24","slug":"passarelas-inspiradoras","status":"publish","type":"post","link":"https:\/\/andreasimonetti.com.br\/blog\/passarelas-inspiradoras\/","title":{"rendered":"Passarelas inspiradoras !"},"content":{"rendered":"<p>Selecionei alguns destaques das recentes semanas de moda de Nova York, Londres, Mil\u00e3o e Paris. O que se viu nas passarelas foi um show de criatividade, cores e luxo de um ver\u00e3o que promete entrar para a hist\u00f3ria da moda. As marcas apresentaram produ\u00e7\u00f5es das mais discretas at\u00e9 as mais exuberantes, para agradar diferentes estilos de mulheres em todo o mundo. Sim, a moda \u00e9 cada vez mais global com refer\u00eancias e c\u00f3digos captados em uma avenida em T\u00f3kio ou numa regi\u00e3o pouco habitada na Am\u00e9rica Central. O mais importante \u00e9 que a mulher sinta-se bem, linda e al\u00e9m do seu tempo. Inspire-se.<\/p>\n<p><a href=\"http:\/\/blogdaandreasimonetti.com.br\/wp-content\/uploads\/2014\/09\/DOLCE-GABANNA.jpg\" data-rel=\"penci-gallery-image-content\" ><img loading=\"lazy\" decoding=\"async\" class=\"wp-image-11521 size-large aligncenter\" src=\"http:\/\/blogdaandreasimonetti.com.br\/wp-content\/uploads\/2014\/09\/DOLCE-GABANNA-507x1024.jpg\" alt=\"DOLCE &amp; GABANNA\" width=\"507\" height=\"1024\" srcset=\"https:\/\/andreasimonetti.com.br\/blog\/wp-content\/uploads\/2014\/09\/DOLCE-GABANNA-507x1024.jpg 507w, https:\/\/andreasimonetti.com.br\/blog\/wp-content\/uploads\/2014\/09\/DOLCE-GABANNA-148x300.jpg 148w\" sizes=\"auto, (max-width: 507px) 100vw, 507px\" \/><\/a>\u00a0O estilo Dolce &amp; Gabbana \u00e9 inconfund\u00edvel :<\/p>\n<p>-cores contrastantes e ornamentos luxuosos que refor\u00e7am uma beleza atemporal.<\/p>\n<p><a href=\"http:\/\/blogdaandreasimonetti.com.br\/wp-content\/uploads\/2014\/09\/GIORGIO-ARMANI.jpg\" data-rel=\"penci-gallery-image-content\" ><img loading=\"lazy\" decoding=\"async\" class=\"aligncenter wp-image-11522 size-large\" src=\"http:\/\/blogdaandreasimonetti.com.br\/wp-content\/uploads\/2014\/09\/GIORGIO-ARMANI-507x1024.jpg\" alt=\"GIORGIO ARMANI\" width=\"507\" height=\"1024\" srcset=\"https:\/\/andreasimonetti.com.br\/blog\/wp-content\/uploads\/2014\/09\/GIORGIO-ARMANI-507x1024.jpg 507w, https:\/\/andreasimonetti.com.br\/blog\/wp-content\/uploads\/2014\/09\/GIORGIO-ARMANI-148x300.jpg 148w\" sizes=\"auto, (max-width: 507px) 100vw, 507px\" \/><\/a>Esse \u00e9 o ver\u00e3o das transpar\u00eancias e das sobreposi\u00e7\u00f5es.<\/p>\n<p>O branco aparece muito. E Giorgio Armani reuniu tudo isso nesse look.<\/p>\n<p><a href=\"http:\/\/blogdaandreasimonetti.com.br\/wp-content\/uploads\/2014\/09\/MOSCHINO.jpg\" data-rel=\"penci-gallery-image-content\" ><img loading=\"lazy\" decoding=\"async\" class=\"aligncenter wp-image-11523 size-large\" src=\"http:\/\/blogdaandreasimonetti.com.br\/wp-content\/uploads\/2014\/09\/MOSCHINO-507x1024.jpg\" alt=\"MOSCHINO\" width=\"507\" height=\"1024\" srcset=\"https:\/\/andreasimonetti.com.br\/blog\/wp-content\/uploads\/2014\/09\/MOSCHINO-507x1024.jpg 507w, https:\/\/andreasimonetti.com.br\/blog\/wp-content\/uploads\/2014\/09\/MOSCHINO-148x300.jpg 148w\" sizes=\"auto, (max-width: 507px) 100vw, 507px\" \/><\/a>\u00a0Moschino \u00e9 marca que n\u00e3o tem medo de arrojar.<\/p>\n<p>O desfile baseado na boneca Barbie j\u00e1 um dos mais comentados da temporada.<\/p>\n<p><a href=\"http:\/\/blogdaandreasimonetti.com.br\/wp-content\/uploads\/2014\/09\/GUCCI.jpg\" data-rel=\"penci-gallery-image-content\" ><img loading=\"lazy\" decoding=\"async\" class=\"aligncenter wp-image-11524 size-large\" src=\"http:\/\/blogdaandreasimonetti.com.br\/wp-content\/uploads\/2014\/09\/GUCCI-507x1024.jpg\" alt=\"GUCCI\" width=\"507\" height=\"1024\" srcset=\"https:\/\/andreasimonetti.com.br\/blog\/wp-content\/uploads\/2014\/09\/GUCCI-507x1024.jpg 507w, https:\/\/andreasimonetti.com.br\/blog\/wp-content\/uploads\/2014\/09\/GUCCI-148x300.jpg 148w\" sizes=\"auto, (max-width: 507px) 100vw, 507px\" \/><\/a>\u00a0A mulher de Gucci \u00e9 contempor\u00e2nea, elegante.<\/p>\n<p>As aplica\u00e7\u00f5es com temas floral em tecidos delicados indicam o refinamento da cole\u00e7\u00e3o.<\/p>\n<p><a href=\"http:\/\/blogdaandreasimonetti.com.br\/wp-content\/uploads\/2014\/09\/PRADA.jpg\" data-rel=\"penci-gallery-image-content\" ><img loading=\"lazy\" decoding=\"async\" class=\"aligncenter wp-image-11525 size-large\" src=\"http:\/\/blogdaandreasimonetti.com.br\/wp-content\/uploads\/2014\/09\/PRADA-507x1024.jpg\" alt=\"PRADA\" width=\"507\" height=\"1024\" srcset=\"https:\/\/andreasimonetti.com.br\/blog\/wp-content\/uploads\/2014\/09\/PRADA-507x1024.jpg 507w, https:\/\/andreasimonetti.com.br\/blog\/wp-content\/uploads\/2014\/09\/PRADA-148x300.jpg 148w\" sizes=\"auto, (max-width: 507px) 100vw, 507px\" \/><\/a>\u00a0Fashionistas dizem que o laranja \u00e9 o pretinho b\u00e1sico da esta\u00e7\u00e3o, ou seja, indispens\u00e1vel.<\/p>\n<p>Prada apresentou elementos da cor nesse modelo justinho, comprimento midi.<\/p>\n<p><a href=\"http:\/\/blogdaandreasimonetti.com.br\/wp-content\/uploads\/2014\/09\/VERSACE.jpg\" data-rel=\"penci-gallery-image-content\" ><img loading=\"lazy\" decoding=\"async\" class=\"aligncenter wp-image-11526 size-large\" src=\"http:\/\/blogdaandreasimonetti.com.br\/wp-content\/uploads\/2014\/09\/VERSACE-507x1024.jpg\" alt=\"VERSACE\" width=\"507\" height=\"1024\" srcset=\"https:\/\/andreasimonetti.com.br\/blog\/wp-content\/uploads\/2014\/09\/VERSACE-507x1024.jpg 507w, https:\/\/andreasimonetti.com.br\/blog\/wp-content\/uploads\/2014\/09\/VERSACE-148x300.jpg 148w\" sizes=\"auto, (max-width: 507px) 100vw, 507px\" \/><\/a>\u00a0Corte a laser criando efeitos vazados.<\/p>\n<p>A alta tecnologia est\u00e1 a servi\u00e7o da moda para criar pe\u00e7as incr\u00edveis como essa de Versace.<\/p>\n<p><a href=\"http:\/\/blogdaandreasimonetti.com.br\/wp-content\/uploads\/2014\/09\/TOM-FORD.jpg\" data-rel=\"penci-gallery-image-content\" ><img loading=\"lazy\" decoding=\"async\" class=\"aligncenter wp-image-11527 size-large\" src=\"http:\/\/blogdaandreasimonetti.com.br\/wp-content\/uploads\/2014\/09\/TOM-FORD-507x1024.jpg\" alt=\"TOM FORD\" width=\"507\" height=\"1024\" srcset=\"https:\/\/andreasimonetti.com.br\/blog\/wp-content\/uploads\/2014\/09\/TOM-FORD-507x1024.jpg 507w, https:\/\/andreasimonetti.com.br\/blog\/wp-content\/uploads\/2014\/09\/TOM-FORD-148x300.jpg 148w\" sizes=\"auto, (max-width: 507px) 100vw, 507px\" \/><\/a>\u00a0Sim, nesse ver\u00e3o 2015 o preto tamb\u00e9m \u00e9 presen\u00e7a garantida.<\/p>\n<p>Qual a mulher que vive sem ele ? Uma cria\u00e7\u00e3o Tom Ford.<\/p>\n<p><a href=\"http:\/\/blogdaandreasimonetti.com.br\/wp-content\/uploads\/2014\/09\/BURBERRY-PRORSUM.jpg\" data-rel=\"penci-gallery-image-content\" ><img loading=\"lazy\" decoding=\"async\" class=\"aligncenter wp-image-11528 size-large\" src=\"http:\/\/blogdaandreasimonetti.com.br\/wp-content\/uploads\/2014\/09\/BURBERRY-PRORSUM-507x1024.jpg\" alt=\"BURBERRY PRORSUM\" width=\"507\" height=\"1024\" srcset=\"https:\/\/andreasimonetti.com.br\/blog\/wp-content\/uploads\/2014\/09\/BURBERRY-PRORSUM-507x1024.jpg 507w, https:\/\/andreasimonetti.com.br\/blog\/wp-content\/uploads\/2014\/09\/BURBERRY-PRORSUM-148x300.jpg 148w\" sizes=\"auto, (max-width: 507px) 100vw, 507px\" \/><\/a>\u00a0O romantismo nunca sai de moda.<\/p>\n<p>O vestido rosa da Burberry Prorsum usado com t\u00eanis mostra uma eleg\u00e2ncia despojada.<\/p>\n<p><a href=\"http:\/\/blogdaandreasimonetti.com.br\/wp-content\/uploads\/2014\/09\/BALENCIAGA.jpg\" data-rel=\"penci-gallery-image-content\" ><img loading=\"lazy\" decoding=\"async\" class=\"aligncenter wp-image-11529 \" src=\"http:\/\/blogdaandreasimonetti.com.br\/wp-content\/uploads\/2014\/09\/BALENCIAGA-682x1024.jpg\" alt=\"BALENCIAGA\" width=\"506\" height=\"761\" srcset=\"https:\/\/andreasimonetti.com.br\/blog\/wp-content\/uploads\/2014\/09\/BALENCIAGA-682x1024.jpg 682w, https:\/\/andreasimonetti.com.br\/blog\/wp-content\/uploads\/2014\/09\/BALENCIAGA-200x300.jpg 200w\" sizes=\"auto, (max-width: 506px) 100vw, 506px\" \/><\/a><br \/>\nA dupla black &amp; white continua imbat\u00edvel.<\/p>\n<p>E o minimalismo tamb\u00e9m. Balenciaga apresentou looks em que a palavra de ordem \u00e9 simplicidade.<\/p>\n<p><a href=\"http:\/\/blogdaandreasimonetti.com.br\/wp-content\/uploads\/2014\/09\/FELDER-FELDER.jpg\" data-rel=\"penci-gallery-image-content\" ><img loading=\"lazy\" decoding=\"async\" class=\"aligncenter wp-image-11530 \" src=\"http:\/\/blogdaandreasimonetti.com.br\/wp-content\/uploads\/2014\/09\/FELDER-FELDER.jpg\" alt=\"FELDER FELDER\" width=\"513\" height=\"772\" srcset=\"https:\/\/andreasimonetti.com.br\/blog\/wp-content\/uploads\/2014\/09\/FELDER-FELDER.jpg 720w, https:\/\/andreasimonetti.com.br\/blog\/wp-content\/uploads\/2014\/09\/FELDER-FELDER-199x300.jpg 199w, https:\/\/andreasimonetti.com.br\/blog\/wp-content\/uploads\/2014\/09\/FELDER-FELDER-680x1024.jpg 680w\" sizes=\"auto, (max-width: 513px) 100vw, 513px\" \/><\/a>\u00a0A combina\u00e7\u00e3o camisa, mini saia e botas altas vai tomar conta das ruas em breve, pode apostar.<\/p>\n<p>A marca Felder Felder criou looks incr\u00edveis nesse estilo.<\/p>\n","protected":false},"excerpt":{"rendered":"<p>Selecionei alguns destaques das recentes semanas de moda de Nova York, Londres, Mil\u00e3o e Paris. O que se viu nas passarelas foi um show de criatividade, cores e luxo de&hellip;<\/p>\n","protected":false},"author":7,"featured_media":0,"comment_status":"open","ping_status":"open","sticky":false,"template":"","format":"standard","meta":{"_monsterinsights_skip_tracking":false,"_monsterinsights_sitenote_active":false,"_monsterinsights_sitenote_note":"","_monsterinsights_sitenote_category":0,"footnotes":""},"categories":[1508,3],"tags":[1800,1801,1442],"class_list":["post-11520","post","type-post","status-publish","format-standard","hentry","category-destaque","category-moda","tag-destaques-dos-desfiles-de-ny","tag-londres-e-paris","tag-milao"],"yoast_head":"<!-- This site is optimized with the Yoast SEO plugin v26.3 - https:\/\/yoast.com\/wordpress\/plugins\/seo\/ -->\n<title>Passarelas inspiradoras ! - Andrea Simonetti<\/title>\n<meta name=\"robots\" content=\"index, follow, max-snippet:-1, max-image-preview:large, max-video-preview:-1\" \/>\n<link rel=\"canonical\" href=\"https:\/\/andreasimonetti.com.br\/blog\/passarelas-inspiradoras\/\" \/>\n<meta property=\"og:locale\" content=\"pt_BR\" \/>\n<meta property=\"og:type\" content=\"article\" \/>\n<meta property=\"og:title\" content=\"Passarelas inspiradoras ! - Andrea Simonetti\" \/>\n<meta property=\"og:description\" content=\"Selecionei alguns destaques das recentes semanas de moda de Nova York, Londres, Mil\u00e3o e Paris. O que se viu nas passarelas foi um show de criatividade, cores e luxo de&hellip;\" \/>\n<meta property=\"og:url\" content=\"https:\/\/andreasimonetti.com.br\/blog\/passarelas-inspiradoras\/\" \/>\n<meta property=\"og:site_name\" content=\"Andrea Simonetti\" \/>\n<meta property=\"article:publisher\" content=\"https:\/\/www.facebook.com\/blogdaandreasimonetti\/\" \/>\n<meta property=\"article:author\" content=\"https:\/\/www.facebook.com\/blogdaandreasimonetti\/\" \/>\n<meta property=\"article:published_time\" content=\"2014-09-28T00:35:30+00:00\" \/>\n<meta property=\"article:modified_time\" content=\"2018-05-25T11:48:24+00:00\" \/>\n<meta property=\"og:image\" content=\"http:\/\/blogdaandreasimonetti.com.br\/wp-content\/uploads\/2014\/09\/DOLCE-GABANNA-507x1024.jpg\" \/>\n<meta name=\"author\" content=\"Andrea Simonetti\" \/>\n<meta name=\"twitter:card\" content=\"summary_large_image\" \/>\n<meta name=\"twitter:creator\" content=\"@https:\/\/twitter.com\/Andrea_Simoneti\" \/>\n<meta name=\"twitter:site\" content=\"@Andrea_Simoneti\" \/>\n<meta name=\"twitter:label1\" content=\"Escrito por\" \/>\n\t<meta name=\"twitter:data1\" content=\"Andrea Simonetti\" \/>\n\t<meta name=\"twitter:label2\" content=\"Est. tempo de leitura\" \/>\n\t<meta name=\"twitter:data2\" content=\"2 minutos\" \/>\n<!-- \/ Yoast SEO plugin. -->","yoast_head_json":{"title":"Passarelas inspiradoras ! - Andrea Simonetti","robots":{"index":"index","follow":"follow","max-snippet":"max-snippet:-1","max-image-preview":"max-image-preview:large","max-video-preview":"max-video-preview:-1"},"canonical":"https:\/\/andreasimonetti.com.br\/blog\/passarelas-inspiradoras\/","og_locale":"pt_BR","og_type":"article","og_title":"Passarelas inspiradoras ! - Andrea Simonetti","og_description":"Selecionei alguns destaques das recentes semanas de moda de Nova York, Londres, Mil\u00e3o e Paris. O que se viu nas passarelas foi um show de criatividade, cores e luxo de&hellip;","og_url":"https:\/\/andreasimonetti.com.br\/blog\/passarelas-inspiradoras\/","og_site_name":"Andrea Simonetti","article_publisher":"https:\/\/www.facebook.com\/blogdaandreasimonetti\/","article_author":"https:\/\/www.facebook.com\/blogdaandreasimonetti\/","article_published_time":"2014-09-28T00:35:30+00:00","article_modified_time":"2018-05-25T11:48:24+00:00","og_image":[{"url":"http:\/\/blogdaandreasimonetti.com.br\/wp-content\/uploads\/2014\/09\/DOLCE-GABANNA-507x1024.jpg","type":"","width":"","height":""}],"author":"Andrea Simonetti","twitter_card":"summary_large_image","twitter_creator":"@https:\/\/twitter.com\/Andrea_Simoneti","twitter_site":"@Andrea_Simoneti","twitter_misc":{"Escrito por":"Andrea Simonetti","Est. tempo de leitura":"2 minutos"},"schema":{"@context":"https:\/\/schema.org","@graph":[{"@type":"WebPage","@id":"https:\/\/andreasimonetti.com.br\/blog\/passarelas-inspiradoras\/","url":"https:\/\/andreasimonetti.com.br\/blog\/passarelas-inspiradoras\/","name":"Passarelas inspiradoras ! - Andrea Simonetti","isPartOf":{"@id":"https:\/\/andreasimonetti.com.br\/blog\/#website"},"primaryImageOfPage":{"@id":"https:\/\/andreasimonetti.com.br\/blog\/passarelas-inspiradoras\/#primaryimage"},"image":{"@id":"https:\/\/andreasimonetti.com.br\/blog\/passarelas-inspiradoras\/#primaryimage"},"thumbnailUrl":"http:\/\/blogdaandreasimonetti.com.br\/wp-content\/uploads\/2014\/09\/DOLCE-GABANNA-507x1024.jpg","datePublished":"2014-09-28T00:35:30+00:00","dateModified":"2018-05-25T11:48:24+00:00","author":{"@id":"https:\/\/andreasimonetti.com.br\/blog\/#\/schema\/person\/254f763c24ac288e27ea738a7366ad2a"},"breadcrumb":{"@id":"https:\/\/andreasimonetti.com.br\/blog\/passarelas-inspiradoras\/#breadcrumb"},"inLanguage":"pt-BR","potentialAction":[{"@type":"ReadAction","target":["https:\/\/andreasimonetti.com.br\/blog\/passarelas-inspiradoras\/"]}]},{"@type":"ImageObject","inLanguage":"pt-BR","@id":"https:\/\/andreasimonetti.com.br\/blog\/passarelas-inspiradoras\/#primaryimage","url":"http:\/\/blogdaandreasimonetti.com.br\/wp-content\/uploads\/2014\/09\/DOLCE-GABANNA-507x1024.jpg","contentUrl":"http:\/\/blogdaandreasimonetti.com.br\/wp-content\/uploads\/2014\/09\/DOLCE-GABANNA-507x1024.jpg"},{"@type":"BreadcrumbList","@id":"https:\/\/andreasimonetti.com.br\/blog\/passarelas-inspiradoras\/#breadcrumb","itemListElement":[{"@type":"ListItem","position":1,"name":"In\u00edcio","item":"https:\/\/andreasimonetti.com.br\/blog\/"},{"@type":"ListItem","position":2,"name":"Passarelas inspiradoras !"}]},{"@type":"WebSite","@id":"https:\/\/andreasimonetti.com.br\/blog\/#website","url":"https:\/\/andreasimonetti.com.br\/blog\/","name":"Andrea Simonetti","description":"","potentialAction":[{"@type":"SearchAction","target":{"@type":"EntryPoint","urlTemplate":"https:\/\/andreasimonetti.com.br\/blog\/?s={search_term_string}"},"query-input":{"@type":"PropertyValueSpecification","valueRequired":true,"valueName":"search_term_string"}}],"inLanguage":"pt-BR"},{"@type":"Person","@id":"https:\/\/andreasimonetti.com.br\/blog\/#\/schema\/person\/254f763c24ac288e27ea738a7366ad2a","name":"Andrea Simonetti","image":{"@type":"ImageObject","inLanguage":"pt-BR","@id":"https:\/\/andreasimonetti.com.br\/blog\/#\/schema\/person\/image\/","url":"https:\/\/andreasimonetti.com.br\/blog\/wp-content\/uploads\/2018\/04\/andrea-simonetti-96x96.png","contentUrl":"https:\/\/andreasimonetti.com.br\/blog\/wp-content\/uploads\/2018\/04\/andrea-simonetti-96x96.png","caption":"Andrea Simonetti"},"description":"Sou formada em Administra\u00e7\u00e3o de Empresas, Produ\u00e7\u00e3o de Moda pelo SENAC e Consultoria de Estilo. Sou fascinada por moda desde sempre, adoro ver as pessoas produzidas e de bem com a vida. Moda \u00e9 o meu assunto preferido. Comecei meu blog em 2011, ele cresceu e hoje \u00e9 um site bem mais abrangente, onde eu falo sobre moda e meu trabalho de consultora de estilo. E falo tamb\u00e9m sobre a minha experi\u00eancia de vida. Mas antes de tudo, acredito num Deus Soberano que nos guia e aben\u00e7oa, o tempo todo!","sameAs":["https:\/\/www.andreasimonetti.com.br\/","https:\/\/www.facebook.com\/blogdaandreasimonetti\/","https:\/\/www.instagram.com\/andrea_simonetti\/","https:\/\/br.pinterest.com\/BlogAndrea\/","https:\/\/x.com\/https:\/\/twitter.com\/Andrea_Simoneti"],"url":"https:\/\/andreasimonetti.com.br\/blog\/author\/andrea\/"}]}},"_links":{"self":[{"href":"https:\/\/andreasimonetti.com.br\/blog\/wp-json\/wp\/v2\/posts\/11520","targetHints":{"allow":["GET"]}}],"collection":[{"href":"https:\/\/andreasimonetti.com.br\/blog\/wp-json\/wp\/v2\/posts"}],"about":[{"href":"https:\/\/andreasimonetti.com.br\/blog\/wp-json\/wp\/v2\/types\/post"}],"author":[{"embeddable":true,"href":"https:\/\/andreasimonetti.com.br\/blog\/wp-json\/wp\/v2\/users\/7"}],"replies":[{"embeddable":true,"href":"https:\/\/andreasimonetti.com.br\/blog\/wp-json\/wp\/v2\/comments?post=11520"}],"version-history":[{"count":0,"href":"https:\/\/andreasimonetti.com.br\/blog\/wp-json\/wp\/v2\/posts\/11520\/revisions"}],"wp:attachment":[{"href":"https:\/\/andreasimonetti.com.br\/blog\/wp-json\/wp\/v2\/media?parent=11520"}],"wp:term":[{"taxonomy":"category","embeddable":true,"href":"https:\/\/andreasimonetti.com.br\/blog\/wp-json\/wp\/v2\/categories?post=11520"},{"taxonomy":"post_tag","embeddable":true,"href":"https:\/\/andreasimonetti.com.br\/blog\/wp-json\/wp\/v2\/tags?post=11520"}],"curies":[{"name":"wp","href":"https:\/\/api.w.org\/{rel}","templated":true}]}}