{"id":10666,"date":"2014-06-16T21:34:21","date_gmt":"2014-06-17T00:34:21","guid":{"rendered":"http:\/\/blogdaandreasimonetti.com.br\/?p=10666"},"modified":"2018-05-25T08:52:56","modified_gmt":"2018-05-25T11:52:56","slug":"fast-news","status":"publish","type":"post","link":"https:\/\/andreasimonetti.com.br\/blog\/fast-news\/","title":{"rendered":"FAST NEWS !!"},"content":{"rendered":"<p>O tenista tcheco Tomas Berdych foi destaque em Roland-Garros n\u00e3o tanto pelo seu jogo e sim pelo seu look. A polo floral \u00e9 uma forte tend\u00eancia do pr\u00f3ximo ver\u00e3o, e Berdych disse que adorou a novidade porque est\u00e1 cansado do estilo conservador utilizado nas quadras. &#8220;Berdych &#8211; La fashionista&#8221;.<\/p>\n<p><a href=\"http:\/\/blogdaandreasimonetti.com.br\/wp-content\/uploads\/2014\/06\/TOMAS-BERDICH-TENISTA.jpg\" data-rel=\"penci-gallery-image-content\" ><img loading=\"lazy\" decoding=\"async\" class=\"alignleft size-full wp-image-10648\" src=\"http:\/\/blogdaandreasimonetti.com.br\/wp-content\/uploads\/2014\/06\/TOMAS-BERDICH-TENISTA.jpg\" alt=\"TOMAS BERDICH - TENISTA\" width=\"755\" height=\"1024\" srcset=\"https:\/\/andreasimonetti.com.br\/blog\/wp-content\/uploads\/2014\/06\/TOMAS-BERDICH-TENISTA.jpg 755w, https:\/\/andreasimonetti.com.br\/blog\/wp-content\/uploads\/2014\/06\/TOMAS-BERDICH-TENISTA-221x300.jpg 221w\" sizes=\"auto, (max-width: 755px) 100vw, 755px\" \/><\/a><\/p>\n<p>A Vogue Espanha selecionou 30 modelos de sapatos que prometem brilhar no pr\u00f3ximo ver\u00e3o. S\u00e3o op\u00e7\u00f5es para diferentes estilos de mulheres. At\u00e9 a sand\u00e1lia romana, milenar e sempre despojada, ganhou uma pegada hippie chic pelas m\u00e3os de Riccardo Tisci para Givenchy. Conhe\u00e7a os outros modelos <a href=\"http:\/\/www.vogue.es\/moda\/tendencias\/galerias\/30-zapatos-de-lujo-para-el-verano\/10901\/image\/851807\">aqui<\/a>.<\/p>\n<p><a href=\"http:\/\/blogdaandreasimonetti.com.br\/wp-content\/uploads\/2014\/06\/GIVENCHY-SANDALIA.jpg\" data-rel=\"penci-gallery-image-content\" ><img loading=\"lazy\" decoding=\"async\" class=\"alignleft size-full wp-image-10661\" src=\"http:\/\/blogdaandreasimonetti.com.br\/wp-content\/uploads\/2014\/06\/GIVENCHY-SANDALIA.jpg\" alt=\"GIVENCHY SANDALIA\" width=\"1024\" height=\"683\" srcset=\"https:\/\/andreasimonetti.com.br\/blog\/wp-content\/uploads\/2014\/06\/GIVENCHY-SANDALIA.jpg 1024w, https:\/\/andreasimonetti.com.br\/blog\/wp-content\/uploads\/2014\/06\/GIVENCHY-SANDALIA-300x200.jpg 300w\" sizes=\"auto, (max-width: 1024px) 100vw, 1024px\" \/><\/a><\/p>\n<p>&#8216;Por que fazer uma fenda quando voc\u00ea pode fazer duas ?&#8217;, perguntou Kendall Jenner em seu perfil no Instagram. E assim ela partiu para apresentar o MuchMusic Video Awards em Toronto no Canad\u00e1, nesse domingo, 15. Sem calcinha e com muita ousadia, Kendall mostra que gosta tanto de holofotes quanto a irm\u00e3 mais famosa, Kim Kardashian.<\/p>\n<p>&nbsp;<\/p>\n<p><a href=\"http:\/\/blogdaandreasimonetti.com.br\/wp-content\/uploads\/2014\/06\/kendall-jenner-VESTIDO-DUPLA-FENDA.jpg\" data-rel=\"penci-gallery-image-content\" ><img loading=\"lazy\" decoding=\"async\" class=\"alignnone size-full wp-image-10664\" src=\"http:\/\/blogdaandreasimonetti.com.br\/wp-content\/uploads\/2014\/06\/kendall-jenner-VESTIDO-DUPLA-FENDA.jpg\" alt=\"kendall jenner VESTIDO DUPLA FENDA\" width=\"639\" height=\"1024\" srcset=\"https:\/\/andreasimonetti.com.br\/blog\/wp-content\/uploads\/2014\/06\/kendall-jenner-VESTIDO-DUPLA-FENDA.jpg 639w, https:\/\/andreasimonetti.com.br\/blog\/wp-content\/uploads\/2014\/06\/kendall-jenner-VESTIDO-DUPLA-FENDA-187x300.jpg 187w\" sizes=\"auto, (max-width: 639px) 100vw, 639px\" \/><\/a><\/p>\n<p>&nbsp;<\/p>\n<p>Come\u00e7ou em Londres a Temporada de Moda Masculina Primavera Ver\u00e3o 2015. Alexander McQueen apresentou uma cole\u00e7\u00e3o que consagrou algumas refer\u00eancias da marca, como a alfaiataria, casacos estruturados e o preto-vermelho-branco neo-g\u00f3tico. Os sapatos refletem as cores das roupas, o que tamb\u00e9m aconteceu no desfile da Moschino e de outras marcas. Sarah Burton, diretora criativa da grife, aposta numa cole\u00e7\u00e3o masculina vibrante e impactante.<\/p>\n<p><a href=\"http:\/\/blogdaandreasimonetti.com.br\/wp-content\/uploads\/2014\/06\/Alexander-McQueen-Spring-Summer-2015-London-Collections-Men-022.jpg\" data-rel=\"penci-gallery-image-content\" ><img loading=\"lazy\" decoding=\"async\" class=\"alignnone size-full wp-image-10669\" src=\"http:\/\/blogdaandreasimonetti.com.br\/wp-content\/uploads\/2014\/06\/Alexander-McQueen-Spring-Summer-2015-London-Collections-Men-022.jpg\" alt=\"Alexander-McQueen-Spring-Summer-2015-London-Collections-Men-022\" width=\"683\" height=\"1024\" srcset=\"https:\/\/andreasimonetti.com.br\/blog\/wp-content\/uploads\/2014\/06\/Alexander-McQueen-Spring-Summer-2015-London-Collections-Men-022.jpg 683w, https:\/\/andreasimonetti.com.br\/blog\/wp-content\/uploads\/2014\/06\/Alexander-McQueen-Spring-Summer-2015-London-Collections-Men-022-200x300.jpg 200w\" sizes=\"auto, (max-width: 683px) 100vw, 683px\" \/><\/a><\/p>\n<p>E o momento meigo da semana fica com o editorial de Miranda Kerr e seu filho Flynn na Vogue Australia de julho. Mam\u00e3e Miranda \u00e9 capa da edi\u00e7\u00e3o.<\/p>\n<p><a href=\"http:\/\/blogdaandreasimonetti.com.br\/wp-content\/uploads\/2014\/06\/Miranda-Kerr-and-Son-Flynn-For-Vogue-Australia-July-2014-Cover-01.jpg\" data-rel=\"penci-gallery-image-content\" ><img loading=\"lazy\" decoding=\"async\" class=\"alignnone size-full wp-image-10671\" src=\"http:\/\/blogdaandreasimonetti.com.br\/wp-content\/uploads\/2014\/06\/Miranda-Kerr-and-Son-Flynn-For-Vogue-Australia-July-2014-Cover-01.jpg\" alt=\"Miranda-Kerr-and-Son-Flynn-For-Vogue-Australia-July-2014-Cover-01\" width=\"666\" height=\"1024\" srcset=\"https:\/\/andreasimonetti.com.br\/blog\/wp-content\/uploads\/2014\/06\/Miranda-Kerr-and-Son-Flynn-For-Vogue-Australia-July-2014-Cover-01.jpg 666w, https:\/\/andreasimonetti.com.br\/blog\/wp-content\/uploads\/2014\/06\/Miranda-Kerr-and-Son-Flynn-For-Vogue-Australia-July-2014-Cover-01-195x300.jpg 195w\" sizes=\"auto, (max-width: 666px) 100vw, 666px\" \/><\/a><\/p>\n","protected":false},"excerpt":{"rendered":"<p>O tenista tcheco Tomas Berdych foi destaque em Roland-Garros n\u00e3o tanto pelo seu jogo e sim pelo seu look. A polo floral \u00e9 uma forte tend\u00eancia do pr\u00f3ximo ver\u00e3o, e&hellip;<\/p>\n","protected":false},"author":7,"featured_media":0,"comment_status":"open","ping_status":"open","sticky":false,"template":"","format":"standard","meta":{"_monsterinsights_skip_tracking":false,"_monsterinsights_sitenote_active":false,"_monsterinsights_sitenote_note":"","_monsterinsights_sitenote_category":0,"footnotes":""},"categories":[1508],"tags":[1000,1628,52,1630,1631,1629,1624,1623,1626],"class_list":["post-10666","post","type-post","status-publish","format-standard","hentry","category-destaque","tag-alexander-mcqueen","tag-floral","tag-givenchy","tag-kendall-jenner","tag-miranda-kerr","tag-riccardo-tisci","tag-roland-garrous","tag-tomas-berdych","tag-vogue-espanha"],"yoast_head":"<!-- This site is optimized with the Yoast SEO plugin v26.3 - https:\/\/yoast.com\/wordpress\/plugins\/seo\/ -->\n<title>FAST NEWS !! - Andrea Simonetti<\/title>\n<meta name=\"robots\" content=\"index, follow, max-snippet:-1, max-image-preview:large, max-video-preview:-1\" \/>\n<link rel=\"canonical\" href=\"https:\/\/andreasimonetti.com.br\/blog\/fast-news\/\" \/>\n<meta property=\"og:locale\" content=\"pt_BR\" \/>\n<meta property=\"og:type\" content=\"article\" \/>\n<meta property=\"og:title\" content=\"FAST NEWS !! - Andrea Simonetti\" \/>\n<meta property=\"og:description\" content=\"O tenista tcheco Tomas Berdych foi destaque em Roland-Garros n\u00e3o tanto pelo seu jogo e sim pelo seu look. A polo floral \u00e9 uma forte tend\u00eancia do pr\u00f3ximo ver\u00e3o, e&hellip;\" \/>\n<meta property=\"og:url\" content=\"https:\/\/andreasimonetti.com.br\/blog\/fast-news\/\" \/>\n<meta property=\"og:site_name\" content=\"Andrea Simonetti\" \/>\n<meta property=\"article:publisher\" content=\"https:\/\/www.facebook.com\/blogdaandreasimonetti\/\" \/>\n<meta property=\"article:author\" content=\"https:\/\/www.facebook.com\/blogdaandreasimonetti\/\" \/>\n<meta property=\"article:published_time\" content=\"2014-06-17T00:34:21+00:00\" \/>\n<meta property=\"article:modified_time\" content=\"2018-05-25T11:52:56+00:00\" \/>\n<meta property=\"og:image\" content=\"http:\/\/blogdaandreasimonetti.com.br\/wp-content\/uploads\/2014\/06\/TOMAS-BERDICH-TENISTA.jpg\" \/>\n<meta name=\"author\" content=\"Andrea Simonetti\" \/>\n<meta name=\"twitter:card\" content=\"summary_large_image\" \/>\n<meta name=\"twitter:creator\" content=\"@https:\/\/twitter.com\/Andrea_Simoneti\" \/>\n<meta name=\"twitter:site\" content=\"@Andrea_Simoneti\" \/>\n<meta name=\"twitter:label1\" content=\"Escrito por\" \/>\n\t<meta name=\"twitter:data1\" content=\"Andrea Simonetti\" \/>\n\t<meta name=\"twitter:label2\" content=\"Est. tempo de leitura\" \/>\n\t<meta name=\"twitter:data2\" content=\"1 minuto\" \/>\n<!-- \/ Yoast SEO plugin. -->","yoast_head_json":{"title":"FAST NEWS !! - Andrea Simonetti","robots":{"index":"index","follow":"follow","max-snippet":"max-snippet:-1","max-image-preview":"max-image-preview:large","max-video-preview":"max-video-preview:-1"},"canonical":"https:\/\/andreasimonetti.com.br\/blog\/fast-news\/","og_locale":"pt_BR","og_type":"article","og_title":"FAST NEWS !! - Andrea Simonetti","og_description":"O tenista tcheco Tomas Berdych foi destaque em Roland-Garros n\u00e3o tanto pelo seu jogo e sim pelo seu look. A polo floral \u00e9 uma forte tend\u00eancia do pr\u00f3ximo ver\u00e3o, e&hellip;","og_url":"https:\/\/andreasimonetti.com.br\/blog\/fast-news\/","og_site_name":"Andrea Simonetti","article_publisher":"https:\/\/www.facebook.com\/blogdaandreasimonetti\/","article_author":"https:\/\/www.facebook.com\/blogdaandreasimonetti\/","article_published_time":"2014-06-17T00:34:21+00:00","article_modified_time":"2018-05-25T11:52:56+00:00","og_image":[{"url":"http:\/\/blogdaandreasimonetti.com.br\/wp-content\/uploads\/2014\/06\/TOMAS-BERDICH-TENISTA.jpg","type":"","width":"","height":""}],"author":"Andrea Simonetti","twitter_card":"summary_large_image","twitter_creator":"@https:\/\/twitter.com\/Andrea_Simoneti","twitter_site":"@Andrea_Simoneti","twitter_misc":{"Escrito por":"Andrea Simonetti","Est. tempo de leitura":"1 minuto"},"schema":{"@context":"https:\/\/schema.org","@graph":[{"@type":"WebPage","@id":"https:\/\/andreasimonetti.com.br\/blog\/fast-news\/","url":"https:\/\/andreasimonetti.com.br\/blog\/fast-news\/","name":"FAST NEWS !! - Andrea Simonetti","isPartOf":{"@id":"https:\/\/andreasimonetti.com.br\/blog\/#website"},"primaryImageOfPage":{"@id":"https:\/\/andreasimonetti.com.br\/blog\/fast-news\/#primaryimage"},"image":{"@id":"https:\/\/andreasimonetti.com.br\/blog\/fast-news\/#primaryimage"},"thumbnailUrl":"http:\/\/blogdaandreasimonetti.com.br\/wp-content\/uploads\/2014\/06\/TOMAS-BERDICH-TENISTA.jpg","datePublished":"2014-06-17T00:34:21+00:00","dateModified":"2018-05-25T11:52:56+00:00","author":{"@id":"https:\/\/andreasimonetti.com.br\/blog\/#\/schema\/person\/254f763c24ac288e27ea738a7366ad2a"},"breadcrumb":{"@id":"https:\/\/andreasimonetti.com.br\/blog\/fast-news\/#breadcrumb"},"inLanguage":"pt-BR","potentialAction":[{"@type":"ReadAction","target":["https:\/\/andreasimonetti.com.br\/blog\/fast-news\/"]}]},{"@type":"ImageObject","inLanguage":"pt-BR","@id":"https:\/\/andreasimonetti.com.br\/blog\/fast-news\/#primaryimage","url":"http:\/\/blogdaandreasimonetti.com.br\/wp-content\/uploads\/2014\/06\/TOMAS-BERDICH-TENISTA.jpg","contentUrl":"http:\/\/blogdaandreasimonetti.com.br\/wp-content\/uploads\/2014\/06\/TOMAS-BERDICH-TENISTA.jpg"},{"@type":"BreadcrumbList","@id":"https:\/\/andreasimonetti.com.br\/blog\/fast-news\/#breadcrumb","itemListElement":[{"@type":"ListItem","position":1,"name":"In\u00edcio","item":"https:\/\/andreasimonetti.com.br\/blog\/"},{"@type":"ListItem","position":2,"name":"FAST NEWS !!"}]},{"@type":"WebSite","@id":"https:\/\/andreasimonetti.com.br\/blog\/#website","url":"https:\/\/andreasimonetti.com.br\/blog\/","name":"Andrea Simonetti","description":"","potentialAction":[{"@type":"SearchAction","target":{"@type":"EntryPoint","urlTemplate":"https:\/\/andreasimonetti.com.br\/blog\/?s={search_term_string}"},"query-input":{"@type":"PropertyValueSpecification","valueRequired":true,"valueName":"search_term_string"}}],"inLanguage":"pt-BR"},{"@type":"Person","@id":"https:\/\/andreasimonetti.com.br\/blog\/#\/schema\/person\/254f763c24ac288e27ea738a7366ad2a","name":"Andrea Simonetti","image":{"@type":"ImageObject","inLanguage":"pt-BR","@id":"https:\/\/andreasimonetti.com.br\/blog\/#\/schema\/person\/image\/","url":"https:\/\/andreasimonetti.com.br\/blog\/wp-content\/uploads\/2018\/04\/andrea-simonetti-96x96.png","contentUrl":"https:\/\/andreasimonetti.com.br\/blog\/wp-content\/uploads\/2018\/04\/andrea-simonetti-96x96.png","caption":"Andrea Simonetti"},"description":"Sou formada em Administra\u00e7\u00e3o de Empresas, Produ\u00e7\u00e3o de Moda pelo SENAC e Consultoria de Estilo. Sou fascinada por moda desde sempre, adoro ver as pessoas produzidas e de bem com a vida. Moda \u00e9 o meu assunto preferido. Comecei meu blog em 2011, ele cresceu e hoje \u00e9 um site bem mais abrangente, onde eu falo sobre moda e meu trabalho de consultora de estilo. E falo tamb\u00e9m sobre a minha experi\u00eancia de vida. Mas antes de tudo, acredito num Deus Soberano que nos guia e aben\u00e7oa, o tempo todo!","sameAs":["https:\/\/www.andreasimonetti.com.br\/","https:\/\/www.facebook.com\/blogdaandreasimonetti\/","https:\/\/www.instagram.com\/andrea_simonetti\/","https:\/\/br.pinterest.com\/BlogAndrea\/","https:\/\/x.com\/https:\/\/twitter.com\/Andrea_Simoneti"],"url":"https:\/\/andreasimonetti.com.br\/blog\/author\/andrea\/"}]}},"_links":{"self":[{"href":"https:\/\/andreasimonetti.com.br\/blog\/wp-json\/wp\/v2\/posts\/10666","targetHints":{"allow":["GET"]}}],"collection":[{"href":"https:\/\/andreasimonetti.com.br\/blog\/wp-json\/wp\/v2\/posts"}],"about":[{"href":"https:\/\/andreasimonetti.com.br\/blog\/wp-json\/wp\/v2\/types\/post"}],"author":[{"embeddable":true,"href":"https:\/\/andreasimonetti.com.br\/blog\/wp-json\/wp\/v2\/users\/7"}],"replies":[{"embeddable":true,"href":"https:\/\/andreasimonetti.com.br\/blog\/wp-json\/wp\/v2\/comments?post=10666"}],"version-history":[{"count":0,"href":"https:\/\/andreasimonetti.com.br\/blog\/wp-json\/wp\/v2\/posts\/10666\/revisions"}],"wp:attachment":[{"href":"https:\/\/andreasimonetti.com.br\/blog\/wp-json\/wp\/v2\/media?parent=10666"}],"wp:term":[{"taxonomy":"category","embeddable":true,"href":"https:\/\/andreasimonetti.com.br\/blog\/wp-json\/wp\/v2\/categories?post=10666"},{"taxonomy":"post_tag","embeddable":true,"href":"https:\/\/andreasimonetti.com.br\/blog\/wp-json\/wp\/v2\/tags?post=10666"}],"curies":[{"name":"wp","href":"https:\/\/api.w.org\/{rel}","templated":true}]}}