{"id":10292,"date":"2014-04-22T22:30:21","date_gmt":"2014-04-23T01:30:21","guid":{"rendered":"http:\/\/blogdaandreasimonetti.com.br\/?p=10292"},"modified":"2018-05-25T08:52:57","modified_gmt":"2018-05-25T11:52:57","slug":"fast-news-hm-tem-verao-plus-size-e-gisele-cantando-rihanna-na-vogue-brasil-e-miley-cyrus-na-elle","status":"publish","type":"post","link":"https:\/\/andreasimonetti.com.br\/blog\/fast-news-hm-tem-verao-plus-size-e-gisele-cantando-rihanna-na-vogue-brasil-e-miley-cyrus-na-elle\/","title":{"rendered":"FAST NEWS !! H&amp;M tem ver\u00e3o plus size e Gisele cantando \/ Rihanna na Vogue Brasil e Miley Cyrus na Elle"},"content":{"rendered":"<p>A moda \u00e9 repleta de estere\u00f3tipos, e alguns s\u00e3o deplor\u00e1veis como a id\u00e9ia de que a mulher bonita tem que ser magra e alta. O problema \u00e9 que esse biotipo nada tem a ver com as mulheres reais, que amam e consomem moda. Por isso, \u00e9 muito legal quando uma marca poderosa como a H&amp;M lan\u00e7a uma cole\u00e7\u00e3o plus size com pe\u00e7as que chegam at\u00e9 a numera\u00e7\u00e3o 44, e escolhe como o rosto da campanha uma mulher com curvas e formas parecidas com as das mulheres de verdade. A modelo plus size Jennie Runk em 2013 divulgou a linha praia da marca, e o sucesso foi t\u00e3o grande que ela voltou agora \u00e0 frente da cole\u00e7\u00e3o ver\u00e3o &#8216;Private Paradise&#8217;.\u00a0Consumidoras se identificam com o que \u00e9 verdadeiro. Certo ?<\/p>\n<p><a href=\"http:\/\/blogdaandreasimonetti.com.br\/wp-content\/uploads\/2014\/04\/PLUSS-SHOW.jpg\" data-rel=\"penci-gallery-image-content\" ><img loading=\"lazy\" decoding=\"async\" src=\"http:\/\/blogdaandreasimonetti.com.br\/wp-content\/uploads\/2014\/04\/PLUSS-SHOW.jpg\" alt=\"PLUSS SHOW\" width=\"800\" height=\"550\" class=\"alignnone size-full wp-image-10294\" srcset=\"https:\/\/andreasimonetti.com.br\/blog\/wp-content\/uploads\/2014\/04\/PLUSS-SHOW.jpg 800w, https:\/\/andreasimonetti.com.br\/blog\/wp-content\/uploads\/2014\/04\/PLUSS-SHOW-300x206.jpg 300w\" sizes=\"auto, (max-width: 800px) 100vw, 800px\" \/><\/a><\/p>\n<p>A H&amp;M apostou tamb\u00e9m em Gisele B\u00fcndchen, que \u00e9 a express\u00e3o maior dos padr\u00f5es de beleza atual na ind\u00fastria da moda, e novamente \u00e9 a estrela da cole\u00e7\u00e3o ver\u00e3o 2014 da marca. Gisele, que j\u00e1 havia cantado na campanha anterior, solta agora a voz na regrava\u00e7\u00e3o da m\u00fasica &#8216;Heart of Glass&#8217;, sucesso nos anos 70 com Blondie. A produ\u00e7\u00e3o \u00e9 de Bobby Sinclair. O legal dessa hist\u00f3ria \u00e9 que toda a renda obtida na venda da m\u00fasica no iTunes ser\u00e1 revertida para projetos educacionais da Unicef. Gisele cantando de biquini \u00e9 coisa linda de se ver.<\/p>\n<p>http:\/\/youtu.be\/5obRhcjB3ws<\/p>\n<p>A Vogue completa 39 anos de Brasil em alto estilo : a estrela da edi\u00e7\u00e3o de maio \u00e9 Rihanna !! As fotos foram produzidas numa humilde ilha de pescadores na Ilha Grande, Rio de Janeiro, e o guarda roupa \u00e9 uma vers\u00e3o de Rihanna sobre o que Carmem Miranda usaria em 2014. A revista chega \u00e0s bancas no dia 28 de abril. Imperd\u00edvel !!<\/p>\n<p><a href=\"http:\/\/blogdaandreasimonetti.com.br\/wp-content\/uploads\/2014\/04\/RIHANNA-VOGUE-39-ANOS-BRASIL.jpg\" data-rel=\"penci-gallery-image-content\" ><img loading=\"lazy\" decoding=\"async\" src=\"http:\/\/blogdaandreasimonetti.com.br\/wp-content\/uploads\/2014\/04\/RIHANNA-VOGUE-39-ANOS-BRASIL.jpg\" alt=\"RIHANNA VOGUE 39 ANOS BRASIL\" width=\"736\" height=\"1024\" class=\"alignnone size-full wp-image-10297\" srcset=\"https:\/\/andreasimonetti.com.br\/blog\/wp-content\/uploads\/2014\/04\/RIHANNA-VOGUE-39-ANOS-BRASIL.jpg 736w, https:\/\/andreasimonetti.com.br\/blog\/wp-content\/uploads\/2014\/04\/RIHANNA-VOGUE-39-ANOS-BRASIL-215x300.jpg 215w\" sizes=\"auto, (max-width: 736px) 100vw, 736px\" \/><\/a><\/p>\n<p>E quem aparece com carinha de menina comportada-chic \u00e9 Miley Cyrus, na capa da revista Elle americana em maio. Ela veste um conjunto brilhante de Marc Jacobs, de quem \u00e9 a garota propaganda da cole\u00e7\u00e3o ver\u00e3o 2014. <\/p>\n<p><a href=\"http:\/\/blogdaandreasimonetti.com.br\/wp-content\/uploads\/2014\/04\/MILEY-CYRUS-ELLE-MAIO-14.jpg\" data-rel=\"penci-gallery-image-content\" ><img loading=\"lazy\" decoding=\"async\" src=\"http:\/\/blogdaandreasimonetti.com.br\/wp-content\/uploads\/2014\/04\/MILEY-CYRUS-ELLE-MAIO-14.jpg\" alt=\"MILEY CYRUS - ELLE MAIO 14\" width=\"730\" height=\"1024\" class=\"alignnone size-full wp-image-10298\" srcset=\"https:\/\/andreasimonetti.com.br\/blog\/wp-content\/uploads\/2014\/04\/MILEY-CYRUS-ELLE-MAIO-14.jpg 730w, https:\/\/andreasimonetti.com.br\/blog\/wp-content\/uploads\/2014\/04\/MILEY-CYRUS-ELLE-MAIO-14-213x300.jpg 213w\" sizes=\"auto, (max-width: 730px) 100vw, 730px\" \/><\/a><\/p>\n","protected":false},"excerpt":{"rendered":"<p>A moda \u00e9 repleta de estere\u00f3tipos, e alguns s\u00e3o deplor\u00e1veis como a id\u00e9ia de que a mulher bonita tem que ser magra e alta. O problema \u00e9 que esse biotipo&hellip;<\/p>\n","protected":false},"author":7,"featured_media":0,"comment_status":"open","ping_status":"open","sticky":false,"template":"","format":"standard","meta":{"_monsterinsights_skip_tracking":false,"_monsterinsights_sitenote_active":false,"_monsterinsights_sitenote_note":"","_monsterinsights_sitenote_category":0,"footnotes":""},"categories":[1508],"tags":[1557,1558,1555,1060,2331,53,1556,1149,1552,38,1559,1551,1553,1554],"class_list":["post-10292","post","type-post","status-publish","format-standard","hentry","category-destaque","tag-blondie","tag-bob-sinclair-unicef","tag-carmem-miranda","tag-elle","tag-fast-news","tag-gisele-bundchen","tag-heart-of-glass","tag-hm","tag-jennie-runk","tag-marc-jacobs","tag-miley-cirus","tag-plus-size","tag-rihanna","tag-vogue-brasil"],"yoast_head":"<!-- This site is optimized with the Yoast SEO plugin v26.3 - https:\/\/yoast.com\/wordpress\/plugins\/seo\/ -->\n<title>FAST NEWS !! H&amp;M tem ver\u00e3o plus size e Gisele cantando \/ Rihanna na Vogue Brasil e Miley Cyrus na Elle - Andrea Simonetti<\/title>\n<meta name=\"robots\" content=\"index, follow, max-snippet:-1, max-image-preview:large, max-video-preview:-1\" \/>\n<link rel=\"canonical\" href=\"https:\/\/andreasimonetti.com.br\/blog\/fast-news-hm-tem-verao-plus-size-e-gisele-cantando-rihanna-na-vogue-brasil-e-miley-cyrus-na-elle\/\" \/>\n<meta property=\"og:locale\" content=\"pt_BR\" \/>\n<meta property=\"og:type\" content=\"article\" \/>\n<meta property=\"og:title\" content=\"FAST NEWS !! H&amp;M tem ver\u00e3o plus size e Gisele cantando \/ Rihanna na Vogue Brasil e Miley Cyrus na Elle - Andrea Simonetti\" \/>\n<meta property=\"og:description\" content=\"A moda \u00e9 repleta de estere\u00f3tipos, e alguns s\u00e3o deplor\u00e1veis como a id\u00e9ia de que a mulher bonita tem que ser magra e alta. O problema \u00e9 que esse biotipo&hellip;\" \/>\n<meta property=\"og:url\" content=\"https:\/\/andreasimonetti.com.br\/blog\/fast-news-hm-tem-verao-plus-size-e-gisele-cantando-rihanna-na-vogue-brasil-e-miley-cyrus-na-elle\/\" \/>\n<meta property=\"og:site_name\" content=\"Andrea Simonetti\" \/>\n<meta property=\"article:publisher\" content=\"https:\/\/www.facebook.com\/blogdaandreasimonetti\/\" \/>\n<meta property=\"article:author\" content=\"https:\/\/www.facebook.com\/blogdaandreasimonetti\/\" \/>\n<meta property=\"article:published_time\" content=\"2014-04-23T01:30:21+00:00\" \/>\n<meta property=\"article:modified_time\" content=\"2018-05-25T11:52:57+00:00\" \/>\n<meta property=\"og:image\" content=\"http:\/\/blogdaandreasimonetti.com.br\/wp-content\/uploads\/2014\/04\/PLUSS-SHOW.jpg\" \/>\n<meta name=\"author\" content=\"Andrea Simonetti\" \/>\n<meta name=\"twitter:card\" content=\"summary_large_image\" \/>\n<meta name=\"twitter:creator\" content=\"@https:\/\/twitter.com\/Andrea_Simoneti\" \/>\n<meta name=\"twitter:site\" content=\"@Andrea_Simoneti\" \/>\n<meta name=\"twitter:label1\" content=\"Escrito por\" \/>\n\t<meta name=\"twitter:data1\" content=\"Andrea Simonetti\" \/>\n\t<meta name=\"twitter:label2\" content=\"Est. tempo de leitura\" \/>\n\t<meta name=\"twitter:data2\" content=\"2 minutos\" \/>\n<!-- \/ Yoast SEO plugin. -->","yoast_head_json":{"title":"FAST NEWS !! H&amp;M tem ver\u00e3o plus size e Gisele cantando \/ Rihanna na Vogue Brasil e Miley Cyrus na Elle - Andrea Simonetti","robots":{"index":"index","follow":"follow","max-snippet":"max-snippet:-1","max-image-preview":"max-image-preview:large","max-video-preview":"max-video-preview:-1"},"canonical":"https:\/\/andreasimonetti.com.br\/blog\/fast-news-hm-tem-verao-plus-size-e-gisele-cantando-rihanna-na-vogue-brasil-e-miley-cyrus-na-elle\/","og_locale":"pt_BR","og_type":"article","og_title":"FAST NEWS !! H&amp;M tem ver\u00e3o plus size e Gisele cantando \/ Rihanna na Vogue Brasil e Miley Cyrus na Elle - Andrea Simonetti","og_description":"A moda \u00e9 repleta de estere\u00f3tipos, e alguns s\u00e3o deplor\u00e1veis como a id\u00e9ia de que a mulher bonita tem que ser magra e alta. O problema \u00e9 que esse biotipo&hellip;","og_url":"https:\/\/andreasimonetti.com.br\/blog\/fast-news-hm-tem-verao-plus-size-e-gisele-cantando-rihanna-na-vogue-brasil-e-miley-cyrus-na-elle\/","og_site_name":"Andrea Simonetti","article_publisher":"https:\/\/www.facebook.com\/blogdaandreasimonetti\/","article_author":"https:\/\/www.facebook.com\/blogdaandreasimonetti\/","article_published_time":"2014-04-23T01:30:21+00:00","article_modified_time":"2018-05-25T11:52:57+00:00","og_image":[{"url":"http:\/\/blogdaandreasimonetti.com.br\/wp-content\/uploads\/2014\/04\/PLUSS-SHOW.jpg","type":"","width":"","height":""}],"author":"Andrea Simonetti","twitter_card":"summary_large_image","twitter_creator":"@https:\/\/twitter.com\/Andrea_Simoneti","twitter_site":"@Andrea_Simoneti","twitter_misc":{"Escrito por":"Andrea Simonetti","Est. tempo de leitura":"2 minutos"},"schema":{"@context":"https:\/\/schema.org","@graph":[{"@type":"WebPage","@id":"https:\/\/andreasimonetti.com.br\/blog\/fast-news-hm-tem-verao-plus-size-e-gisele-cantando-rihanna-na-vogue-brasil-e-miley-cyrus-na-elle\/","url":"https:\/\/andreasimonetti.com.br\/blog\/fast-news-hm-tem-verao-plus-size-e-gisele-cantando-rihanna-na-vogue-brasil-e-miley-cyrus-na-elle\/","name":"FAST NEWS !! H&amp;M tem ver\u00e3o plus size e Gisele cantando \/ Rihanna na Vogue Brasil e Miley Cyrus na Elle - Andrea Simonetti","isPartOf":{"@id":"https:\/\/andreasimonetti.com.br\/blog\/#website"},"primaryImageOfPage":{"@id":"https:\/\/andreasimonetti.com.br\/blog\/fast-news-hm-tem-verao-plus-size-e-gisele-cantando-rihanna-na-vogue-brasil-e-miley-cyrus-na-elle\/#primaryimage"},"image":{"@id":"https:\/\/andreasimonetti.com.br\/blog\/fast-news-hm-tem-verao-plus-size-e-gisele-cantando-rihanna-na-vogue-brasil-e-miley-cyrus-na-elle\/#primaryimage"},"thumbnailUrl":"http:\/\/blogdaandreasimonetti.com.br\/wp-content\/uploads\/2014\/04\/PLUSS-SHOW.jpg","datePublished":"2014-04-23T01:30:21+00:00","dateModified":"2018-05-25T11:52:57+00:00","author":{"@id":"https:\/\/andreasimonetti.com.br\/blog\/#\/schema\/person\/254f763c24ac288e27ea738a7366ad2a"},"breadcrumb":{"@id":"https:\/\/andreasimonetti.com.br\/blog\/fast-news-hm-tem-verao-plus-size-e-gisele-cantando-rihanna-na-vogue-brasil-e-miley-cyrus-na-elle\/#breadcrumb"},"inLanguage":"pt-BR","potentialAction":[{"@type":"ReadAction","target":["https:\/\/andreasimonetti.com.br\/blog\/fast-news-hm-tem-verao-plus-size-e-gisele-cantando-rihanna-na-vogue-brasil-e-miley-cyrus-na-elle\/"]}]},{"@type":"ImageObject","inLanguage":"pt-BR","@id":"https:\/\/andreasimonetti.com.br\/blog\/fast-news-hm-tem-verao-plus-size-e-gisele-cantando-rihanna-na-vogue-brasil-e-miley-cyrus-na-elle\/#primaryimage","url":"http:\/\/blogdaandreasimonetti.com.br\/wp-content\/uploads\/2014\/04\/PLUSS-SHOW.jpg","contentUrl":"http:\/\/blogdaandreasimonetti.com.br\/wp-content\/uploads\/2014\/04\/PLUSS-SHOW.jpg"},{"@type":"BreadcrumbList","@id":"https:\/\/andreasimonetti.com.br\/blog\/fast-news-hm-tem-verao-plus-size-e-gisele-cantando-rihanna-na-vogue-brasil-e-miley-cyrus-na-elle\/#breadcrumb","itemListElement":[{"@type":"ListItem","position":1,"name":"In\u00edcio","item":"https:\/\/andreasimonetti.com.br\/blog\/"},{"@type":"ListItem","position":2,"name":"FAST NEWS !! H&amp;M tem ver\u00e3o plus size e Gisele cantando \/ Rihanna na Vogue Brasil e Miley Cyrus na Elle"}]},{"@type":"WebSite","@id":"https:\/\/andreasimonetti.com.br\/blog\/#website","url":"https:\/\/andreasimonetti.com.br\/blog\/","name":"Andrea Simonetti","description":"","potentialAction":[{"@type":"SearchAction","target":{"@type":"EntryPoint","urlTemplate":"https:\/\/andreasimonetti.com.br\/blog\/?s={search_term_string}"},"query-input":{"@type":"PropertyValueSpecification","valueRequired":true,"valueName":"search_term_string"}}],"inLanguage":"pt-BR"},{"@type":"Person","@id":"https:\/\/andreasimonetti.com.br\/blog\/#\/schema\/person\/254f763c24ac288e27ea738a7366ad2a","name":"Andrea Simonetti","image":{"@type":"ImageObject","inLanguage":"pt-BR","@id":"https:\/\/andreasimonetti.com.br\/blog\/#\/schema\/person\/image\/","url":"https:\/\/andreasimonetti.com.br\/blog\/wp-content\/uploads\/2018\/04\/andrea-simonetti-96x96.png","contentUrl":"https:\/\/andreasimonetti.com.br\/blog\/wp-content\/uploads\/2018\/04\/andrea-simonetti-96x96.png","caption":"Andrea Simonetti"},"description":"Sou formada em Administra\u00e7\u00e3o de Empresas, Produ\u00e7\u00e3o de Moda pelo SENAC e Consultoria de Estilo. Sou fascinada por moda desde sempre, adoro ver as pessoas produzidas e de bem com a vida. Moda \u00e9 o meu assunto preferido. Comecei meu blog em 2011, ele cresceu e hoje \u00e9 um site bem mais abrangente, onde eu falo sobre moda e meu trabalho de consultora de estilo. E falo tamb\u00e9m sobre a minha experi\u00eancia de vida. Mas antes de tudo, acredito num Deus Soberano que nos guia e aben\u00e7oa, o tempo todo!","sameAs":["https:\/\/www.andreasimonetti.com.br\/","https:\/\/www.facebook.com\/blogdaandreasimonetti\/","https:\/\/www.instagram.com\/andrea_simonetti\/","https:\/\/br.pinterest.com\/BlogAndrea\/","https:\/\/x.com\/https:\/\/twitter.com\/Andrea_Simoneti"],"url":"https:\/\/andreasimonetti.com.br\/blog\/author\/andrea\/"}]}},"_links":{"self":[{"href":"https:\/\/andreasimonetti.com.br\/blog\/wp-json\/wp\/v2\/posts\/10292","targetHints":{"allow":["GET"]}}],"collection":[{"href":"https:\/\/andreasimonetti.com.br\/blog\/wp-json\/wp\/v2\/posts"}],"about":[{"href":"https:\/\/andreasimonetti.com.br\/blog\/wp-json\/wp\/v2\/types\/post"}],"author":[{"embeddable":true,"href":"https:\/\/andreasimonetti.com.br\/blog\/wp-json\/wp\/v2\/users\/7"}],"replies":[{"embeddable":true,"href":"https:\/\/andreasimonetti.com.br\/blog\/wp-json\/wp\/v2\/comments?post=10292"}],"version-history":[{"count":0,"href":"https:\/\/andreasimonetti.com.br\/blog\/wp-json\/wp\/v2\/posts\/10292\/revisions"}],"wp:attachment":[{"href":"https:\/\/andreasimonetti.com.br\/blog\/wp-json\/wp\/v2\/media?parent=10292"}],"wp:term":[{"taxonomy":"category","embeddable":true,"href":"https:\/\/andreasimonetti.com.br\/blog\/wp-json\/wp\/v2\/categories?post=10292"},{"taxonomy":"post_tag","embeddable":true,"href":"https:\/\/andreasimonetti.com.br\/blog\/wp-json\/wp\/v2\/tags?post=10292"}],"curies":[{"name":"wp","href":"https:\/\/api.w.org\/{rel}","templated":true}]}}