{"id":10073,"date":"2014-04-04T17:00:19","date_gmt":"2014-04-04T20:00:19","guid":{"rendered":"http:\/\/blogdaandreasimonetti.com.br\/?p=10073"},"modified":"2018-05-25T08:52:58","modified_gmt":"2018-05-25T11:52:58","slug":"fast-news-sean-opry-miu-miu-beckham-roberto-cavalli-e-lorde","status":"publish","type":"post","link":"https:\/\/andreasimonetti.com.br\/blog\/fast-news-sean-opry-miu-miu-beckham-roberto-cavalli-e-lorde\/","title":{"rendered":"FAST NEWS !! Sean O&#8217;Pry \/ Miu Miu \/ Beckham \/ Roberto Cavalli e Lorde"},"content":{"rendered":"<p>Sabe o que de mais lindo foi apresentado nas passarelas do SPFW Ver\u00e3o 2015 ? Para muitas mulheres foi Sean O&#8217;Pry, o modelo mais requisitado e bem pago do mundo. Ele desfilou em S\u00e3o Paulo ao lado de Gisele B\u00fcndchen pela Colcci. Que dupla !<\/p>\n<p><a href=\"http:\/\/blogdaandreasimonetti.com.br\/2014\/04\/04\/fast-news-sean-opry-miu-miu-beckham-roberto-cavalli-e-lorde\/sean-opry\/\" rel=\"attachment wp-att-10074\"><img loading=\"lazy\" decoding=\"async\" class=\"alignnone size-full wp-image-10074\" alt=\"sean o'pry\" src=\"http:\/\/blogdaandreasimonetti.com.br\/wp-content\/uploads\/2014\/04\/sean-opry.jpg\" width=\"800\" height=\"533\" srcset=\"https:\/\/andreasimonetti.com.br\/blog\/wp-content\/uploads\/2014\/04\/sean-opry.jpg 800w, https:\/\/andreasimonetti.com.br\/blog\/wp-content\/uploads\/2014\/04\/sean-opry-300x199.jpg 300w\" sizes=\"auto, (max-width: 800px) 100vw, 800px\" \/><\/a><\/p>\n<p>A moda vive um momento de total integra\u00e7\u00e3o com a arte. Os estilistas tem mostrado em suas pe\u00e7as elementos como pinceladas, tra\u00e7os criativos e cores que remetem ao imagin\u00e1rio de pintores e de grafiteiros. Nas Semanas de Moda e nas ruas por todo o mundo, a moda e a arte, unidas, deixam a vida mais bonita. Essa bota &#8216;esprit arty&#8217; \u00e9 da Miu Miu, e custa 980 euros.<\/p>\n<p><a href=\"http:\/\/blogdaandreasimonetti.com.br\/2014\/04\/04\/fast-news-sean-opry-miu-miu-beckham-roberto-cavalli-e-lorde\/bota-miu-miu\/\" rel=\"attachment wp-att-10075\"><img loading=\"lazy\" decoding=\"async\" src=\"http:\/\/blogdaandreasimonetti.com.br\/wp-content\/uploads\/2014\/04\/BOTA-MIU-MIU.jpg\" alt=\"BOTA MIU MIU\" width=\"1024\" height=\"698\" class=\"alignnone size-full wp-image-10075\" srcset=\"https:\/\/andreasimonetti.com.br\/blog\/wp-content\/uploads\/2014\/04\/BOTA-MIU-MIU.jpg 1024w, https:\/\/andreasimonetti.com.br\/blog\/wp-content\/uploads\/2014\/04\/BOTA-MIU-MIU-300x204.jpg 300w\" sizes=\"auto, (max-width: 1024px) 100vw, 1024px\" \/><\/a><\/p>\n<p>David Beckham lan\u00e7ou sua sua cole\u00e7\u00e3o de banho com a gigante H&amp;M. S\u00e3o shorts, bermudas e sungas. As fotos da campanha at\u00e9 agora tem sido mais comentadas do que as pe\u00e7as da cole\u00e7\u00e3o.<\/p>\n<p><a href=\"http:\/\/blogdaandreasimonetti.com.br\/2014\/04\/04\/fast-news-sean-opry-miu-miu-beckham-roberto-cavalli-e-lorde\/david-beckham-hm-swimwear-1-960x640\/\" rel=\"attachment wp-att-10076\"><img loading=\"lazy\" decoding=\"async\" src=\"http:\/\/blogdaandreasimonetti.com.br\/wp-content\/uploads\/2014\/04\/david-beckham-hm-swimwear-1-960x640.jpg\" alt=\"david-beckham-hm-swimwear-1-960x640\" width=\"1024\" height=\"683\" class=\"alignnone size-full wp-image-10076\" srcset=\"https:\/\/andreasimonetti.com.br\/blog\/wp-content\/uploads\/2014\/04\/david-beckham-hm-swimwear-1-960x640.jpg 1024w, https:\/\/andreasimonetti.com.br\/blog\/wp-content\/uploads\/2014\/04\/david-beckham-hm-swimwear-1-960x640-300x200.jpg 300w\" sizes=\"auto, (max-width: 1024px) 100vw, 1024px\" \/><\/a><\/p>\n<p>Roberto Cavalli lan\u00e7ou essa semana uma clutch de couro metalizado que voc\u00ea precisa conhecer. Gostou ?<\/p>\n<p><a href=\"http:\/\/blogdaandreasimonetti.com.br\/2014\/04\/04\/fast-news-sean-opry-miu-miu-beckham-roberto-cavalli-e-lorde\/clutch-roberto-cavalli-metal-leader\/\" rel=\"attachment wp-att-10077\"><img loading=\"lazy\" decoding=\"async\" src=\"http:\/\/blogdaandreasimonetti.com.br\/wp-content\/uploads\/2014\/04\/CLUTCH-ROBERTO-CAVALLI-METAL-LEADER.jpg\" alt=\"CLUTCH ROBERTO CAVALLI METAL LEADER\" width=\"600\" height=\"600\" class=\"alignnone size-full wp-image-10077\" srcset=\"https:\/\/andreasimonetti.com.br\/blog\/wp-content\/uploads\/2014\/04\/CLUTCH-ROBERTO-CAVALLI-METAL-LEADER.jpg 600w, https:\/\/andreasimonetti.com.br\/blog\/wp-content\/uploads\/2014\/04\/CLUTCH-ROBERTO-CAVALLI-METAL-LEADER-150x150.jpg 150w, https:\/\/andreasimonetti.com.br\/blog\/wp-content\/uploads\/2014\/04\/CLUTCH-ROBERTO-CAVALLI-METAL-LEADER-300x300.jpg 300w\" sizes=\"auto, (max-width: 600px) 100vw, 600px\" \/><\/a><\/p>\n<p>A cantora Lorde, mega sucesso mundial, \u00e9 a capa da revista canadense Fashion, edi\u00e7\u00e3o de maio. Com apenas 16 anos de idade, Lorde diz que se preocupa em passar uma imagem real para suas fans, que muitas vezes se iludem com o estilo perfeito inspirado por muito \u00eddolos jovens. Na capa ela aparece linda com um vestido Dolce Gabbana.<\/p>\n<p><a href=\"http:\/\/blogdaandreasimonetti.com.br\/2014\/04\/04\/fast-news-sean-opry-miu-miu-beckham-roberto-cavalli-e-lorde\/lorde-cantora\/\" rel=\"attachment wp-att-10078\"><img loading=\"lazy\" decoding=\"async\" src=\"http:\/\/blogdaandreasimonetti.com.br\/wp-content\/uploads\/2014\/04\/LORDE-CANTORA.jpg\" alt=\"LORDE CANTORA\" width=\"634\" height=\"865\" class=\"alignnone size-full wp-image-10078\" srcset=\"https:\/\/andreasimonetti.com.br\/blog\/wp-content\/uploads\/2014\/04\/LORDE-CANTORA.jpg 634w, https:\/\/andreasimonetti.com.br\/blog\/wp-content\/uploads\/2014\/04\/LORDE-CANTORA-219x300.jpg 219w\" sizes=\"auto, (max-width: 634px) 100vw, 634px\" \/><\/a><\/p>\n","protected":false},"excerpt":{"rendered":"<p>Sabe o que de mais lindo foi apresentado nas passarelas do SPFW Ver\u00e3o 2015 ? Para muitas mulheres foi Sean O&#8217;Pry, o modelo mais requisitado e bem pago do mundo.&hellip;<\/p>\n","protected":false},"author":7,"featured_media":0,"comment_status":"open","ping_status":"open","sticky":false,"template":"","format":"standard","meta":{"_monsterinsights_skip_tracking":false,"_monsterinsights_sitenote_active":false,"_monsterinsights_sitenote_note":"","_monsterinsights_sitenote_category":0,"footnotes":""},"categories":[1508],"tags":[1506,1507,1504,1149,1505,1090,2316,1040,1503,1046],"class_list":["post-10073","post","type-post","status-publish","format-standard","hentry","category-destaque","tag-arte","tag-clutche","tag-david-beckham","tag-hm","tag-lorde","tag-miu-miu","tag-moda","tag-roberto-cavalli","tag-sean-opry","tag-spfw"],"yoast_head":"<!-- This site is optimized with the Yoast SEO plugin v26.3 - https:\/\/yoast.com\/wordpress\/plugins\/seo\/ -->\n<title>FAST NEWS !! Sean O&#039;Pry \/ Miu Miu \/ Beckham \/ Roberto Cavalli e Lorde - Andrea Simonetti<\/title>\n<meta name=\"robots\" content=\"index, follow, max-snippet:-1, max-image-preview:large, max-video-preview:-1\" \/>\n<link rel=\"canonical\" href=\"https:\/\/andreasimonetti.com.br\/blog\/fast-news-sean-opry-miu-miu-beckham-roberto-cavalli-e-lorde\/\" \/>\n<meta property=\"og:locale\" content=\"pt_BR\" \/>\n<meta property=\"og:type\" content=\"article\" \/>\n<meta property=\"og:title\" content=\"FAST NEWS !! Sean O&#039;Pry \/ Miu Miu \/ Beckham \/ Roberto Cavalli e Lorde - Andrea Simonetti\" \/>\n<meta property=\"og:description\" content=\"Sabe o que de mais lindo foi apresentado nas passarelas do SPFW Ver\u00e3o 2015 ? Para muitas mulheres foi Sean O&#8217;Pry, o modelo mais requisitado e bem pago do mundo.&hellip;\" \/>\n<meta property=\"og:url\" content=\"https:\/\/andreasimonetti.com.br\/blog\/fast-news-sean-opry-miu-miu-beckham-roberto-cavalli-e-lorde\/\" \/>\n<meta property=\"og:site_name\" content=\"Andrea Simonetti\" \/>\n<meta property=\"article:publisher\" content=\"https:\/\/www.facebook.com\/blogdaandreasimonetti\/\" \/>\n<meta property=\"article:author\" content=\"https:\/\/www.facebook.com\/blogdaandreasimonetti\/\" \/>\n<meta property=\"article:published_time\" content=\"2014-04-04T20:00:19+00:00\" \/>\n<meta property=\"article:modified_time\" content=\"2018-05-25T11:52:58+00:00\" \/>\n<meta property=\"og:image\" content=\"http:\/\/blogdaandreasimonetti.com.br\/wp-content\/uploads\/2014\/04\/sean-opry.jpg\" \/>\n<meta name=\"author\" content=\"Andrea Simonetti\" \/>\n<meta name=\"twitter:card\" content=\"summary_large_image\" \/>\n<meta name=\"twitter:creator\" content=\"@https:\/\/twitter.com\/Andrea_Simoneti\" \/>\n<meta name=\"twitter:site\" content=\"@Andrea_Simoneti\" \/>\n<meta name=\"twitter:label1\" content=\"Escrito por\" \/>\n\t<meta name=\"twitter:data1\" content=\"Andrea Simonetti\" \/>\n\t<meta name=\"twitter:label2\" content=\"Est. tempo de leitura\" \/>\n\t<meta name=\"twitter:data2\" content=\"1 minuto\" \/>\n<!-- \/ Yoast SEO plugin. -->","yoast_head_json":{"title":"FAST NEWS !! Sean O'Pry \/ Miu Miu \/ Beckham \/ Roberto Cavalli e Lorde - Andrea Simonetti","robots":{"index":"index","follow":"follow","max-snippet":"max-snippet:-1","max-image-preview":"max-image-preview:large","max-video-preview":"max-video-preview:-1"},"canonical":"https:\/\/andreasimonetti.com.br\/blog\/fast-news-sean-opry-miu-miu-beckham-roberto-cavalli-e-lorde\/","og_locale":"pt_BR","og_type":"article","og_title":"FAST NEWS !! Sean O'Pry \/ Miu Miu \/ Beckham \/ Roberto Cavalli e Lorde - Andrea Simonetti","og_description":"Sabe o que de mais lindo foi apresentado nas passarelas do SPFW Ver\u00e3o 2015 ? Para muitas mulheres foi Sean O&#8217;Pry, o modelo mais requisitado e bem pago do mundo.&hellip;","og_url":"https:\/\/andreasimonetti.com.br\/blog\/fast-news-sean-opry-miu-miu-beckham-roberto-cavalli-e-lorde\/","og_site_name":"Andrea Simonetti","article_publisher":"https:\/\/www.facebook.com\/blogdaandreasimonetti\/","article_author":"https:\/\/www.facebook.com\/blogdaandreasimonetti\/","article_published_time":"2014-04-04T20:00:19+00:00","article_modified_time":"2018-05-25T11:52:58+00:00","og_image":[{"url":"http:\/\/blogdaandreasimonetti.com.br\/wp-content\/uploads\/2014\/04\/sean-opry.jpg","type":"","width":"","height":""}],"author":"Andrea Simonetti","twitter_card":"summary_large_image","twitter_creator":"@https:\/\/twitter.com\/Andrea_Simoneti","twitter_site":"@Andrea_Simoneti","twitter_misc":{"Escrito por":"Andrea Simonetti","Est. tempo de leitura":"1 minuto"},"schema":{"@context":"https:\/\/schema.org","@graph":[{"@type":"WebPage","@id":"https:\/\/andreasimonetti.com.br\/blog\/fast-news-sean-opry-miu-miu-beckham-roberto-cavalli-e-lorde\/","url":"https:\/\/andreasimonetti.com.br\/blog\/fast-news-sean-opry-miu-miu-beckham-roberto-cavalli-e-lorde\/","name":"FAST NEWS !! Sean O'Pry \/ Miu Miu \/ Beckham \/ Roberto Cavalli e Lorde - Andrea Simonetti","isPartOf":{"@id":"https:\/\/andreasimonetti.com.br\/blog\/#website"},"primaryImageOfPage":{"@id":"https:\/\/andreasimonetti.com.br\/blog\/fast-news-sean-opry-miu-miu-beckham-roberto-cavalli-e-lorde\/#primaryimage"},"image":{"@id":"https:\/\/andreasimonetti.com.br\/blog\/fast-news-sean-opry-miu-miu-beckham-roberto-cavalli-e-lorde\/#primaryimage"},"thumbnailUrl":"http:\/\/blogdaandreasimonetti.com.br\/wp-content\/uploads\/2014\/04\/sean-opry.jpg","datePublished":"2014-04-04T20:00:19+00:00","dateModified":"2018-05-25T11:52:58+00:00","author":{"@id":"https:\/\/andreasimonetti.com.br\/blog\/#\/schema\/person\/254f763c24ac288e27ea738a7366ad2a"},"breadcrumb":{"@id":"https:\/\/andreasimonetti.com.br\/blog\/fast-news-sean-opry-miu-miu-beckham-roberto-cavalli-e-lorde\/#breadcrumb"},"inLanguage":"pt-BR","potentialAction":[{"@type":"ReadAction","target":["https:\/\/andreasimonetti.com.br\/blog\/fast-news-sean-opry-miu-miu-beckham-roberto-cavalli-e-lorde\/"]}]},{"@type":"ImageObject","inLanguage":"pt-BR","@id":"https:\/\/andreasimonetti.com.br\/blog\/fast-news-sean-opry-miu-miu-beckham-roberto-cavalli-e-lorde\/#primaryimage","url":"http:\/\/blogdaandreasimonetti.com.br\/wp-content\/uploads\/2014\/04\/sean-opry.jpg","contentUrl":"http:\/\/blogdaandreasimonetti.com.br\/wp-content\/uploads\/2014\/04\/sean-opry.jpg"},{"@type":"BreadcrumbList","@id":"https:\/\/andreasimonetti.com.br\/blog\/fast-news-sean-opry-miu-miu-beckham-roberto-cavalli-e-lorde\/#breadcrumb","itemListElement":[{"@type":"ListItem","position":1,"name":"In\u00edcio","item":"https:\/\/andreasimonetti.com.br\/blog\/"},{"@type":"ListItem","position":2,"name":"FAST NEWS !! Sean O&#8217;Pry \/ Miu Miu \/ Beckham \/ Roberto Cavalli e Lorde"}]},{"@type":"WebSite","@id":"https:\/\/andreasimonetti.com.br\/blog\/#website","url":"https:\/\/andreasimonetti.com.br\/blog\/","name":"Andrea Simonetti","description":"","potentialAction":[{"@type":"SearchAction","target":{"@type":"EntryPoint","urlTemplate":"https:\/\/andreasimonetti.com.br\/blog\/?s={search_term_string}"},"query-input":{"@type":"PropertyValueSpecification","valueRequired":true,"valueName":"search_term_string"}}],"inLanguage":"pt-BR"},{"@type":"Person","@id":"https:\/\/andreasimonetti.com.br\/blog\/#\/schema\/person\/254f763c24ac288e27ea738a7366ad2a","name":"Andrea Simonetti","image":{"@type":"ImageObject","inLanguage":"pt-BR","@id":"https:\/\/andreasimonetti.com.br\/blog\/#\/schema\/person\/image\/","url":"https:\/\/andreasimonetti.com.br\/blog\/wp-content\/uploads\/2018\/04\/andrea-simonetti-96x96.png","contentUrl":"https:\/\/andreasimonetti.com.br\/blog\/wp-content\/uploads\/2018\/04\/andrea-simonetti-96x96.png","caption":"Andrea Simonetti"},"description":"Sou formada em Administra\u00e7\u00e3o de Empresas, Produ\u00e7\u00e3o de Moda pelo SENAC e Consultoria de Estilo. Sou fascinada por moda desde sempre, adoro ver as pessoas produzidas e de bem com a vida. Moda \u00e9 o meu assunto preferido. Comecei meu blog em 2011, ele cresceu e hoje \u00e9 um site bem mais abrangente, onde eu falo sobre moda e meu trabalho de consultora de estilo. E falo tamb\u00e9m sobre a minha experi\u00eancia de vida. Mas antes de tudo, acredito num Deus Soberano que nos guia e aben\u00e7oa, o tempo todo!","sameAs":["https:\/\/www.andreasimonetti.com.br\/","https:\/\/www.facebook.com\/blogdaandreasimonetti\/","https:\/\/www.instagram.com\/andrea_simonetti\/","https:\/\/br.pinterest.com\/BlogAndrea\/","https:\/\/x.com\/https:\/\/twitter.com\/Andrea_Simoneti"],"url":"https:\/\/andreasimonetti.com.br\/blog\/author\/andrea\/"}]}},"_links":{"self":[{"href":"https:\/\/andreasimonetti.com.br\/blog\/wp-json\/wp\/v2\/posts\/10073","targetHints":{"allow":["GET"]}}],"collection":[{"href":"https:\/\/andreasimonetti.com.br\/blog\/wp-json\/wp\/v2\/posts"}],"about":[{"href":"https:\/\/andreasimonetti.com.br\/blog\/wp-json\/wp\/v2\/types\/post"}],"author":[{"embeddable":true,"href":"https:\/\/andreasimonetti.com.br\/blog\/wp-json\/wp\/v2\/users\/7"}],"replies":[{"embeddable":true,"href":"https:\/\/andreasimonetti.com.br\/blog\/wp-json\/wp\/v2\/comments?post=10073"}],"version-history":[{"count":0,"href":"https:\/\/andreasimonetti.com.br\/blog\/wp-json\/wp\/v2\/posts\/10073\/revisions"}],"wp:attachment":[{"href":"https:\/\/andreasimonetti.com.br\/blog\/wp-json\/wp\/v2\/media?parent=10073"}],"wp:term":[{"taxonomy":"category","embeddable":true,"href":"https:\/\/andreasimonetti.com.br\/blog\/wp-json\/wp\/v2\/categories?post=10073"},{"taxonomy":"post_tag","embeddable":true,"href":"https:\/\/andreasimonetti.com.br\/blog\/wp-json\/wp\/v2\/tags?post=10073"}],"curies":[{"name":"wp","href":"https:\/\/api.w.org\/{rel}","templated":true}]}}